{"id":37668,"date":"2024-10-05T08:28:27","date_gmt":"2024-10-05T11:28:27","guid":{"rendered":"https:\/\/blogdojuniorcavalcanti.com.br\/?p=37668"},"modified":"2024-10-05T08:28:27","modified_gmt":"2024-10-05T11:28:27","slug":"tre-pe-homologa-candidatura-de-alberico-rocha-a-prefeitura-de-iguaracy","status":"publish","type":"post","link":"https:\/\/blogdojuniorcavalcanti.com.br\/index.php\/2024\/10\/05\/tre-pe-homologa-candidatura-de-alberico-rocha-a-prefeitura-de-iguaracy\/","title":{"rendered":"TRE-PE homologa candidatura de Alb\u00e9rico Rocha \u00e0 Prefeitura de Iguaracy"},"content":{"rendered":"<p style=\"text-align: justify;\"><span style=\"font-size: 14pt;\"><img fetchpriority=\"high\" decoding=\"async\" class=\"alignleft wp-image-291685 jetpack-lazy-image jetpack-lazy-image--handled\" src=\"https:\/\/i0.wp.com\/nilljunior.com.br\/wp-content\/uploads\/2024\/09\/AlbericoRocha-25-09-24.jpeg?resize=400%2C447&amp;ssl=1\" sizes=\"(max-width: 400px) 100vw, 400px\" srcset=\"https:\/\/i0.wp.com\/nilljunior.com.br\/wp-content\/uploads\/2024\/09\/AlbericoRocha-25-09-24.jpeg?w=1432&amp;ssl=1 1432w, https:\/\/i0.wp.com\/nilljunior.com.br\/wp-content\/uploads\/2024\/09\/AlbericoRocha-25-09-24.jpeg?resize=224%2C250&amp;ssl=1 224w, https:\/\/i0.wp.com\/nilljunior.com.br\/wp-content\/uploads\/2024\/09\/AlbericoRocha-25-09-24.jpeg?resize=768%2C858&amp;ssl=1 768w, https:\/\/i0.wp.com\/nilljunior.com.br\/wp-content\/uploads\/2024\/09\/AlbericoRocha-25-09-24.jpeg?resize=358%2C400&amp;ssl=1 358w\" alt=\"\" width=\"400\" height=\"447\" data-attachment-id=\"291685\" data-permalink=\"https:\/\/nilljunior.com.br\/alberico-diz-que-candidatura-nao-sofrera-reves-juridico-acusacoes-infundadas\/albericorocha-25-09-24\/\" data-orig-file=\"https:\/\/i0.wp.com\/nilljunior.com.br\/wp-content\/uploads\/2024\/09\/AlbericoRocha-25-09-24.jpeg?fit=1432%2C1600&amp;ssl=1\" data-orig-size=\"1432,1600\" data-comments-opened=\"1\" data-image-meta=\"{&quot;aperture&quot;:&quot;0&quot;,&quot;credit&quot;:&quot;&quot;,&quot;camera&quot;:&quot;&quot;,&quot;caption&quot;:&quot;&quot;,&quot;created_timestamp&quot;:&quot;0&quot;,&quot;copyright&quot;:&quot;&quot;,&quot;focal_length&quot;:&quot;0&quot;,&quot;iso&quot;:&quot;0&quot;,&quot;shutter_speed&quot;:&quot;0&quot;,&quot;title&quot;:&quot;&quot;,&quot;orientation&quot;:&quot;0&quot;}\" data-image-title=\"AlbericoRocha-25-09-24\" data-image-description=\"\" data-medium-file=\"https:\/\/i0.wp.com\/nilljunior.com.br\/wp-content\/uploads\/2024\/09\/AlbericoRocha-25-09-24.jpeg?fit=224%2C250&amp;ssl=1\" data-large-file=\"https:\/\/i0.wp.com\/nilljunior.com.br\/wp-content\/uploads\/2024\/09\/AlbericoRocha-25-09-24.jpeg?fit=358%2C400&amp;ssl=1\" data-recalc-dims=\"1\" data-lazy-loaded=\"1\" \/><span style=\"font-family: arial, helvetica, sans-serif;\">Nesta sexta-feira (4), o Tribunal Regional Eleitoral de Pernambuco (TRE-PE) decidiu, por maioria, homologar a candidatura de Alb\u00e9rico Rocha (PSB) para a Prefeitura de Iguaracy. A decis\u00e3o encerra um processo que se arrastava desde o final de setembro, colocando fim \u00e0 incerteza sobre a elegibilidade de Alb\u00e9rico nas elei\u00e7\u00f5es municipais.<\/span><\/span><\/p>\n<p style=\"text-align: justify;\"><span style=\"font-size: 14pt; font-family: arial, helvetica, sans-serif;\">A decis\u00e3o foi anunciada com o seguinte trecho: \u201cAcordam os membros do Tribunal Regional Eleitoral de Pernambuco (TRE-PE), por maioria, negar provimento ao recurso nos termos do voto divergente do desembargador Rodrigo Cahu Beltr\u00e3o\u201d, indicando que a maioria dos magistrados optou por manter a candidatura de Alb\u00e9rico Rocha, apesar da impugna\u00e7\u00e3o movida pelo Minist\u00e9rio P\u00fablico Eleitoral.<\/span><\/p>\n<p style=\"text-align: justify;\"><span style=\"font-size: 14pt; font-family: arial, helvetica, sans-serif;\"><b>Entenda o caso<\/b><\/span><\/p>\n<p style=\"text-align: justify;\"><span style=\"font-size: 14pt; font-family: arial, helvetica, sans-serif;\">No dia 24 de setembro, o TRE-PE iniciou o julgamento do recurso apresentado pelo Minist\u00e9rio P\u00fablico Eleitoral, que visava impugnar a candidatura de Alb\u00e9rico Rocha. A contesta\u00e7\u00e3o baseava-se na rejei\u00e7\u00e3o das contas do candidato pelo Tribunal de Contas da Uni\u00e3o (TCU), especificamente relacionadas ao Conv\u00eanio 172\/2008-SESAN, que teria resultado em dano ao er\u00e1rio p\u00fablico.<\/span><\/p>\n<p style=\"text-align: justify;\"><span style=\"font-size: 14pt; font-family: arial, helvetica, sans-serif;\">O relator do processo, Desembargador Eleitoral Rog\u00e9rio de Meneses Fialho Moreira, deu parecer favor\u00e1vel ao recurso, recomendando a inelegibilidade de Alb\u00e9rico. De acordo com o relator, a condena\u00e7\u00e3o definitiva pelo TCU, j\u00e1 transitada em julgado, representava um impedimento legal \u00e0 candidatura, conforme a legisla\u00e7\u00e3o eleitoral.<\/span><\/p>\n<p style=\"text-align: justify;\"><span style=\"font-size: 14pt; font-family: arial, helvetica, sans-serif;\">No entanto, o julgamento foi interrompido ap\u00f3s o pedido de vista do Desembargador Eleitoral Rodrigo Cahu Beltr\u00e3o, que solicitou mais tempo para analisar o caso antes de emitir seu voto. Este pedido abriu margem para um reexame detalhado das alega\u00e7\u00f5es e dos fundamentos jur\u00eddicos que envolviam o caso.<\/span><\/p>\n<p style=\"text-align: justify;\"><span style=\"font-size: 14pt; font-family: arial, helvetica, sans-serif;\">Com o voto divergente de Beltr\u00e3o, o Tribunal decidiu, por maioria, negar o provimento ao recurso e, assim, garantir o registro de candidatura de Alb\u00e9rico Rocha, permitindo que ele continue na disputa pela Prefeitura de Iguaracy.<\/span><\/p>\n","protected":false},"excerpt":{"rendered":"<p>Nesta sexta-feira (4), o Tribunal Regional Eleitoral de Pernambuco (TRE-PE) decidiu, por maioria, homologar a candidatura de Alb&eacute;rico Rocha (PSB) para a Prefeitura de Iguaracy. A decis&atilde;o encerra um processo que se arrastava desde o final de setembro, colocando fim &agrave; incerteza sobre a elegibilidade de Alb&eacute;rico nas elei&ccedil;&otilde;es municipais. A decis&atilde;o foi anunciada com o seguinte trecho: &ldquo;Acordam os membros do Tribunal Regional Eleitoral de Pernambuco (TRE-PE), por maioria, negar provimento ao recurso nos termos do voto divergente do desembargador Rodrigo Cahu Beltr&atilde;o&rdquo;, indicando que a maioria dos magistrados optou por manter a candidatura de Alb&eacute;rico Rocha, apesar da &#8230; <\/p>\n<p class=\"read-more-container\"><a title=\"TRE-PE homologa candidatura de Alb\u00e9rico Rocha \u00e0 Prefeitura de Iguaracy\" class=\"read-more button\" href=\"https:\/\/blogdojuniorcavalcanti.com.br\/index.php\/2024\/10\/05\/tre-pe-homologa-candidatura-de-alberico-rocha-a-prefeitura-de-iguaracy\/#more-37668\" aria-label=\"More on TRE-PE homologa candidatura de Alb\u00e9rico Rocha \u00e0 Prefeitura de Iguaracy\">Leia mais<\/a><\/p>\n","protected":false},"author":2,"featured_media":0,"comment_status":"open","ping_status":"open","sticky":false,"template":"","format":"standard","meta":{"footnotes":""},"categories":[26],"tags":[],"class_list":["post-37668","post","type-post","status-publish","format-standard","hentry","category-noticias"],"_links":{"self":[{"href":"https:\/\/blogdojuniorcavalcanti.com.br\/index.php\/wp-json\/wp\/v2\/posts\/37668","targetHints":{"allow":["GET"]}}],"collection":[{"href":"https:\/\/blogdojuniorcavalcanti.com.br\/index.php\/wp-json\/wp\/v2\/posts"}],"about":[{"href":"https:\/\/blogdojuniorcavalcanti.com.br\/index.php\/wp-json\/wp\/v2\/types\/post"}],"author":[{"embeddable":true,"href":"https:\/\/blogdojuniorcavalcanti.com.br\/index.php\/wp-json\/wp\/v2\/users\/2"}],"replies":[{"embeddable":true,"href":"https:\/\/blogdojuniorcavalcanti.com.br\/index.php\/wp-json\/wp\/v2\/comments?post=37668"}],"version-history":[{"count":1,"href":"https:\/\/blogdojuniorcavalcanti.com.br\/index.php\/wp-json\/wp\/v2\/posts\/37668\/revisions"}],"predecessor-version":[{"id":37669,"href":"https:\/\/blogdojuniorcavalcanti.com.br\/index.php\/wp-json\/wp\/v2\/posts\/37668\/revisions\/37669"}],"wp:attachment":[{"href":"https:\/\/blogdojuniorcavalcanti.com.br\/index.php\/wp-json\/wp\/v2\/media?parent=37668"}],"wp:term":[{"taxonomy":"category","embeddable":true,"href":"https:\/\/blogdojuniorcavalcanti.com.br\/index.php\/wp-json\/wp\/v2\/categories?post=37668"},{"taxonomy":"post_tag","embeddable":true,"href":"https:\/\/blogdojuniorcavalcanti.com.br\/index.php\/wp-json\/wp\/v2\/tags?post=37668"}],"curies":[{"name":"wp","href":"https:\/\/api.w.org\/{rel}","templated":true}]}}