{"id":38022,"date":"2024-10-19T09:29:36","date_gmt":"2024-10-19T12:29:36","guid":{"rendered":"https:\/\/blogdojuniorcavalcanti.com.br\/?p=38022"},"modified":"2024-10-19T09:29:54","modified_gmt":"2024-10-19T12:29:54","slug":"apac-preve-mais-chuvas-e-trovoadas-no-sertao-pernambucano","status":"publish","type":"post","link":"https:\/\/blogdojuniorcavalcanti.com.br\/index.php\/2024\/10\/19\/apac-preve-mais-chuvas-e-trovoadas-no-sertao-pernambucano\/","title":{"rendered":"APAC prev\u00ea mais chuvas e trovoadas no Sert\u00e3o pernambucano"},"content":{"rendered":"<p><img fetchpriority=\"high\" decoding=\"async\" class=\"attachment-post-thumbnail wp-post-image aligncenter\" src=\"https:\/\/i0.wp.com\/afogadosfm.com.br\/afogadosfm\/wp-content\/uploads\/2019\/12\/chuvas.jpg?resize=768%2C427&amp;ssl=1\" sizes=\"(max-width: 768px) 100vw, 768px\" srcset=\"https:\/\/i0.wp.com\/afogadosfm.com.br\/afogadosfm\/wp-content\/uploads\/2019\/12\/chuvas.jpg?w=768&amp;ssl=1 768w, https:\/\/i0.wp.com\/afogadosfm.com.br\/afogadosfm\/wp-content\/uploads\/2019\/12\/chuvas.jpg?resize=300%2C167&amp;ssl=1 300w\" alt=\"\" width=\"606\" height=\"337\" \/><\/p>\n<p style=\"text-align: justify;\">Fortes chuvas t\u00eam castigado a regi\u00e3o do Sert\u00e3o Pernambucano nas \u00faltimas horas. Em Petrolina, por exemplo, maior cidade pernambucana na macrorregi\u00e3o, 120 mil\u00edmetros de chuva est\u00e3o acumulados nas \u00faltimas 12 horas, segundo a Ag\u00eancia Pernambucana de \u00c1guas e Climas (APAC).<\/p>\n<p style=\"text-align: justify;\">A previs\u00e3o do tempo para a \u00e1rea, segundo a APAC, \u00e9 de c\u00e9u nublado a parcialmente nublado, com chuva e trovoada de forma isolada ao longo do dia, com intensidade moderada a forte. Os ventos na regi\u00e3o est\u00e3o previstos de moderados a fortes.<\/p>\n<p style=\"text-align: justify;\">De acordo com o monitoramento meteorol\u00f3gico da corpora\u00e7\u00e3o, as cidades de Parnamirim, Lagoa Grande e Oroc\u00f3 tamb\u00e9m est\u00e3o entre as cidades com mais ac\u00famulo de chuva de ontem para hoje (18).<\/p>\n<p style=\"text-align: justify;\">O Instituto Nacional de Meteorologia (Inmet), emitiu um alerta de chuvas intensas, entre as regi\u00f5es afetadas, est\u00e3o listados o S\u00e3o Francisco pernambucano e o Sert\u00e3o pernambucano. Os riscos potenciais informados pelo Inmet s\u00e3o de chuva entre 20 e 30 mm\/h ou at\u00e9 50 mm\/dia, e ventos intensos (40-60 km\/h).<\/p>\n<p style=\"text-align: justify;\">A corpora\u00e7\u00e3o tamb\u00e9m divulgou orienta\u00e7\u00f5es para a situa\u00e7\u00e3o:<\/p>\n<p style=\"text-align: justify;\">Em caso de rajadas de vento: (n\u00e3o se abrigue debaixo de \u00e1rvores, pois h\u00e1 leve risco de queda e descargas el\u00e9tricas e n\u00e3o estacione ve\u00edculos pr\u00f3ximos a torres de transmiss\u00e3o e placas de propaganda);<\/p>\n<p style=\"text-align: justify;\">Evite usar aparelhos eletr\u00f4nicos ligados \u00e0 tomada;<br \/>\nObtenha mais informa\u00e7\u00f5es junto \u00e0 Defesa Civil (telefone 199) e ao Corpo de Bombeiros (telefone 193).<\/p>\n<p style=\"text-align: justify;\">Em fun\u00e7\u00e3o do grande volume de chuvas na regi\u00e3o, a Neoenergia Pernambuco duplicou o n\u00famero de equipes em campo atuando nas duas regi\u00f5es. De acordo com a empresa, o Centro de Opera\u00e7\u00f5es Integradas recebeu um acr\u00e9scimo de 100% no n\u00famero de pessoas em regime de plant\u00e3o.<!--more--><\/p>\n<p style=\"text-align: justify;\">Os t\u00e9cnicos da concession\u00e1ria seguir\u00e3o em esquema de refor\u00e7o nas ruas at\u00e9 que todas as solicita\u00e7\u00f5es emergenciais registradas pelos clientes sejam atendidas.<\/p>\n<p style=\"text-align: justify;\">A corpora\u00e7\u00e3o ressalta que mesmo com o dobro de equipes nas ruas e em toda a \u00e1rea rural, a dificuldade de acesso \u00e0s ocorr\u00eancias t\u00eam impactado diretamente o tempo de espera dos clientes pelo atendimento. Em alguns locais, os ve\u00edculos e caminh\u00f5es n\u00e3o conseguem passar devido aos alagamentos e \u00e0s estradas com muita lama.<\/p>\n<p style=\"text-align: justify;\">A Neoenergia Pernambuco solicita que os clientes informem poss\u00edveis ocorr\u00eancias pelo WhatsApp (81) 3217.6990 ou pela central de atendimento, por meio do n\u00famero 116. O cliente precisa informar o n\u00famero de sua conta contrato para facilitar o atendimento da ocorr\u00eancia. As solicita\u00e7\u00f5es tamb\u00e9m poder\u00e3o ser feitas pela ag\u00eancia virtual, na p\u00e1gina de servi\u00e7os do site www.neoenergia.com, ou pelo aplicativo Neoenergia Pernambuco, dispon\u00edvel para Android e IOS.<\/p>\n<p style=\"text-align: justify;\"><strong>A Neoenergia tamb\u00e9m compartilhou algumas recomenda\u00e7\u00f5es de seguran\u00e7a, confira:<\/strong><\/p>\n<p style=\"text-align: justify;\">N\u00e3o ligar equipamentos el\u00e9tricos se voc\u00ea estiver molhado ou descal\u00e7o;<br \/>\nDesconectar das tomadas os aparelhos eletr\u00f4nicos que n\u00e3o estiverem sendo usados;<br \/>\nEvitar o contato caso as paredes da casa\/edifica\u00e7\u00e3o estejam \u00famidas e n\u00e3o ligue equipamentos el\u00e9tricos em tomadas instaladas em paredes \u00famidas, elas s\u00e3o potenciais fontes de choques e mau funcionamento de equipamentos;<br \/>\nEvitar ficar em \u00e1reas descampadas (abertas) como campos de futebol, piscina, lagos, lagoas, praias, \u00e1rvores, postes, mastros e locais elevados. Recomenda-se ficar dentro de casa ou em local abrigado durante a chuva;<br \/>\nProcurar n\u00e3o ficar sob as \u00e1rvores e\/ou estruturas met\u00e1licas durante temporais com raios e, em casa, evite o contato com objetos com estrutura met\u00e1lica como fog\u00e3o ou canos, sobretudo se a casa estiver em campo aberto;<br \/>\nN\u00e3o realizar servi\u00e7os em locais onde o risco de exposi\u00e7\u00e3o aos raios seja maior, a exemplo de instala\u00e7\u00e3o ou manuten\u00e7\u00e3o de antenas de TV;<br \/>\nS\u00f3 instalar, desligar ou remover antenas se o tempo estiver bom. Se sua antena cair sobre a rede ou pr\u00f3ximo a ela, nunca tente segur\u00e1-la ou recuper\u00e1-la;<br \/>\nNo caso de encontrar um fio ca\u00eddo, jamais se aproxime, e ligue imediatamente para a Neoenergia pela central gratuita 116.<\/p>\n","protected":false},"excerpt":{"rendered":"<p>Fortes chuvas t&ecirc;m castigado a regi&atilde;o do Sert&atilde;o Pernambucano nas &uacute;ltimas horas. Em Petrolina, por exemplo, maior cidade pernambucana na macrorregi&atilde;o, 120 mil&iacute;metros de chuva est&atilde;o acumulados nas &uacute;ltimas 12 horas, segundo a Ag&ecirc;ncia Pernambucana de &Aacute;guas e Climas (APAC). A previs&atilde;o do tempo para a &aacute;rea, segundo a APAC, &eacute; de c&eacute;u nublado a parcialmente nublado, com chuva e trovoada de forma isolada ao longo do dia, com intensidade moderada a forte. Os ventos na regi&atilde;o est&atilde;o previstos de moderados a fortes. De acordo com o monitoramento meteorol&oacute;gico da corpora&ccedil;&atilde;o, as cidades de Parnamirim, Lagoa Grande e Oroc&oacute; tamb&eacute;m &#8230; <\/p>\n<p class=\"read-more-container\"><a title=\"APAC prev\u00ea mais chuvas e trovoadas no Sert\u00e3o pernambucano\" class=\"read-more button\" href=\"https:\/\/blogdojuniorcavalcanti.com.br\/index.php\/2024\/10\/19\/apac-preve-mais-chuvas-e-trovoadas-no-sertao-pernambucano\/#more-38022\" aria-label=\"More on APAC prev\u00ea mais chuvas e trovoadas no Sert\u00e3o pernambucano\">Leia mais<\/a><\/p>\n","protected":false},"author":1,"featured_media":0,"comment_status":"open","ping_status":"open","sticky":false,"template":"","format":"standard","meta":{"footnotes":""},"categories":[30],"tags":[],"class_list":["post-38022","post","type-post","status-publish","format-standard","hentry","category-regional"],"_links":{"self":[{"href":"https:\/\/blogdojuniorcavalcanti.com.br\/index.php\/wp-json\/wp\/v2\/posts\/38022","targetHints":{"allow":["GET"]}}],"collection":[{"href":"https:\/\/blogdojuniorcavalcanti.com.br\/index.php\/wp-json\/wp\/v2\/posts"}],"about":[{"href":"https:\/\/blogdojuniorcavalcanti.com.br\/index.php\/wp-json\/wp\/v2\/types\/post"}],"author":[{"embeddable":true,"href":"https:\/\/blogdojuniorcavalcanti.com.br\/index.php\/wp-json\/wp\/v2\/users\/1"}],"replies":[{"embeddable":true,"href":"https:\/\/blogdojuniorcavalcanti.com.br\/index.php\/wp-json\/wp\/v2\/comments?post=38022"}],"version-history":[{"count":2,"href":"https:\/\/blogdojuniorcavalcanti.com.br\/index.php\/wp-json\/wp\/v2\/posts\/38022\/revisions"}],"predecessor-version":[{"id":38024,"href":"https:\/\/blogdojuniorcavalcanti.com.br\/index.php\/wp-json\/wp\/v2\/posts\/38022\/revisions\/38024"}],"wp:attachment":[{"href":"https:\/\/blogdojuniorcavalcanti.com.br\/index.php\/wp-json\/wp\/v2\/media?parent=38022"}],"wp:term":[{"taxonomy":"category","embeddable":true,"href":"https:\/\/blogdojuniorcavalcanti.com.br\/index.php\/wp-json\/wp\/v2\/categories?post=38022"},{"taxonomy":"post_tag","embeddable":true,"href":"https:\/\/blogdojuniorcavalcanti.com.br\/index.php\/wp-json\/wp\/v2\/tags?post=38022"}],"curies":[{"name":"wp","href":"https:\/\/api.w.org\/{rel}","templated":true}]}}