{"id":38393,"date":"2024-11-02T09:18:04","date_gmt":"2024-11-02T12:18:04","guid":{"rendered":"https:\/\/blogdojuniorcavalcanti.com.br\/?p=38393"},"modified":"2024-11-02T09:18:04","modified_gmt":"2024-11-02T12:18:04","slug":"mario-viana-filho-discute-solucoes-para-abastecimento-de-agua-em-afogados-e-regiao","status":"publish","type":"post","link":"https:\/\/blogdojuniorcavalcanti.com.br\/index.php\/2024\/11\/02\/mario-viana-filho-discute-solucoes-para-abastecimento-de-agua-em-afogados-e-regiao\/","title":{"rendered":"M\u00e1rio Viana Filho discute solu\u00e7\u00f5es para abastecimento de \u00e1gua em Afogados e regi\u00e3o"},"content":{"rendered":"<p style=\"text-align: justify;\"><span style=\"font-size: 14pt; font-family: arial, helvetica, sans-serif;\">Nesta sexta-feira (1\u00ba), o Gerente de Articula\u00e7\u00e3o Regional da Casa Civil de Pernambuco, M\u00e1rio Viana Filho, reuniu-se com a alta c\u00fapula da Compesa em Recife para debater a\u00e7\u00f5es voltadas \u00e0 melhoria do abastecimento de \u00e1gua em Afogados da Ingazeira e munic\u00edpios vizinhos. A pauta incluiu demandas urgentes sobre as frequentes falhas na distribui\u00e7\u00e3o que v\u00eam impactando a rotina das fam\u00edlias na regi\u00e3o do Paje\u00fa.<\/span><\/p>\n<p style=\"text-align: justify;\"><span style=\"font-size: 14pt; font-family: arial, helvetica, sans-serif;\">Acompanhado pelo presidente da Compesa, Alex Campos, e pelos diretores Igor Galindo e Guilherme Freire, M\u00e1rio Viana enfatizou a necessidade de investimentos para estabilizar o fornecimento de \u00e1gua em Afogados da Ingazeira, al\u00e9m de estender as a\u00e7\u00f5es para cidades como Solid\u00e3o e Tabira, que tamb\u00e9m enfrentam dificuldades com a escassez no abastecimento.<\/span><\/p>\n<p style=\"text-align: justify;\"><span style=\"font-size: 14pt; font-family: arial, helvetica, sans-serif;\">A popula\u00e7\u00e3o da regi\u00e3o, h\u00e1 meses enfrentando interrup\u00e7\u00f5es constantes no servi\u00e7o, t\u00eam relatado os efeitos di\u00e1rios da irregularidade, que por vezes deixa as resid\u00eancias sem \u00e1gua durante dias. Com a reuni\u00e3o, o Governo de Pernambuco e a Compesa buscam alternativas para mitigar o problema e oferecer uma solu\u00e7\u00e3o duradoura para os munic\u00edpios afetados.<\/span><\/p>\n","protected":false},"excerpt":{"rendered":"<p>Nesta sexta-feira (1&ordm;), o Gerente de Articula&ccedil;&atilde;o Regional da Casa Civil de Pernambuco, M&aacute;rio Viana Filho, reuniu-se com a alta c&uacute;pula da Compesa em Recife para debater a&ccedil;&otilde;es voltadas &agrave; melhoria do abastecimento de &aacute;gua em Afogados da Ingazeira e munic&iacute;pios vizinhos. A pauta incluiu demandas urgentes sobre as frequentes falhas na distribui&ccedil;&atilde;o que v&ecirc;m impactando a rotina das fam&iacute;lias na regi&atilde;o do Paje&uacute;. Acompanhado pelo presidente da Compesa, Alex Campos, e pelos diretores Igor Galindo e Guilherme Freire, M&aacute;rio Viana enfatizou a necessidade de investimentos para estabilizar o fornecimento de &aacute;gua em Afogados da Ingazeira, al&eacute;m de estender as &#8230; <\/p>\n<p class=\"read-more-container\"><a title=\"M\u00e1rio Viana Filho discute solu\u00e7\u00f5es para abastecimento de \u00e1gua em Afogados e regi\u00e3o\" class=\"read-more button\" href=\"https:\/\/blogdojuniorcavalcanti.com.br\/index.php\/2024\/11\/02\/mario-viana-filho-discute-solucoes-para-abastecimento-de-agua-em-afogados-e-regiao\/#more-38393\" aria-label=\"More on M\u00e1rio Viana Filho discute solu\u00e7\u00f5es para abastecimento de \u00e1gua em Afogados e regi\u00e3o\">Leia mais<\/a><\/p>\n","protected":false},"author":2,"featured_media":38394,"comment_status":"open","ping_status":"open","sticky":false,"template":"","format":"standard","meta":{"footnotes":""},"categories":[25],"tags":[],"class_list":["post-38393","post","type-post","status-publish","format-standard","has-post-thumbnail","hentry","category-destaque","resize-featured-image"],"_links":{"self":[{"href":"https:\/\/blogdojuniorcavalcanti.com.br\/index.php\/wp-json\/wp\/v2\/posts\/38393","targetHints":{"allow":["GET"]}}],"collection":[{"href":"https:\/\/blogdojuniorcavalcanti.com.br\/index.php\/wp-json\/wp\/v2\/posts"}],"about":[{"href":"https:\/\/blogdojuniorcavalcanti.com.br\/index.php\/wp-json\/wp\/v2\/types\/post"}],"author":[{"embeddable":true,"href":"https:\/\/blogdojuniorcavalcanti.com.br\/index.php\/wp-json\/wp\/v2\/users\/2"}],"replies":[{"embeddable":true,"href":"https:\/\/blogdojuniorcavalcanti.com.br\/index.php\/wp-json\/wp\/v2\/comments?post=38393"}],"version-history":[{"count":1,"href":"https:\/\/blogdojuniorcavalcanti.com.br\/index.php\/wp-json\/wp\/v2\/posts\/38393\/revisions"}],"predecessor-version":[{"id":38395,"href":"https:\/\/blogdojuniorcavalcanti.com.br\/index.php\/wp-json\/wp\/v2\/posts\/38393\/revisions\/38395"}],"wp:featuredmedia":[{"embeddable":true,"href":"https:\/\/blogdojuniorcavalcanti.com.br\/index.php\/wp-json\/wp\/v2\/media\/38394"}],"wp:attachment":[{"href":"https:\/\/blogdojuniorcavalcanti.com.br\/index.php\/wp-json\/wp\/v2\/media?parent=38393"}],"wp:term":[{"taxonomy":"category","embeddable":true,"href":"https:\/\/blogdojuniorcavalcanti.com.br\/index.php\/wp-json\/wp\/v2\/categories?post=38393"},{"taxonomy":"post_tag","embeddable":true,"href":"https:\/\/blogdojuniorcavalcanti.com.br\/index.php\/wp-json\/wp\/v2\/tags?post=38393"}],"curies":[{"name":"wp","href":"https:\/\/api.w.org\/{rel}","templated":true}]}}