{"id":38401,"date":"2024-11-02T09:21:42","date_gmt":"2024-11-02T12:21:42","guid":{"rendered":"https:\/\/blogdojuniorcavalcanti.com.br\/?p=38401"},"modified":"2024-11-02T09:21:42","modified_gmt":"2024-11-02T12:21:42","slug":"hospitais-mestre-vitalino-eduardo-campos-e-ruy-de-barros-correia-receberao-novos-residentes-em-2025","status":"publish","type":"post","link":"https:\/\/blogdojuniorcavalcanti.com.br\/index.php\/2024\/11\/02\/hospitais-mestre-vitalino-eduardo-campos-e-ruy-de-barros-correia-receberao-novos-residentes-em-2025\/","title":{"rendered":"Hospitais Mestre Vitalino, Eduardo Campos e Ruy de Barros Correia receber\u00e3o novos residentes em 2025"},"content":{"rendered":"<p style=\"text-align: justify;\"><span style=\"font-size: 14pt;\"><em><strong><img fetchpriority=\"high\" decoding=\"async\" class=\"alignleft wp-image-269091 jetpack-lazy-image jetpack-lazy-image--handled\" src=\"https:\/\/i0.wp.com\/nilljunior.com.br\/wp-content\/uploads\/2023\/10\/hospital_eduardo_campos_-_divulgacao.jpeg?resize=400%2C284&amp;ssl=1\" sizes=\"(max-width: 400px) 100vw, 400px\" srcset=\"https:\/\/i0.wp.com\/nilljunior.com.br\/wp-content\/uploads\/2023\/10\/hospital_eduardo_campos_-_divulgacao.jpeg?resize=564%2C400&amp;ssl=1 564w, https:\/\/i0.wp.com\/nilljunior.com.br\/wp-content\/uploads\/2023\/10\/hospital_eduardo_campos_-_divulgacao.jpeg?resize=300%2C213&amp;ssl=1 300w, https:\/\/i0.wp.com\/nilljunior.com.br\/wp-content\/uploads\/2023\/10\/hospital_eduardo_campos_-_divulgacao.jpeg?w=650&amp;ssl=1 650w\" alt=\"\" width=\"400\" height=\"284\" data-attachment-id=\"269091\" data-permalink=\"https:\/\/nilljunior.com.br\/junior-finfa-elogia-atendimento-de-hospitais-emilia-camara-e-eduardo-campos\/hospital_eduardo_campos_-_divulgacao\/\" data-orig-file=\"https:\/\/i0.wp.com\/nilljunior.com.br\/wp-content\/uploads\/2023\/10\/hospital_eduardo_campos_-_divulgacao.jpeg?fit=650%2C461&amp;ssl=1\" data-orig-size=\"650,461\" data-comments-opened=\"1\" data-image-meta=\"{&quot;aperture&quot;:&quot;0&quot;,&quot;credit&quot;:&quot;&quot;,&quot;camera&quot;:&quot;&quot;,&quot;caption&quot;:&quot;&quot;,&quot;created_timestamp&quot;:&quot;0&quot;,&quot;copyright&quot;:&quot;&quot;,&quot;focal_length&quot;:&quot;0&quot;,&quot;iso&quot;:&quot;0&quot;,&quot;shutter_speed&quot;:&quot;0&quot;,&quot;title&quot;:&quot;&quot;,&quot;orientation&quot;:&quot;0&quot;}\" data-image-title=\"hospital_eduardo_campos_-_divulgacao\" data-image-description=\"\" data-medium-file=\"https:\/\/i0.wp.com\/nilljunior.com.br\/wp-content\/uploads\/2023\/10\/hospital_eduardo_campos_-_divulgacao.jpeg?fit=300%2C213&amp;ssl=1\" data-large-file=\"https:\/\/i0.wp.com\/nilljunior.com.br\/wp-content\/uploads\/2023\/10\/hospital_eduardo_campos_-_divulgacao.jpeg?fit=564%2C400&amp;ssl=1\" data-recalc-dims=\"1\" data-lazy-loaded=\"1\" \/><span style=\"font-family: arial, helvetica, sans-serif;\">Unidades do interior s\u00e3o aprovadas para credenciamento de novas resid\u00eancias m\u00e9dicas<\/span><\/strong><\/em><\/span><\/p>\n<p style=\"text-align: justify;\"><span style=\"font-size: 14pt; font-family: arial, helvetica, sans-serif;\">Neste m\u00eas de outubro, os hospitais Mestre Vitalino (HMV), em Caruaru, o Eduardo Campos (HEC), em Serra Talhada e o hospital Regional Ruy de Barros Correia (HRRBC), em Arcoverde, receberam aprova\u00e7\u00e3o do Minist\u00e9rio da Educa\u00e7\u00e3o (MEC) para novas \u00e1reas de resid\u00eancias m\u00e9dicas em suas unidades. Destas, Arcoverde e Serra Talhada recebem resid\u00eancias in\u00e9ditas nas unidades.<\/span><\/p>\n<p style=\"text-align: justify;\"><span style=\"font-size: 14pt; font-family: arial, helvetica, sans-serif;\">\u201c\u00c9 um grande passo na educa\u00e7\u00e3o dentro das nossas unidades\u201d, destaca a gerente corporativa Assistencial e de Enfermagem, Joana Jatob\u00e1, com rela\u00e7\u00e3o ao atendimento da solicita\u00e7\u00e3o pelo Minist\u00e9rio da Educa\u00e7\u00e3o. \u201cA implementa\u00e7\u00e3o das novas resid\u00eancias vai permitir a expans\u00e3o do ensino para os estudantes do interior do Estado e trazer a continuidade do bom servi\u00e7o prestado sendo passado para novos m\u00e9dicos que vir\u00e3o\u201d, refor\u00e7a Joana.<\/span><\/p>\n<p style=\"text-align: justify;\"><span style=\"font-size: 14pt; font-family: arial, helvetica, sans-serif;\">Solicitadas desde maio deste ano, os pedidos de credenciamento para novas resid\u00eancias foram feitos junto ao Sistema de Cadastro Nacional de Resid\u00eancias M\u00e9dicas (SISCNRM) do MEC, que ap\u00f3s avalia\u00e7\u00e3o de documenta\u00e7\u00e3o e visitas avaliadoras nas unidades, foram concedidas. Vale ressaltar que as resid\u00eancias credenciadas s\u00e3o gerenciadas pela Secretaria de Sa\u00fade do Estado de Pernambuco (SES-PE).<\/span><\/p>\n<p style=\"text-align: justify;\"><span style=\"font-size: 14pt; font-family: arial, helvetica, sans-serif;\">Em Caruaru, o Hospital Mestre Vitalino (HMV), recebeu a aprova\u00e7\u00e3o para a especialidade de Endoscopia, al\u00e9m do 3\u00ba ano da resid\u00eancia (R3) em Cl\u00ednica M\u00e9dica da unidade. Segundo o diretor do HMV, Marcelo Cavalcanti, a nova especialidade vem para somar muito na educa\u00e7\u00e3o e forma\u00e7\u00e3o de novos profissionais para a regi\u00e3o. \u201cA nossa unidade hoje funciona como um grande hospital-escola, e a chegada de mais esse programa de resid\u00eancia abre uma nova porta de aprendizado para os estudantes que com toda certeza ser\u00e3o muito bem recebidos aqui. O HMV hoje \u00e9 uma refer\u00eancia em diversas especialidades e esta aprova\u00e7\u00e3o vem para somar ao nosso servi\u00e7o, e, sobretudo, \u00e0 popula\u00e7\u00e3o e aos estudantes\u201d, pontuou Marcelo.<\/span><\/p>\n<p style=\"text-align: justify;\"><span style=\"font-size: 14pt; font-family: arial, helvetica, sans-serif;\">No munic\u00edpio de Arcoverde, na VI Regi\u00e3o de Sa\u00fade do Estado, o Hospital Regional Ruy de Barros Correia (HRRBC) recebeu, de forma in\u00e9dita, a aprova\u00e7\u00e3o para as resid\u00eancias de Cl\u00ednica M\u00e9dica e Ortopedia e Traumatologia. A diretora da unidade, Ana Kelly Ara\u00fajo, explica a demanda por profissionais e a oportunidade de come\u00e7ar o ensino m\u00e9dico dentro da unidade. \u201cA aprova\u00e7\u00e3o evidencia a capacidade da unidade em atender e cuidar dos pacientes, al\u00e9m formar novos profissionais que tamb\u00e9m ser\u00e3o capazes de entregar um servi\u00e7o de forma competente e \u00edntegra\u201d, destaca Ana Kelly.<\/span><\/p>\n<p style=\"text-align: justify;\"><span style=\"font-size: 14pt; font-family: arial, helvetica, sans-serif;\">Tamb\u00e9m in\u00e9ditas, as resid\u00eancias em Cl\u00ednica M\u00e9dica e Anestesiologia foram aprovadas para o Hospital do Sert\u00e3o Eduardo Campos (HEC), em Serra Talhada. Para a diretora do HEC, Patr\u00edcia Queiroz, o incremento de ensino far\u00e1 a unidade atingir novas metas e auxiliar na efic\u00e1cia da sa\u00fade tamb\u00e9m no interior. \u201cA sa\u00fade p\u00fablica s\u00f3 tem a ganhar com novos m\u00e9dicos sendo treinados e ensinados a entregar o melhor para a popula\u00e7\u00e3o. Esperamos agregar \u00e0queles que v\u00e3o integrar, futuramente, o quadro do Eduardo Campos\u201d, refor\u00e7a Patr\u00edcia.<\/span><\/p>\n<p style=\"text-align: justify;\"><span style=\"font-size: 14pt; font-family: arial, helvetica, sans-serif;\">O quantitativo de vagas ainda ser\u00e1 divulgado em processo seletivo realizado pela Secretaria de Sa\u00fade do Estado de Pernambuco (SES-PE) para o ano de 2025.<\/span><\/p>\n","protected":false},"excerpt":{"rendered":"<p>Unidades do interior s&atilde;o aprovadas para credenciamento de novas resid&ecirc;ncias m&eacute;dicas Neste m&ecirc;s de outubro, os hospitais Mestre Vitalino (HMV), em Caruaru, o Eduardo Campos (HEC), em Serra Talhada e o hospital Regional Ruy de Barros Correia (HRRBC), em Arcoverde, receberam aprova&ccedil;&atilde;o do Minist&eacute;rio da Educa&ccedil;&atilde;o (MEC) para novas &aacute;reas de resid&ecirc;ncias m&eacute;dicas em suas unidades. Destas, Arcoverde e Serra Talhada recebem resid&ecirc;ncias in&eacute;ditas nas unidades. &ldquo;&Eacute; um grande passo na educa&ccedil;&atilde;o dentro das nossas unidades&rdquo;, destaca a gerente corporativa Assistencial e de Enfermagem, Joana Jatob&aacute;, com rela&ccedil;&atilde;o ao atendimento da solicita&ccedil;&atilde;o pelo Minist&eacute;rio da Educa&ccedil;&atilde;o. &ldquo;A implementa&ccedil;&atilde;o das novas &#8230; <\/p>\n<p class=\"read-more-container\"><a title=\"Hospitais Mestre Vitalino, Eduardo Campos e Ruy de Barros Correia receber\u00e3o novos residentes em 2025\" class=\"read-more button\" href=\"https:\/\/blogdojuniorcavalcanti.com.br\/index.php\/2024\/11\/02\/hospitais-mestre-vitalino-eduardo-campos-e-ruy-de-barros-correia-receberao-novos-residentes-em-2025\/#more-38401\" aria-label=\"More on Hospitais Mestre Vitalino, Eduardo Campos e Ruy de Barros Correia receber\u00e3o novos residentes em 2025\">Leia mais<\/a><\/p>\n","protected":false},"author":2,"featured_media":0,"comment_status":"open","ping_status":"open","sticky":false,"template":"","format":"standard","meta":{"footnotes":""},"categories":[26],"tags":[],"class_list":["post-38401","post","type-post","status-publish","format-standard","hentry","category-noticias"],"_links":{"self":[{"href":"https:\/\/blogdojuniorcavalcanti.com.br\/index.php\/wp-json\/wp\/v2\/posts\/38401","targetHints":{"allow":["GET"]}}],"collection":[{"href":"https:\/\/blogdojuniorcavalcanti.com.br\/index.php\/wp-json\/wp\/v2\/posts"}],"about":[{"href":"https:\/\/blogdojuniorcavalcanti.com.br\/index.php\/wp-json\/wp\/v2\/types\/post"}],"author":[{"embeddable":true,"href":"https:\/\/blogdojuniorcavalcanti.com.br\/index.php\/wp-json\/wp\/v2\/users\/2"}],"replies":[{"embeddable":true,"href":"https:\/\/blogdojuniorcavalcanti.com.br\/index.php\/wp-json\/wp\/v2\/comments?post=38401"}],"version-history":[{"count":1,"href":"https:\/\/blogdojuniorcavalcanti.com.br\/index.php\/wp-json\/wp\/v2\/posts\/38401\/revisions"}],"predecessor-version":[{"id":38402,"href":"https:\/\/blogdojuniorcavalcanti.com.br\/index.php\/wp-json\/wp\/v2\/posts\/38401\/revisions\/38402"}],"wp:attachment":[{"href":"https:\/\/blogdojuniorcavalcanti.com.br\/index.php\/wp-json\/wp\/v2\/media?parent=38401"}],"wp:term":[{"taxonomy":"category","embeddable":true,"href":"https:\/\/blogdojuniorcavalcanti.com.br\/index.php\/wp-json\/wp\/v2\/categories?post=38401"},{"taxonomy":"post_tag","embeddable":true,"href":"https:\/\/blogdojuniorcavalcanti.com.br\/index.php\/wp-json\/wp\/v2\/tags?post=38401"}],"curies":[{"name":"wp","href":"https:\/\/api.w.org\/{rel}","templated":true}]}}