{"id":38637,"date":"2024-11-13T07:47:15","date_gmt":"2024-11-13T10:47:15","guid":{"rendered":"https:\/\/blogdojuniorcavalcanti.com.br\/?p=38637"},"modified":"2024-11-13T07:47:15","modified_gmt":"2024-11-13T10:47:15","slug":"em-pernambuco-lula-lidera-corrida-presidencial","status":"publish","type":"post","link":"https:\/\/blogdojuniorcavalcanti.com.br\/index.php\/2024\/11\/13\/em-pernambuco-lula-lidera-corrida-presidencial\/","title":{"rendered":"Em Pernambuco, Lula lidera corrida presidencial"},"content":{"rendered":"<p style=\"text-align: justify;\"><span style=\"font-size: 14pt; font-family: arial, helvetica, sans-serif;\">O instituto Opini\u00e3o, que antecipou o primeiro cen\u00e1rio para governador e senador nas elei\u00e7\u00f5es de 2026 no Estado, tamb\u00e9m aferiu o sentimento do eleitorado em rela\u00e7\u00e3o \u00e0 disputa presidencial.\u00a0<\/span><\/p>\n<p style=\"text-align: justify;\"><span style=\"font-size: 14pt; font-family: arial, helvetica, sans-serif;\">O presidente Lula (PT) aparece na frente. Se as elei\u00e7\u00f5es fossem hoje, o petista teria 56,6% dos votos. Em segundo lugar, Pablo Mar\u00e7al (PRTB) e o governador de S\u00e3o Paulo, Tarc\u00edsio Freitas (Republicanos), aparecem empatados com 8,8%.<\/span><\/p>\n<p style=\"text-align: justify;\"><span style=\"font-size: 14pt; font-family: arial, helvetica, sans-serif;\">Em terceiro lugar, o governador do Paran\u00e1, Ratinho J\u00fanior (PSD), pontua 2,7%, seguido do governador de Goi\u00e1s, Ronaldo Caiado (UB), com apenas 1,2%. Brancos e nulos somam 11,2% e indecisos chegam a 10,7%. Na espont\u00e2nea, modelo pelo qual o entrevistado \u00e9 for\u00e7ado a lembrar o nome do seu candidato preferido, sem o aux\u00edlio da lista com todos os postulantes, Lula lidera com 36,7%, seguido de Bolsonaro (PL), que est\u00e1 ineleg\u00edvel, com 12,6%.<\/span><\/p>\n<p style=\"text-align: justify;\"><span style=\"font-size: 14pt; font-family: arial, helvetica, sans-serif;\">Em seguida, aparecem Jo\u00e3o Campos (PSB), prefeito do Recife, com 2,9%, Tarc\u00edsio Freitas, com 0,9%, Pablo Mar\u00e7al, com 0,6% e Ciro Gomes, com 0,3%. Neste cen\u00e1rio, brancos e nulos representam 5,7% e indecisos sobem para 39%. No quesito rejei\u00e7\u00e3o, Pablo Mar\u00e7al lidera. Entre os entrevistados, 24,1% disseram que n\u00e3o votariam nele de jeito nenhum, seguido de Lula, com 21,8%, Ratinho (9,6%), Tarc\u00edsio Freitas (3,7%) e Ronaldo Caiado (3,7%).<\/span><\/p>\n<p style=\"text-align: justify;\"><span style=\"font-size: 14pt; font-family: arial, helvetica, sans-serif;\">Estratificando o levantamento, os maiores percentuais de inten\u00e7\u00e3o de voto de Lula se encontram entre os eleitores com grau de instru\u00e7\u00e3o at\u00e9 a 9\u00aa s\u00e9rie (63,7%), entre os eleitores com renda familiar at\u00e9 um sal\u00e1rio (61,5%) e entre os eleitores na faixa et\u00e1ria entre 45 e 59 anos (59%). Por sexo, 58,7% dos seus eleitores s\u00e3o mulheres e 54,2% dos seus eleitores s\u00e3o homens.<\/span><\/p>\n<p style=\"text-align: justify;\"><span style=\"font-size: 14pt; font-family: arial, helvetica, sans-serif;\">J\u00e1 Mar\u00e7al e Tarc\u00edsio, que aparecem empatados, tem maiores indica\u00e7\u00f5es de votos entre os eleitores na faixa et\u00e1ria entre 16 a 24 anos e com renda familiar entre cinco e dez sal\u00e1rios, respectivamente 13,5% e 17,4%. Ainda entre os eleitores com renda familiar entre cinco e dez sal\u00e1rios e grau de instru\u00e7\u00e3o superior, respectivamente 13% e 16,3%. Por sexo, 10,8% dos eleitores de Mar\u00e7al s\u00e3o homens e 13,3% dos eleitores de Tarc\u00edsio tamb\u00e9m s\u00e3o homens.<\/span><\/p>\n<p style=\"text-align: justify;\"><span style=\"font-size: 14pt; font-family: arial, helvetica, sans-serif;\">Por regi\u00f5es, Lula tem 52,6% dos seus eleitores na Regi\u00e3o Metropolitana, 60,2% na Zona da Mata, 55,4% no Agreste, 64,2% no Sert\u00e3o e 67,6% no S\u00e3o Francisco. Pablo tem 9,4% na RMR, 4,7% na Zona da Mata, 12,9% no Agreste, 6,2% no Sert\u00e3o e 3% no S\u00e3o Francisco, enquanto Tarc\u00edsio aparece com 11,2% na RMR, 6% na Zona da Mata, 6,3% no Agreste, 8,8% no Sert\u00e3o e 9% no S\u00e3o Francisco.<\/span><\/p>\n<p style=\"text-align: justify;\"><span style=\"font-size: 14pt; font-family: arial, helvetica, sans-serif;\">A pesquisa foi a campo entre os dias 5, 6, 7 e 8 deste m\u00eas, sendo aplicados dois mil question\u00e1rios em 80 munic\u00edpios de todas as regi\u00f5es do Estado. O intervalo de confian\u00e7a estimado \u00e9 de 95,5% e a margem de erro m\u00e1xima estimada \u00e9 de 2,2 pontos percentuais para mais ou para menos sobre os resultados encontrados no total da amostra.<\/span><\/p>\n<p style=\"text-align: justify;\"><span style=\"font-size: 14pt; font-family: arial, helvetica, sans-serif;\">A modalidade da pesquisa adotada envolveu a t\u00e9cnica de Survey, que consiste na aplica\u00e7\u00e3o de question\u00e1rios estruturados e padronizados a uma amostra representativa do universo da investiga\u00e7\u00e3o. As entrevistas foram pessoais (face a face) e domiciliares.<\/span><\/p>\n","protected":false},"excerpt":{"rendered":"<p>O instituto Opini&atilde;o, que antecipou o primeiro cen&aacute;rio para governador e senador nas elei&ccedil;&otilde;es de 2026 no Estado, tamb&eacute;m aferiu o sentimento do eleitorado em rela&ccedil;&atilde;o &agrave; disputa presidencial.&nbsp; O presidente Lula (PT) aparece na frente. Se as elei&ccedil;&otilde;es fossem hoje, o petista teria 56,6% dos votos. Em segundo lugar, Pablo Mar&ccedil;al (PRTB) e o governador de S&atilde;o Paulo, Tarc&iacute;sio Freitas (Republicanos), aparecem empatados com 8,8%. Em terceiro lugar, o governador do Paran&aacute;, Ratinho J&uacute;nior (PSD), pontua 2,7%, seguido do governador de Goi&aacute;s, Ronaldo Caiado (UB), com apenas 1,2%. Brancos e nulos somam 11,2% e indecisos chegam a 10,7%. Na &#8230; <\/p>\n<p class=\"read-more-container\"><a title=\"Em Pernambuco, Lula lidera corrida presidencial\" class=\"read-more button\" href=\"https:\/\/blogdojuniorcavalcanti.com.br\/index.php\/2024\/11\/13\/em-pernambuco-lula-lidera-corrida-presidencial\/#more-38637\" aria-label=\"More on Em Pernambuco, Lula lidera corrida presidencial\">Leia mais<\/a><\/p>\n","protected":false},"author":2,"featured_media":38638,"comment_status":"open","ping_status":"open","sticky":false,"template":"","format":"standard","meta":{"footnotes":""},"categories":[25],"tags":[],"class_list":["post-38637","post","type-post","status-publish","format-standard","has-post-thumbnail","hentry","category-destaque","resize-featured-image"],"_links":{"self":[{"href":"https:\/\/blogdojuniorcavalcanti.com.br\/index.php\/wp-json\/wp\/v2\/posts\/38637","targetHints":{"allow":["GET"]}}],"collection":[{"href":"https:\/\/blogdojuniorcavalcanti.com.br\/index.php\/wp-json\/wp\/v2\/posts"}],"about":[{"href":"https:\/\/blogdojuniorcavalcanti.com.br\/index.php\/wp-json\/wp\/v2\/types\/post"}],"author":[{"embeddable":true,"href":"https:\/\/blogdojuniorcavalcanti.com.br\/index.php\/wp-json\/wp\/v2\/users\/2"}],"replies":[{"embeddable":true,"href":"https:\/\/blogdojuniorcavalcanti.com.br\/index.php\/wp-json\/wp\/v2\/comments?post=38637"}],"version-history":[{"count":1,"href":"https:\/\/blogdojuniorcavalcanti.com.br\/index.php\/wp-json\/wp\/v2\/posts\/38637\/revisions"}],"predecessor-version":[{"id":38639,"href":"https:\/\/blogdojuniorcavalcanti.com.br\/index.php\/wp-json\/wp\/v2\/posts\/38637\/revisions\/38639"}],"wp:featuredmedia":[{"embeddable":true,"href":"https:\/\/blogdojuniorcavalcanti.com.br\/index.php\/wp-json\/wp\/v2\/media\/38638"}],"wp:attachment":[{"href":"https:\/\/blogdojuniorcavalcanti.com.br\/index.php\/wp-json\/wp\/v2\/media?parent=38637"}],"wp:term":[{"taxonomy":"category","embeddable":true,"href":"https:\/\/blogdojuniorcavalcanti.com.br\/index.php\/wp-json\/wp\/v2\/categories?post=38637"},{"taxonomy":"post_tag","embeddable":true,"href":"https:\/\/blogdojuniorcavalcanti.com.br\/index.php\/wp-json\/wp\/v2\/tags?post=38637"}],"curies":[{"name":"wp","href":"https:\/\/api.w.org\/{rel}","templated":true}]}}