{"id":3904,"date":"2019-03-25T19:37:22","date_gmt":"2019-03-25T22:37:22","guid":{"rendered":"http:\/\/blogdojuniorcavalcanti.com.br\/?p=3904"},"modified":"2019-03-25T19:37:22","modified_gmt":"2019-03-25T22:37:22","slug":"patriota-joao-batista-e-manuca-em-congresso-de-prefeitos-no-chile","status":"publish","type":"post","link":"https:\/\/blogdojuniorcavalcanti.com.br\/index.php\/2019\/03\/25\/patriota-joao-batista-e-manuca-em-congresso-de-prefeitos-no-chile\/","title":{"rendered":"Patriota, Jo\u00e3o Batista e Manuca em Congresso de prefeitos no Chile"},"content":{"rendered":"<p style=\"text-align: justify;\"><span style=\"font-size: 14pt;\"><img fetchpriority=\"high\" decoding=\"async\" class=\"alignleft size-medium wp-image-146631\" src=\"https:\/\/i0.wp.com\/nilljunior.com.br\/wp-content\/uploads\/2019\/03\/thumbnail_patriota-1.jpg?resize=300%2C200\" sizes=\"(max-width: 300px) 100vw, 300px\" srcset=\"https:\/\/i0.wp.com\/nilljunior.com.br\/wp-content\/uploads\/2019\/03\/thumbnail_patriota-1.jpg?resize=300%2C200 300w, https:\/\/i0.wp.com\/nilljunior.com.br\/wp-content\/uploads\/2019\/03\/thumbnail_patriota-1.jpg?resize=150%2C100 150w, https:\/\/i0.wp.com\/nilljunior.com.br\/wp-content\/uploads\/2019\/03\/thumbnail_patriota-1.jpg?resize=768%2C512 768w, https:\/\/i0.wp.com\/nilljunior.com.br\/wp-content\/uploads\/2019\/03\/thumbnail_patriota-1.jpg?resize=600%2C400 600w, https:\/\/i0.wp.com\/nilljunior.com.br\/wp-content\/uploads\/2019\/03\/thumbnail_patriota-1.jpg?w=1280 1280w\" alt=\"\" width=\"300\" height=\"200\" data-attachment-id=\"146631\" data-permalink=\"http:\/\/nilljunior.com.br\/patriota-joao-batista-e-manuca-em-congresso-de-prefeitos-no-chile\/thumbnail_patriota-1\/\" data-orig-file=\"https:\/\/i0.wp.com\/nilljunior.com.br\/wp-content\/uploads\/2019\/03\/thumbnail_patriota-1.jpg?fit=1280%2C853\" data-orig-size=\"1280,853\" data-comments-opened=\"1\" data-image-meta=\"{&quot;aperture&quot;:&quot;0&quot;,&quot;credit&quot;:&quot;&quot;,&quot;camera&quot;:&quot;&quot;,&quot;caption&quot;:&quot;&quot;,&quot;created_timestamp&quot;:&quot;0&quot;,&quot;copyright&quot;:&quot;&quot;,&quot;focal_length&quot;:&quot;0&quot;,&quot;iso&quot;:&quot;0&quot;,&quot;shutter_speed&quot;:&quot;0&quot;,&quot;title&quot;:&quot;&quot;,&quot;orientation&quot;:&quot;0&quot;}\" data-image-title=\"thumbnail_patriota 1\" data-image-description=\"\" data-medium-file=\"https:\/\/i0.wp.com\/nilljunior.com.br\/wp-content\/uploads\/2019\/03\/thumbnail_patriota-1.jpg?fit=300%2C200\" data-large-file=\"https:\/\/i0.wp.com\/nilljunior.com.br\/wp-content\/uploads\/2019\/03\/thumbnail_patriota-1.jpg?fit=600%2C400\" \/><span style=\"font-family: arial, helvetica, sans-serif;\"><em><strong>Presidente da Amupe ser\u00e1 um dos palestrantes<\/strong><\/em><\/span><\/span><\/p>\n<p style=\"text-align: justify;\"><span style=\"font-size: 14pt; font-family: arial, helvetica, sans-serif;\">O presidente da Amupe e prefeito de Afogados da Ingazeira, Jos\u00e9 Patriota, participa em Santiago, capital do Chile, do Congresso Latino Americano de Autoridades Locais, nos dias 26 a 29\/0.<\/span><\/p>\n<p style=\"text-align: justify;\"><span style=\"font-size: 14pt; font-family: arial, helvetica, sans-serif;\">Com ele vai tamb\u00e9m um grupo de prefeitos pernambucanos: D\u00e9bora Almeida, de S\u00e3o Bento do Uma; Jo\u00e3o Batista, de Triunfo, Diretores da Amupe; Edison Tavares, de Toritama; Jo\u00e3o Ten\u00f3rio, de S\u00e3o Joaquim do Monte; e Emmanuel Fernandes de Cust\u00f3dia, al\u00e9m dos assessores Jos\u00e9 M\u00e1rio de Barros Falc\u00e3o e Ana Nery dos Santos. Ao mesmo tempo, os prefeitos ir\u00e3o defender a realiza\u00e7\u00e3o do pr\u00f3ximo Congresso em 2020, para que ele seja no Brasil e mais precisamente no Recife.<\/span><\/p>\n<p style=\"text-align: justify;\"><span style=\"font-size: 14pt; font-family: arial, helvetica, sans-serif;\">Jos\u00e9 Patriota e D\u00e9bora Almeida ser\u00e3o palestrantes em duas mesas de debates. Eles ir\u00e3o mostrar as suas experi\u00eancias e boas pr\u00e1ticas realizadas em seus munic\u00edpios, que s\u00e3o fundamentais para que sejam socializadas e ultrapassem as fronteiras.<\/span><\/p>\n<p style=\"text-align: justify;\"><span style=\"font-size: 14pt; font-family: arial, helvetica, sans-serif;\">O Congresso do Chile tem por objetivo o Desenvolvimento Sustent\u00e1vel ( ODS). O prop\u00f3sito \u00e9 construir uma agenda \u00a0 de trabalho dos governos locais para os pr\u00f3ximos 10 anos.\u00a0 A coordena\u00e7\u00e3o do encontro visa orientar e disseminar entre os prefeitos a cuidar da sustentabilidade do planeta no combate aos efeitos do c\u00e2mbio clim\u00e1tico.<\/span><\/p>\n<p style=\"text-align: justify;\"><span style=\"font-size: 14pt; font-family: arial, helvetica, sans-serif;\">Os Objetivos do Desenvolvimento Sustent\u00e1vel (ODS) prop\u00f5e uma a\u00e7\u00e3o mundial coordenada entre os governos, as empresas, a academia e a sociedade civil para alcan\u00e7ar os 17 ODS e suas 169 metas, de forma a erradicar a pobreza e promover vida digna para todos dentro dos limites do planeta. O presidente da Amupe, Jos\u00e9 Patriota \u00e9 coordenador nacional dos ODS, no trabalho que a CNM e Amupe vem realizando.<\/span><\/p>\n","protected":false},"excerpt":{"rendered":"<p>Presidente da Amupe ser&aacute; um dos palestrantes O presidente da Amupe e prefeito de Afogados da Ingazeira, Jos&eacute; Patriota, participa em Santiago, capital do Chile, do Congresso Latino Americano de Autoridades Locais, nos dias 26 a 29\/0. Com ele vai tamb&eacute;m um grupo de prefeitos pernambucanos: D&eacute;bora Almeida, de S&atilde;o Bento do Uma; Jo&atilde;o Batista, de Triunfo, Diretores da Amupe; Edison Tavares, de Toritama; Jo&atilde;o Ten&oacute;rio, de S&atilde;o Joaquim do Monte; e Emmanuel Fernandes de Cust&oacute;dia, al&eacute;m dos assessores Jos&eacute; M&aacute;rio de Barros Falc&atilde;o e Ana Nery dos Santos. Ao mesmo tempo, os prefeitos ir&atilde;o defender a realiza&ccedil;&atilde;o do pr&oacute;ximo &#8230; <\/p>\n<p class=\"read-more-container\"><a title=\"Patriota, Jo\u00e3o Batista e Manuca em Congresso de prefeitos no Chile\" class=\"read-more button\" href=\"https:\/\/blogdojuniorcavalcanti.com.br\/index.php\/2019\/03\/25\/patriota-joao-batista-e-manuca-em-congresso-de-prefeitos-no-chile\/#more-3904\" aria-label=\"More on Patriota, Jo\u00e3o Batista e Manuca em Congresso de prefeitos no Chile\">Leia mais<\/a><\/p>\n","protected":false},"author":2,"featured_media":0,"comment_status":"open","ping_status":"open","sticky":false,"template":"","format":"standard","meta":{"footnotes":""},"categories":[1],"tags":[],"class_list":["post-3904","post","type-post","status-publish","format-standard","hentry","category-sem-categoria"],"_links":{"self":[{"href":"https:\/\/blogdojuniorcavalcanti.com.br\/index.php\/wp-json\/wp\/v2\/posts\/3904","targetHints":{"allow":["GET"]}}],"collection":[{"href":"https:\/\/blogdojuniorcavalcanti.com.br\/index.php\/wp-json\/wp\/v2\/posts"}],"about":[{"href":"https:\/\/blogdojuniorcavalcanti.com.br\/index.php\/wp-json\/wp\/v2\/types\/post"}],"author":[{"embeddable":true,"href":"https:\/\/blogdojuniorcavalcanti.com.br\/index.php\/wp-json\/wp\/v2\/users\/2"}],"replies":[{"embeddable":true,"href":"https:\/\/blogdojuniorcavalcanti.com.br\/index.php\/wp-json\/wp\/v2\/comments?post=3904"}],"version-history":[{"count":1,"href":"https:\/\/blogdojuniorcavalcanti.com.br\/index.php\/wp-json\/wp\/v2\/posts\/3904\/revisions"}],"predecessor-version":[{"id":3905,"href":"https:\/\/blogdojuniorcavalcanti.com.br\/index.php\/wp-json\/wp\/v2\/posts\/3904\/revisions\/3905"}],"wp:attachment":[{"href":"https:\/\/blogdojuniorcavalcanti.com.br\/index.php\/wp-json\/wp\/v2\/media?parent=3904"}],"wp:term":[{"taxonomy":"category","embeddable":true,"href":"https:\/\/blogdojuniorcavalcanti.com.br\/index.php\/wp-json\/wp\/v2\/categories?post=3904"},{"taxonomy":"post_tag","embeddable":true,"href":"https:\/\/blogdojuniorcavalcanti.com.br\/index.php\/wp-json\/wp\/v2\/tags?post=3904"}],"curies":[{"name":"wp","href":"https:\/\/api.w.org\/{rel}","templated":true}]}}