{"id":39206,"date":"2024-12-07T08:22:24","date_gmt":"2024-12-07T11:22:24","guid":{"rendered":"https:\/\/blogdojuniorcavalcanti.com.br\/?p=39206"},"modified":"2024-12-07T08:22:24","modified_gmt":"2024-12-07T11:22:24","slug":"concurso-dos-correios-tem-2-milhoes-de-inscritos-veja-a-concorrencia","status":"publish","type":"post","link":"https:\/\/blogdojuniorcavalcanti.com.br\/index.php\/2024\/12\/07\/concurso-dos-correios-tem-2-milhoes-de-inscritos-veja-a-concorrencia\/","title":{"rendered":"Concurso dos Correios tem 2 milh\u00f5es de inscritos; veja a concorr\u00eancia"},"content":{"rendered":"<p style=\"text-align: justify;\"><span style=\"font-size: 14pt; font-family: arial, helvetica, sans-serif;\"><img fetchpriority=\"high\" decoding=\"async\" class=\"wp-image-20883 aligncenter\" src=\"https:\/\/afogadosonline.com.br\/wp-content\/uploads\/2021\/04\/correios.jpeg\" sizes=\"(max-width: 633px) 100vw, 633px\" srcset=\"https:\/\/afogadosonline.com.br\/wp-content\/uploads\/2021\/04\/correios.jpeg 800w, https:\/\/afogadosonline.com.br\/wp-content\/uploads\/2021\/04\/correios-300x178.jpeg 300w, https:\/\/afogadosonline.com.br\/wp-content\/uploads\/2021\/04\/correios-768x456.jpeg 768w\" alt=\"\" width=\"633\" height=\"376\" \/><\/span><\/p>\n<p style=\"text-align: justify;\"><span style=\"font-size: 14pt; font-family: arial, helvetica, sans-serif;\">Os locais de provas do novo concurso dos Correios, que ser\u00e3o realizadas no pr\u00f3ximo dia 15, foram divulgados nesta sexta-feira (6) nos sites dos Correios e do IBFC (Instituto Brasileiro de Forma\u00e7\u00e3o e Capacita\u00e7\u00e3o). A sele\u00e7\u00e3o tem, ao todo, 2.050.506 inscritos para um total de 3.511 vagas.<\/span><\/p>\n<p style=\"text-align: justify;\"><span style=\"font-size: 14pt; font-family: arial, helvetica, sans-serif;\">Para o cargo de carteiro, 1,9 milh\u00e3o de candidatos concorrem a 3.099 vagas que exigem o ensino m\u00e9dio completo. No caso das 412 vagas para o cargo de analista, que requer ensino superior completo, h\u00e1 um total de 136.739 inscritos. As duas categorias t\u00eam 10% das vagas reservadas a pessoas com defici\u00eancia, e 30%, a pessoas negras ou ind\u00edgenas.<\/span><\/p>\n<p style=\"text-align: justify;\"><span style=\"font-size: 14pt; font-family: arial, helvetica, sans-serif;\">Os candidatos tiveram que comprovar, antes da inscri\u00e7\u00e3o, que se enquadravam nas a\u00e7\u00f5es afirmativas do edital. No caso dos que se declararam negros, o procedimento de heteroidentifica\u00e7\u00e3o foi feito pela internet. Para os ind\u00edgenas e pessoas com defici\u00eancia, as comprova\u00e7\u00f5es foram documentais.<\/span><\/p>\n","protected":false},"excerpt":{"rendered":"<p>Os locais de provas do novo concurso dos Correios, que ser&atilde;o realizadas no pr&oacute;ximo dia 15, foram divulgados nesta sexta-feira (6) nos sites dos Correios e do IBFC (Instituto Brasileiro de Forma&ccedil;&atilde;o e Capacita&ccedil;&atilde;o). A sele&ccedil;&atilde;o tem, ao todo, 2.050.506 inscritos para um total de 3.511 vagas. Para o cargo de carteiro, 1,9 milh&atilde;o de candidatos concorrem a 3.099 vagas que exigem o ensino m&eacute;dio completo. No caso das 412 vagas para o cargo de analista, que requer ensino superior completo, h&aacute; um total de 136.739 inscritos. As duas categorias t&ecirc;m 10% das vagas reservadas a pessoas com defici&ecirc;ncia, e &#8230; <\/p>\n<p class=\"read-more-container\"><a title=\"Concurso dos Correios tem 2 milh\u00f5es de inscritos; veja a concorr\u00eancia\" class=\"read-more button\" href=\"https:\/\/blogdojuniorcavalcanti.com.br\/index.php\/2024\/12\/07\/concurso-dos-correios-tem-2-milhoes-de-inscritos-veja-a-concorrencia\/#more-39206\" aria-label=\"More on Concurso dos Correios tem 2 milh\u00f5es de inscritos; veja a concorr\u00eancia\">Leia mais<\/a><\/p>\n","protected":false},"author":2,"featured_media":0,"comment_status":"open","ping_status":"open","sticky":false,"template":"","format":"standard","meta":{"footnotes":""},"categories":[26],"tags":[],"class_list":["post-39206","post","type-post","status-publish","format-standard","hentry","category-noticias"],"_links":{"self":[{"href":"https:\/\/blogdojuniorcavalcanti.com.br\/index.php\/wp-json\/wp\/v2\/posts\/39206","targetHints":{"allow":["GET"]}}],"collection":[{"href":"https:\/\/blogdojuniorcavalcanti.com.br\/index.php\/wp-json\/wp\/v2\/posts"}],"about":[{"href":"https:\/\/blogdojuniorcavalcanti.com.br\/index.php\/wp-json\/wp\/v2\/types\/post"}],"author":[{"embeddable":true,"href":"https:\/\/blogdojuniorcavalcanti.com.br\/index.php\/wp-json\/wp\/v2\/users\/2"}],"replies":[{"embeddable":true,"href":"https:\/\/blogdojuniorcavalcanti.com.br\/index.php\/wp-json\/wp\/v2\/comments?post=39206"}],"version-history":[{"count":1,"href":"https:\/\/blogdojuniorcavalcanti.com.br\/index.php\/wp-json\/wp\/v2\/posts\/39206\/revisions"}],"predecessor-version":[{"id":39207,"href":"https:\/\/blogdojuniorcavalcanti.com.br\/index.php\/wp-json\/wp\/v2\/posts\/39206\/revisions\/39207"}],"wp:attachment":[{"href":"https:\/\/blogdojuniorcavalcanti.com.br\/index.php\/wp-json\/wp\/v2\/media?parent=39206"}],"wp:term":[{"taxonomy":"category","embeddable":true,"href":"https:\/\/blogdojuniorcavalcanti.com.br\/index.php\/wp-json\/wp\/v2\/categories?post=39206"},{"taxonomy":"post_tag","embeddable":true,"href":"https:\/\/blogdojuniorcavalcanti.com.br\/index.php\/wp-json\/wp\/v2\/tags?post=39206"}],"curies":[{"name":"wp","href":"https:\/\/api.w.org\/{rel}","templated":true}]}}