{"id":39333,"date":"2024-12-13T07:47:54","date_gmt":"2024-12-13T10:47:54","guid":{"rendered":"https:\/\/blogdojuniorcavalcanti.com.br\/?p=39333"},"modified":"2024-12-13T07:47:54","modified_gmt":"2024-12-13T10:47:54","slug":"raquel-lyra-assina-ordens-de-servico-para-fortalecer-a-agricultura-familiar-em-pernambuco","status":"publish","type":"post","link":"https:\/\/blogdojuniorcavalcanti.com.br\/index.php\/2024\/12\/13\/raquel-lyra-assina-ordens-de-servico-para-fortalecer-a-agricultura-familiar-em-pernambuco\/","title":{"rendered":"Raquel Lyra assina ordens de servi\u00e7o para fortalecer a agricultura familiar em Pernambuco"},"content":{"rendered":"<p style=\"text-align: justify;\"><span style=\"font-size: 14pt; font-family: arial, helvetica, sans-serif;\"><b><i>As assinaturas foram feitas durante a abertura da 1\u00aa Feira de Neg\u00f3cios da Agricultura Familiar (FENEAF), no Recife<\/i><\/b><\/span><\/p>\n<p style=\"text-align: justify;\"><span style=\"font-size: 14pt; font-family: arial, helvetica, sans-serif;\">Na abertura da 1\u00aa Feira de Neg\u00f3cios da Agricultura Familiar (FENEAF), nesta quinta-feira (12), a governadora Raquel Lyra assinou duas ordens de servi\u00e7o para fortalecer a agricultura familiar em Pernambuco. A primeira, de R$ 18 milh\u00f5es, \u00e9 para ara\u00e7\u00e3o de terras, e a segunda, de R$ 7 milh\u00f5es, \u00e9 destinada \u00e0 distribui\u00e7\u00e3o de sementes em munic\u00edpios do Sert\u00e3o.\u00a0<\/span><\/p>\n<p style=\"text-align: justify;\"><span style=\"font-size: 14pt; font-family: arial, helvetica, sans-serif;\">A feira, realizada no Instituto Agron\u00f4mico de Pernambuco (IPA), no Recife, foi aberta oficialmente pela governadora. O evento \u00e9 uma oportunidade de neg\u00f3cios para agricultores de todas as regi\u00f5es do estado, que est\u00e3o comercializando seus produtos. A feira acontece at\u00e9 domingo (15), e a entrada \u00e9 gratuita.<\/span><\/p>\n<p style=\"text-align: justify;\"><span style=\"font-size: 14pt; font-family: arial, helvetica, sans-serif;\">\u201cAqui na feira tem agricultores de Pernambuco inteiro mostrando a capacidade de produ\u00e7\u00e3o da nossa gente, gerando neg\u00f3cios para, muitas vezes, o ano todo. E n\u00f3s estamos trabalhando para refor\u00e7ar essas a\u00e7\u00f5es. N\u00f3s temos o fortalecimento com a distribui\u00e7\u00e3o de sementes no tempo certo e tamb\u00e9m as horas-m\u00e1quinas t\u00e3o sonhadas, porque n\u00e3o adianta nada a gente entregar as sementes se eles n\u00e3o t\u00eam as m\u00e1quinas para poder arar a terra. Vamos trabalhar para gerar emprego e renda no nosso estado\u201d, destacou a governadora Raquel Lyra.<\/span><\/p>\n<p style=\"text-align: justify;\"><span style=\"font-size: 14pt; font-family: arial, helvetica, sans-serif;\">A primeira assinatura foi para contrata\u00e7\u00e3o do servi\u00e7o de ara\u00e7\u00e3o da terra, a\u00e7\u00e3o importante para preparar a terra para receber as sementes. A segunda vai distribuir 512 toneladas de sementes de milho, feij\u00e3o e sorgo para munic\u00edpios do Sert\u00e3o pernambucano.\u00a0<\/span><\/p>\n<p style=\"text-align: justify;\"><span style=\"font-size: 14pt; font-family: arial, helvetica, sans-serif;\">Ainda na ocasi\u00e3o, a gestora vistoriou seis caminhonetes que ser\u00e3o destinadas a fortalecer o Programa de Aquisi\u00e7\u00e3o de Alimentos (PAA) Ind\u00edgena, iniciativa em parceria com o Minist\u00e9rio do Desenvolvimento Social. A chefe do Executivo estadual tamb\u00e9m conheceu algumas m\u00e1quinas e tratores, que v\u00e3o fazer parte de um grande programa para a agricultura familiar, a ser lan\u00e7ado em breve.<\/span><\/p>\n<p style=\"text-align: justify;\"><span style=\"font-size: 14pt; font-family: arial, helvetica, sans-serif;\">\u201cEsse \u00e9 o investimento na agricultura familiar feito pelo governo, esse \u00e9 nosso grande papel. S\u00e3o sementes, ara\u00e7\u00e3o de terra, al\u00e9m dessa grande feira\u201d, registrou o secret\u00e1rio de Desenvolvimento Agr\u00e1rio, Agricultura, Pecu\u00e1ria e Pesca, C\u00edcero Moraes. O prefeito de Tuparetama, S\u00e1vio Torres, disse que \u00e9 \u201cuma satisfa\u00e7\u00e3o estar presente no evento da feira da agricultura, porque \u00e9 a demonstra\u00e7\u00e3o de um governo que trabalha pelo desenvolvimento agr\u00e1rio\u201d, frisou.<\/span><\/p>\n<p style=\"text-align: justify;\"><span style=\"font-size: 14pt; font-family: arial, helvetica, sans-serif;\">\u201cN\u00f3s estamos com uma expectativa de receber por dia, na feira, cerca de 500 pessoas que v\u00e3o ter contato com os produtos de mais diversos tipos, de origem vegetal e animal, derivados e in natura, como mel, queijo, mariscos. Tudo isso, somados aos investimentos na distribui\u00e7\u00e3o de sementes e cuidado com a terra, fortalece a gera\u00e7\u00e3o de emprego e renda\u201d, disse a presidente do IPA, Ellen Vi\u00e9gas.<\/span><\/p>\n<p style=\"text-align: justify;\"><span style=\"font-size: 14pt; font-family: arial, helvetica, sans-serif;\">FENEAF \u2013 Realizada pelo Governo de Pernambuco, a FENEAF re\u00fane cerca de 300 agricultores, que est\u00e3o expondo seus produtos em 250 estantes. S\u00e3o quatro pavilh\u00f5es, sendo um deles exclusivo dos povos e comunidades tradicionais de Pernambuco. Os participantes foram selecionados por meio de uma chamada p\u00fablica e de uma curadoria realizada pela Diretoria de Extens\u00e3o Rural do IPA.\u00a0<\/span><\/p>\n<p style=\"text-align: justify;\"><span style=\"font-size: 14pt; font-family: arial, helvetica, sans-serif;\">O agricultor Jo\u00e3o da Silva Leite, de Mirandiba, no Sert\u00e3o, est\u00e1 comercializando mel e extrato de pr\u00f3polis. \u201cIsso mostra interioriza\u00e7\u00e3o das a\u00e7\u00f5es do governo, um evento que mostra potencial. Ent\u00e3o \u00e9 bom para que a gente se sinta contemplado, lembrado, importante para escoar, ter para onde vender nossa produ\u00e7\u00e3o\u201d, afirmou o agricultor.<\/span><\/p>\n<p style=\"text-align: justify;\"><span style=\"font-size: 14pt; font-family: arial, helvetica, sans-serif;\">A FENEAF \u00e9 uma vers\u00e3o renovada e ampliada da feira de agricultura realizada no ano passado no IPA. O hor\u00e1rio de funcionamento na sexta e s\u00e1bado \u00e9 das 8h \u00e0s 20h, e no domingo, das 8h \u00e0s 13h.<\/span><\/p>\n<p style=\"text-align: justify;\"><span style=\"font-size: 14pt; font-family: arial, helvetica, sans-serif;\">Estiveram presentes o deputado estadual Eriberto Filho, os prefeitos Isabel Hacker (Rio Formoso), Luiz Aroldo (\u00c1guas Belas) e Marly Quental (Cedro).<\/span><\/p>\n","protected":false},"excerpt":{"rendered":"<p>As assinaturas foram feitas durante a abertura da 1&ordf; Feira de Neg&oacute;cios da Agricultura Familiar (FENEAF), no Recife Na abertura da 1&ordf; Feira de Neg&oacute;cios da Agricultura Familiar (FENEAF), nesta quinta-feira (12), a governadora Raquel Lyra assinou duas ordens de servi&ccedil;o para fortalecer a agricultura familiar em Pernambuco. A primeira, de R$ 18 milh&otilde;es, &eacute; para ara&ccedil;&atilde;o de terras, e a segunda, de R$ 7 milh&otilde;es, &eacute; destinada &agrave; distribui&ccedil;&atilde;o de sementes em munic&iacute;pios do Sert&atilde;o.&nbsp; A feira, realizada no Instituto Agron&ocirc;mico de Pernambuco (IPA), no Recife, foi aberta oficialmente pela governadora. O evento &eacute; uma oportunidade de neg&oacute;cios para &#8230; <\/p>\n<p class=\"read-more-container\"><a title=\"Raquel Lyra assina ordens de servi\u00e7o para fortalecer a agricultura familiar em Pernambuco\" class=\"read-more button\" href=\"https:\/\/blogdojuniorcavalcanti.com.br\/index.php\/2024\/12\/13\/raquel-lyra-assina-ordens-de-servico-para-fortalecer-a-agricultura-familiar-em-pernambuco\/#more-39333\" aria-label=\"More on Raquel Lyra assina ordens de servi\u00e7o para fortalecer a agricultura familiar em Pernambuco\">Leia mais<\/a><\/p>\n","protected":false},"author":2,"featured_media":39334,"comment_status":"open","ping_status":"open","sticky":false,"template":"","format":"standard","meta":{"footnotes":""},"categories":[25],"tags":[],"class_list":["post-39333","post","type-post","status-publish","format-standard","has-post-thumbnail","hentry","category-destaque","resize-featured-image"],"_links":{"self":[{"href":"https:\/\/blogdojuniorcavalcanti.com.br\/index.php\/wp-json\/wp\/v2\/posts\/39333","targetHints":{"allow":["GET"]}}],"collection":[{"href":"https:\/\/blogdojuniorcavalcanti.com.br\/index.php\/wp-json\/wp\/v2\/posts"}],"about":[{"href":"https:\/\/blogdojuniorcavalcanti.com.br\/index.php\/wp-json\/wp\/v2\/types\/post"}],"author":[{"embeddable":true,"href":"https:\/\/blogdojuniorcavalcanti.com.br\/index.php\/wp-json\/wp\/v2\/users\/2"}],"replies":[{"embeddable":true,"href":"https:\/\/blogdojuniorcavalcanti.com.br\/index.php\/wp-json\/wp\/v2\/comments?post=39333"}],"version-history":[{"count":1,"href":"https:\/\/blogdojuniorcavalcanti.com.br\/index.php\/wp-json\/wp\/v2\/posts\/39333\/revisions"}],"predecessor-version":[{"id":39335,"href":"https:\/\/blogdojuniorcavalcanti.com.br\/index.php\/wp-json\/wp\/v2\/posts\/39333\/revisions\/39335"}],"wp:featuredmedia":[{"embeddable":true,"href":"https:\/\/blogdojuniorcavalcanti.com.br\/index.php\/wp-json\/wp\/v2\/media\/39334"}],"wp:attachment":[{"href":"https:\/\/blogdojuniorcavalcanti.com.br\/index.php\/wp-json\/wp\/v2\/media?parent=39333"}],"wp:term":[{"taxonomy":"category","embeddable":true,"href":"https:\/\/blogdojuniorcavalcanti.com.br\/index.php\/wp-json\/wp\/v2\/categories?post=39333"},{"taxonomy":"post_tag","embeddable":true,"href":"https:\/\/blogdojuniorcavalcanti.com.br\/index.php\/wp-json\/wp\/v2\/tags?post=39333"}],"curies":[{"name":"wp","href":"https:\/\/api.w.org\/{rel}","templated":true}]}}