{"id":39347,"date":"2024-12-14T07:11:57","date_gmt":"2024-12-14T10:11:57","guid":{"rendered":"https:\/\/blogdojuniorcavalcanti.com.br\/?p=39347"},"modified":"2024-12-14T07:11:57","modified_gmt":"2024-12-14T10:11:57","slug":"livraria-lira-cultural-recebe-o-lancamento-do-livro-o-jardim-de-clara-de-zalxijoane-ferreira","status":"publish","type":"post","link":"https:\/\/blogdojuniorcavalcanti.com.br\/index.php\/2024\/12\/14\/livraria-lira-cultural-recebe-o-lancamento-do-livro-o-jardim-de-clara-de-zalxijoane-ferreira\/","title":{"rendered":"Livraria Lira Cultural recebe o lan\u00e7amento do livro \u201d O Jardim de Clara\u201d, de Zalxijoane Ferreira"},"content":{"rendered":"<p style=\"text-align: justify;\"><span style=\"font-size: 14pt; font-family: arial, helvetica, sans-serif;\">Neste s\u00e1bado, dia 14 de dezembro, a Livraria Lira Cultural recebe o lan\u00e7amento do livro \u201d O Jardim de Clara\u201d, da jornalista Zalxijoane Ferreira.<\/span><\/p>\n<p style=\"text-align: justify;\"><span style=\"font-size: 14pt; font-family: arial, helvetica, sans-serif;\">O livro mergulhar na constru\u00e7\u00e3o do universo l\u00fadico de uma crian\u00e7a e suas descobertas, experi\u00eancias e saberes. E tirar desse mundo pr\u00f3prio uma narrativa que desafie outras crian\u00e7as a entrar e participar desse espa\u00e7o.<\/span><\/p>\n<p style=\"text-align: justify;\"><span style=\"font-size: 14pt; font-family: arial, helvetica, sans-serif;\">Inspirado nas viv\u00eancias da pr\u00f3pria m\u00e3e \u2013 e sua observa\u00e7\u00e3o na constru\u00e7\u00e3o de um infinito que cabe no jardim da filha \u2013 a obra convida a enxergar o mundo com a mesma curiosidade e encantamento da pequena Clara.<\/span><\/p>\n<p style=\"text-align: justify;\"><span style=\"font-size: 14pt; font-family: arial, helvetica, sans-serif;\">O livro \u00e9 um convite \u00e0 valoriza\u00e7\u00e3o das pequenas coisas do nosso cotidiano, como observar as formigas, sentir o cheiro da chuva, o frescor de um banho de mangueira e o carinho da fam\u00edlia t\u00e3o importantes nessa fase do desenvolvimento.<\/span><\/p>\n<p style=\"text-align: justify;\"><span style=\"font-size: 14pt; font-family: arial, helvetica, sans-serif;\">Ao lado da pr\u00f3pria m\u00e3e, do irm\u00e3o Chico, da amiga Cileide, do c\u00e3ozinho Nando, e com a ajuda da av\u00f3 D\u00f4ra e do jardineiro Djalma, Clara explora cada cantinho do jardim, cultivando mem\u00f3rias e experi\u00eancias inesquec\u00edveis.<\/span><\/p>\n<p style=\"text-align: justify;\"><span style=\"font-size: 14pt; font-family: arial, helvetica, sans-serif;\">A programa\u00e7\u00e3o do lan\u00e7amento conta com conta\u00e7\u00e3o de hist\u00f3rias para as crian\u00e7as e uma roda de conversa com a autora. A produ\u00e7\u00e3o \u00e9 de Amannda Oliveira e a Medica\u00e7\u00e3o da poetisa Alba Chalegre.<\/span><\/p>\n<p style=\"text-align: justify;\"><span style=\"font-size: 14pt; font-family: arial, helvetica, sans-serif;\"><strong>Sobre a autora<\/strong><\/span><\/p>\n<p style=\"text-align: justify;\"><span style=\"font-size: 14pt; font-family: arial, helvetica, sans-serif;\">Zalxijoane Ferreira \u00e9 formada em Radialismo &amp; TV pela Universidade Federal de Pernambuco e em Jornalismo pela Universidade Cat\u00f3lica de Pernambuco, com exitosa carreira no r\u00e1dio e na TV. Tem passagens por R\u00e1dio Jornal AM, R\u00e1dio Universit\u00e1ria AM, R\u00e1dio 103 FM e atualmente est\u00e1 na R\u00e1dio Itapuama FM, onde atua hoje no programa \u201cDe Primeira Categoria\u201d e tamb\u00e9m coordenando o Departamento de Jornalismo da emissora. Ela \u00e9 m\u00e3e de dois filhos, Clara e Francisco.<\/span><\/p>\n<p style=\"text-align: justify;\"><span style=\"font-size: 14pt; font-family: arial, helvetica, sans-serif;\"><strong>Servi\u00e7o:<\/strong><\/span><\/p>\n<p style=\"text-align: justify;\"><span style=\"font-size: 14pt; font-family: arial, helvetica, sans-serif;\">Lan\u00e7amento de \u201cO Jardim de Clara\u201d, de Zalxijoane Ferreira<\/span><\/p>\n<p style=\"text-align: justify;\"><span style=\"font-size: 14pt; font-family: arial, helvetica, sans-serif;\">Livraria Lira Cultural<\/span><\/p>\n<p style=\"text-align: justify;\"><span style=\"font-size: 14pt; font-family: arial, helvetica, sans-serif;\">S\u00e1bado, 14 de dezembro<\/span><\/p>\n<p style=\"text-align: justify;\"><span style=\"font-size: 14pt; font-family: arial, helvetica, sans-serif;\">17 horas<\/span><\/p>\n<p style=\"text-align: justify;\"><span style=\"font-size: 14pt; font-family: arial, helvetica, sans-serif;\">Pra\u00e7a da Bandeira-Arcoverde<\/span><\/p>\n","protected":false},"excerpt":{"rendered":"<p>Neste s&aacute;bado, dia 14 de dezembro, a Livraria Lira Cultural recebe o lan&ccedil;amento do livro &rdquo; O Jardim de Clara&rdquo;, da jornalista Zalxijoane Ferreira. O livro mergulhar na constru&ccedil;&atilde;o do universo l&uacute;dico de uma crian&ccedil;a e suas descobertas, experi&ecirc;ncias e saberes. E tirar desse mundo pr&oacute;prio uma narrativa que desafie outras crian&ccedil;as a entrar e participar desse espa&ccedil;o. Inspirado nas viv&ecirc;ncias da pr&oacute;pria m&atilde;e &ndash; e sua observa&ccedil;&atilde;o na constru&ccedil;&atilde;o de um infinito que cabe no jardim da filha &ndash; a obra convida a enxergar o mundo com a mesma curiosidade e encantamento da pequena Clara. O livro &eacute; um &#8230; <\/p>\n<p class=\"read-more-container\"><a title=\"Livraria Lira Cultural recebe o lan\u00e7amento do livro \u201d O Jardim de Clara\u201d, de Zalxijoane Ferreira\" class=\"read-more button\" href=\"https:\/\/blogdojuniorcavalcanti.com.br\/index.php\/2024\/12\/14\/livraria-lira-cultural-recebe-o-lancamento-do-livro-o-jardim-de-clara-de-zalxijoane-ferreira\/#more-39347\" aria-label=\"More on Livraria Lira Cultural recebe o lan\u00e7amento do livro \u201d O Jardim de Clara\u201d, de Zalxijoane Ferreira\">Leia mais<\/a><\/p>\n","protected":false},"author":2,"featured_media":39349,"comment_status":"open","ping_status":"open","sticky":false,"template":"","format":"standard","meta":{"footnotes":""},"categories":[25],"tags":[],"class_list":["post-39347","post","type-post","status-publish","format-standard","has-post-thumbnail","hentry","category-destaque","resize-featured-image"],"_links":{"self":[{"href":"https:\/\/blogdojuniorcavalcanti.com.br\/index.php\/wp-json\/wp\/v2\/posts\/39347","targetHints":{"allow":["GET"]}}],"collection":[{"href":"https:\/\/blogdojuniorcavalcanti.com.br\/index.php\/wp-json\/wp\/v2\/posts"}],"about":[{"href":"https:\/\/blogdojuniorcavalcanti.com.br\/index.php\/wp-json\/wp\/v2\/types\/post"}],"author":[{"embeddable":true,"href":"https:\/\/blogdojuniorcavalcanti.com.br\/index.php\/wp-json\/wp\/v2\/users\/2"}],"replies":[{"embeddable":true,"href":"https:\/\/blogdojuniorcavalcanti.com.br\/index.php\/wp-json\/wp\/v2\/comments?post=39347"}],"version-history":[{"count":1,"href":"https:\/\/blogdojuniorcavalcanti.com.br\/index.php\/wp-json\/wp\/v2\/posts\/39347\/revisions"}],"predecessor-version":[{"id":39350,"href":"https:\/\/blogdojuniorcavalcanti.com.br\/index.php\/wp-json\/wp\/v2\/posts\/39347\/revisions\/39350"}],"wp:featuredmedia":[{"embeddable":true,"href":"https:\/\/blogdojuniorcavalcanti.com.br\/index.php\/wp-json\/wp\/v2\/media\/39349"}],"wp:attachment":[{"href":"https:\/\/blogdojuniorcavalcanti.com.br\/index.php\/wp-json\/wp\/v2\/media?parent=39347"}],"wp:term":[{"taxonomy":"category","embeddable":true,"href":"https:\/\/blogdojuniorcavalcanti.com.br\/index.php\/wp-json\/wp\/v2\/categories?post=39347"},{"taxonomy":"post_tag","embeddable":true,"href":"https:\/\/blogdojuniorcavalcanti.com.br\/index.php\/wp-json\/wp\/v2\/tags?post=39347"}],"curies":[{"name":"wp","href":"https:\/\/api.w.org\/{rel}","templated":true}]}}