{"id":39509,"date":"2024-12-23T07:56:18","date_gmt":"2024-12-23T10:56:18","guid":{"rendered":"https:\/\/blogdojuniorcavalcanti.com.br\/?p=39509"},"modified":"2024-12-23T07:56:18","modified_gmt":"2024-12-23T10:56:18","slug":"raquel-lyra-vai-retomar-obras-paradas-ha-10-anos-de-cadeias-em-aracoiaba","status":"publish","type":"post","link":"https:\/\/blogdojuniorcavalcanti.com.br\/index.php\/2024\/12\/23\/raquel-lyra-vai-retomar-obras-paradas-ha-10-anos-de-cadeias-em-aracoiaba\/","title":{"rendered":"Raquel Lyra vai retomar obras paradas h\u00e1 10 anos de cadeias em Ara\u00e7oiaba"},"content":{"rendered":"<p style=\"text-align: justify;\">O Governo do Estado concluiu uma licita\u00e7\u00e3o para terminar as obras em tr\u00eas cadeias p\u00fablicas em Ara\u00e7oiaba, paradas h\u00e1 dez anos. O governo j\u00e1 escolheu a empresa que ir\u00e1 terminar as obras. A licita\u00e7\u00e3o foi conduzida pela Cehab, estatal estadual.<\/p>\n<p style=\"text-align: justify;\">Foi contratada uma \u201cempresa especializada de engenharia para adequa\u00e7\u00e3o e execu\u00e7\u00e3o dos servi\u00e7os de obras remanescentes de 03 cadeias p\u00fablicas masculinas (UPM03 \/ UPM-04 e UPM-05), situadas na comunidade Engenho Santo Ant\u00f4nio, no munic\u00edpio de Ara\u00e7oiaba\/PE\u201d. O valor do contrato, segundo a licita\u00e7\u00e3o, ficou em R$ 30.683.779,50.<\/p>\n<p style=\"text-align: justify;\">O t\u00e9rmino destas obras virou uma novela com cobran\u00e7as do Conselho Nacional de Justi\u00e7a (CNJ), desde o governo de Eduardo Campos (PSB), passando por Paulo C\u00e2mara (sem partido) e chegando na atual gest\u00e3o estadual.<\/p>\n<p style=\"text-align: justify;\"><strong>Dez anos de obras paradas<\/strong><\/p>\n<p style=\"text-align: justify;\">Em novembro de 2023, um levantamento realizado pelo Tribunal de Contas de Pernambuco (TCE) destacou os custos associados \u00e0 finaliza\u00e7\u00e3o das edifica\u00e7\u00f5es de dois complexos prisionais e tr\u00eas unidades carcer\u00e1rias situados na \u00e1rea rural de Ara\u00e7oiaba, na regi\u00e3o metropolitana do Recife.<\/p>\n<p style=\"text-align: justify;\">Ap\u00f3s dez anos desde o in\u00edcio dos trabalhos, as cadeias p\u00fablicas encontram-se desativadas. Mais de R$ 120 milh\u00f5es provenientes dos cofres p\u00fablicos foram utilizados, conforme informa\u00e7\u00f5es do TCE.<\/p>\n<p style=\"text-align: justify;\">As constru\u00e7\u00f5es iniciaram em junho de 2014, em tr\u00eas lotes de terra do Engenho Santo Ant\u00f4nio. Algumas unidades tinham previs\u00e3o para entrega em 2016. O relat\u00f3rio do TCE acompanhou a constru\u00e7\u00e3o das cadeias de 2014 a 2023, apontando uma s\u00e9rie de supostas regularidades.<span id=\"more-177085\"><\/span><\/p>\n<p style=\"text-align: justify;\">\u201cAs obras, que estavam previstas para serem completadas em um ano e meio, est\u00e3o se arrastando h\u00e1 10 anos pela aus\u00eancia de prioridade do estado, pela aus\u00eancia de disponibiliza\u00e7\u00e3o de recursos e, tamb\u00e9m, pela car\u00eancia na execu\u00e7\u00e3o dos projetos e demais obras para que o projeto pudesse funcionar\u201d, afirmou o promotor de Justi\u00e7a da Vara de Execu\u00e7\u00f5es Penais Fernando Falc\u00e3o Ferraz.<\/p>\n","protected":false},"excerpt":{"rendered":"<p>O Governo do Estado concluiu uma licita&ccedil;&atilde;o para terminar as obras em tr&ecirc;s cadeias p&uacute;blicas em Ara&ccedil;oiaba, paradas h&aacute; dez anos. O governo j&aacute; escolheu a empresa que ir&aacute; terminar as obras. A licita&ccedil;&atilde;o foi conduzida pela Cehab, estatal estadual. Foi contratada uma &ldquo;empresa especializada de engenharia para adequa&ccedil;&atilde;o e execu&ccedil;&atilde;o dos servi&ccedil;os de obras remanescentes de 03 cadeias p&uacute;blicas masculinas (UPM03 \/ UPM-04 e UPM-05), situadas na comunidade Engenho Santo Ant&ocirc;nio, no munic&iacute;pio de Ara&ccedil;oiaba\/PE&rdquo;. O valor do contrato, segundo a licita&ccedil;&atilde;o, ficou em R$ 30.683.779,50. O t&eacute;rmino destas obras virou uma novela com cobran&ccedil;as do Conselho Nacional de &#8230; <\/p>\n<p class=\"read-more-container\"><a title=\"Raquel Lyra vai retomar obras paradas h\u00e1 10 anos de cadeias em Ara\u00e7oiaba\" class=\"read-more button\" href=\"https:\/\/blogdojuniorcavalcanti.com.br\/index.php\/2024\/12\/23\/raquel-lyra-vai-retomar-obras-paradas-ha-10-anos-de-cadeias-em-aracoiaba\/#more-39509\" aria-label=\"More on Raquel Lyra vai retomar obras paradas h\u00e1 10 anos de cadeias em Ara\u00e7oiaba\">Leia mais<\/a><\/p>\n","protected":false},"author":1,"featured_media":39510,"comment_status":"open","ping_status":"open","sticky":false,"template":"","format":"standard","meta":{"footnotes":""},"categories":[25],"tags":[],"class_list":["post-39509","post","type-post","status-publish","format-standard","has-post-thumbnail","hentry","category-destaque","resize-featured-image"],"_links":{"self":[{"href":"https:\/\/blogdojuniorcavalcanti.com.br\/index.php\/wp-json\/wp\/v2\/posts\/39509","targetHints":{"allow":["GET"]}}],"collection":[{"href":"https:\/\/blogdojuniorcavalcanti.com.br\/index.php\/wp-json\/wp\/v2\/posts"}],"about":[{"href":"https:\/\/blogdojuniorcavalcanti.com.br\/index.php\/wp-json\/wp\/v2\/types\/post"}],"author":[{"embeddable":true,"href":"https:\/\/blogdojuniorcavalcanti.com.br\/index.php\/wp-json\/wp\/v2\/users\/1"}],"replies":[{"embeddable":true,"href":"https:\/\/blogdojuniorcavalcanti.com.br\/index.php\/wp-json\/wp\/v2\/comments?post=39509"}],"version-history":[{"count":1,"href":"https:\/\/blogdojuniorcavalcanti.com.br\/index.php\/wp-json\/wp\/v2\/posts\/39509\/revisions"}],"predecessor-version":[{"id":39511,"href":"https:\/\/blogdojuniorcavalcanti.com.br\/index.php\/wp-json\/wp\/v2\/posts\/39509\/revisions\/39511"}],"wp:featuredmedia":[{"embeddable":true,"href":"https:\/\/blogdojuniorcavalcanti.com.br\/index.php\/wp-json\/wp\/v2\/media\/39510"}],"wp:attachment":[{"href":"https:\/\/blogdojuniorcavalcanti.com.br\/index.php\/wp-json\/wp\/v2\/media?parent=39509"}],"wp:term":[{"taxonomy":"category","embeddable":true,"href":"https:\/\/blogdojuniorcavalcanti.com.br\/index.php\/wp-json\/wp\/v2\/categories?post=39509"},{"taxonomy":"post_tag","embeddable":true,"href":"https:\/\/blogdojuniorcavalcanti.com.br\/index.php\/wp-json\/wp\/v2\/tags?post=39509"}],"curies":[{"name":"wp","href":"https:\/\/api.w.org\/{rel}","templated":true}]}}