{"id":3952,"date":"2019-03-28T15:38:12","date_gmt":"2019-03-28T18:38:12","guid":{"rendered":"http:\/\/blogdojuniorcavalcanti.com.br\/?p=3952"},"modified":"2019-03-28T15:38:12","modified_gmt":"2019-03-28T18:38:12","slug":"com-novo-hematoma-abdominal-gonzaga-patriota-voltara-a-sp-para-cuidados","status":"publish","type":"post","link":"https:\/\/blogdojuniorcavalcanti.com.br\/index.php\/2019\/03\/28\/com-novo-hematoma-abdominal-gonzaga-patriota-voltara-a-sp-para-cuidados\/","title":{"rendered":"Com novo hematoma abdominal, Gonzaga Patriota voltar\u00e1 a SP para cuidados"},"content":{"rendered":"<p style=\"text-align: justify;\"><span style=\"font-size: 14pt;\"><img fetchpriority=\"high\" decoding=\"async\" class=\"alignleft size-medium wp-image-122580\" src=\"https:\/\/i1.wp.com\/nilljunior.com.br\/wp-content\/uploads\/2018\/04\/Gonzaga-Patriota1.jpg?resize=300%2C192\" sizes=\"(max-width: 300px) 100vw, 300px\" srcset=\"https:\/\/i1.wp.com\/nilljunior.com.br\/wp-content\/uploads\/2018\/04\/Gonzaga-Patriota1.jpg?resize=300%2C192 300w, https:\/\/i1.wp.com\/nilljunior.com.br\/wp-content\/uploads\/2018\/04\/Gonzaga-Patriota1.jpg?resize=600%2C384 600w, https:\/\/i1.wp.com\/nilljunior.com.br\/wp-content\/uploads\/2018\/04\/Gonzaga-Patriota1.jpg?w=610 610w\" alt=\"\" width=\"300\" height=\"192\" data-attachment-id=\"122580\" data-permalink=\"http:\/\/nilljunior.com.br\/gonzaga-se-defende-de-acusacao-de-agressao-ele-botou-o-dedo-na-minha-venta-e-me-chamou-de-golpista\/gonzaga-patriota1\/\" data-orig-file=\"https:\/\/i1.wp.com\/nilljunior.com.br\/wp-content\/uploads\/2018\/04\/Gonzaga-Patriota1.jpg?fit=610%2C390\" data-orig-size=\"610,390\" data-comments-opened=\"1\" data-image-meta=\"{&quot;aperture&quot;:&quot;0&quot;,&quot;credit&quot;:&quot;&quot;,&quot;camera&quot;:&quot;&quot;,&quot;caption&quot;:&quot;&quot;,&quot;created_timestamp&quot;:&quot;0&quot;,&quot;copyright&quot;:&quot;&quot;,&quot;focal_length&quot;:&quot;0&quot;,&quot;iso&quot;:&quot;0&quot;,&quot;shutter_speed&quot;:&quot;0&quot;,&quot;title&quot;:&quot;&quot;,&quot;orientation&quot;:&quot;1&quot;}\" data-image-title=\"Gonzaga-Patriota1\" data-image-description=\"\" data-medium-file=\"https:\/\/i1.wp.com\/nilljunior.com.br\/wp-content\/uploads\/2018\/04\/Gonzaga-Patriota1.jpg?fit=300%2C192\" data-large-file=\"https:\/\/i1.wp.com\/nilljunior.com.br\/wp-content\/uploads\/2018\/04\/Gonzaga-Patriota1.jpg?fit=600%2C384\" \/><span style=\"font-family: arial, helvetica, sans-serif;\">Na noite desta quarta-feira (27), ap\u00f3s passar mal durante a sess\u00e3o no Plen\u00e1rio da C\u00e2mara, o deputado federal Gonzaga Patriota (PSB) foi internado no hospital em Bras\u00edlia e, ap\u00f3s exames, constatou-se novo hematoma localizado na regi\u00e3o abdominal. O parlamentar ser\u00e1 transferido para S\u00e3o Paulo para que a equipe m\u00e9dica que o acompanhou durante todo o tratamento possa dar continuidade aos procedimentos adequados. O quadro cl\u00ednico do deputado \u00e9 est\u00e1vel.<\/span><\/span><\/p>\n<p style=\"text-align: justify;\"><span style=\"font-size: 14pt; font-family: arial, helvetica, sans-serif;\">O parlamentar recebeu os primeiros atendimentos na C\u00e2mara ap\u00f3s sentir-se mal, por volta das 19h, durante sess\u00e3o da C\u00e2mara dos deputados e foi conduzido para atendimento m\u00e9dico na casa. O Presidente da C\u00e2mara,\u00a0Rodrigo Maia (DEM), chegou a suspender por alguns instantes a sess\u00e3o desta quarta-feira (27)\u00a0para que o deputado pudesse receber atendimento m\u00e9dico.<\/span><\/p>\n<p style=\"text-align: justify;\"><span style=\"font-size: 14pt; font-family: arial, helvetica, sans-serif;\">Gonzaga Patriota esteve internado recentemente, no Hospital Albert Einstein, em S\u00e3o Paulo, devido a um quadro viral, que gerou complica\u00e7\u00f5es no pulm\u00e3o, f\u00edgado e trombose na regi\u00e3o abdominal, para onde ir\u00e1 voltar.<\/span><\/p>\n","protected":false},"excerpt":{"rendered":"<p>Na noite desta quarta-feira (27), ap&oacute;s passar mal durante a sess&atilde;o no Plen&aacute;rio da C&acirc;mara, o deputado federal Gonzaga Patriota (PSB) foi internado no hospital em Bras&iacute;lia e, ap&oacute;s exames, constatou-se novo hematoma localizado na regi&atilde;o abdominal. O parlamentar ser&aacute; transferido para S&atilde;o Paulo para que a equipe m&eacute;dica que o acompanhou durante todo o tratamento possa dar continuidade aos procedimentos adequados. O quadro cl&iacute;nico do deputado &eacute; est&aacute;vel. O parlamentar recebeu os primeiros atendimentos na C&acirc;mara ap&oacute;s sentir-se mal, por volta das 19h, durante sess&atilde;o da C&acirc;mara dos deputados e foi conduzido para atendimento m&eacute;dico na casa. O Presidente &#8230; <\/p>\n<p class=\"read-more-container\"><a title=\"Com novo hematoma abdominal, Gonzaga Patriota voltar\u00e1 a SP para cuidados\" class=\"read-more button\" href=\"https:\/\/blogdojuniorcavalcanti.com.br\/index.php\/2019\/03\/28\/com-novo-hematoma-abdominal-gonzaga-patriota-voltara-a-sp-para-cuidados\/#more-3952\" aria-label=\"More on Com novo hematoma abdominal, Gonzaga Patriota voltar\u00e1 a SP para cuidados\">Leia mais<\/a><\/p>\n","protected":false},"author":2,"featured_media":0,"comment_status":"open","ping_status":"open","sticky":false,"template":"","format":"standard","meta":{"footnotes":""},"categories":[1],"tags":[],"class_list":["post-3952","post","type-post","status-publish","format-standard","hentry","category-sem-categoria"],"_links":{"self":[{"href":"https:\/\/blogdojuniorcavalcanti.com.br\/index.php\/wp-json\/wp\/v2\/posts\/3952","targetHints":{"allow":["GET"]}}],"collection":[{"href":"https:\/\/blogdojuniorcavalcanti.com.br\/index.php\/wp-json\/wp\/v2\/posts"}],"about":[{"href":"https:\/\/blogdojuniorcavalcanti.com.br\/index.php\/wp-json\/wp\/v2\/types\/post"}],"author":[{"embeddable":true,"href":"https:\/\/blogdojuniorcavalcanti.com.br\/index.php\/wp-json\/wp\/v2\/users\/2"}],"replies":[{"embeddable":true,"href":"https:\/\/blogdojuniorcavalcanti.com.br\/index.php\/wp-json\/wp\/v2\/comments?post=3952"}],"version-history":[{"count":1,"href":"https:\/\/blogdojuniorcavalcanti.com.br\/index.php\/wp-json\/wp\/v2\/posts\/3952\/revisions"}],"predecessor-version":[{"id":3953,"href":"https:\/\/blogdojuniorcavalcanti.com.br\/index.php\/wp-json\/wp\/v2\/posts\/3952\/revisions\/3953"}],"wp:attachment":[{"href":"https:\/\/blogdojuniorcavalcanti.com.br\/index.php\/wp-json\/wp\/v2\/media?parent=3952"}],"wp:term":[{"taxonomy":"category","embeddable":true,"href":"https:\/\/blogdojuniorcavalcanti.com.br\/index.php\/wp-json\/wp\/v2\/categories?post=3952"},{"taxonomy":"post_tag","embeddable":true,"href":"https:\/\/blogdojuniorcavalcanti.com.br\/index.php\/wp-json\/wp\/v2\/tags?post=3952"}],"curies":[{"name":"wp","href":"https:\/\/api.w.org\/{rel}","templated":true}]}}