{"id":39629,"date":"2024-12-27T11:06:59","date_gmt":"2024-12-27T14:06:59","guid":{"rendered":"https:\/\/blogdojuniorcavalcanti.com.br\/?p=39629"},"modified":"2024-12-27T11:06:59","modified_gmt":"2024-12-27T14:06:59","slug":"sobe-para-9-o-numero-de-mortos-apos-queda-de-ponte-entre-to-e-ma","status":"publish","type":"post","link":"https:\/\/blogdojuniorcavalcanti.com.br\/index.php\/2024\/12\/27\/sobe-para-9-o-numero-de-mortos-apos-queda-de-ponte-entre-to-e-ma\/","title":{"rendered":"Sobe para 9 o n\u00famero de mortos ap\u00f3s queda de ponte entre TO e MA"},"content":{"rendered":"<figure style=\"width: 595px\" class=\"wp-caption aligncenter\"><img fetchpriority=\"high\" decoding=\"async\" src=\"https:\/\/www.diariodepernambuco.com.br\/dpimages\/AjfL8HLbyNGPUQqsEIAV8gW4qoY=\/960x0\/smart\/imgsapp.diariodepernambuco.com.br\/app\/noticia_127983242361\/2024\/12\/27\/967141\/20241227082207174388i.jpeg\" alt=\"https:\/\/www.diariodepernambuco.com.br\/dpimages\/AjfL8HLbyNGPUQqsEIAV8gW4qoY=\/960x0\/smart\/imgsapp.diariodepernambuco.com.br\/app\/noticia_127983242361\/2024\/12\/27\/967141\/20241227082207174388i.jpeg\" width=\"605\" height=\"403\" \/><figcaption class=\"wp-caption-text\">Oito pessoas seguem desaparecidas (foto: Divulga\u00e7\u00e3o)<\/figcaption><\/figure>\n<p style=\"text-align: center;\"><em><strong><span class=\"h5 desc_noticia\">Segundo o Corpo de Bombeiros, um outro corpo foi encontrado fora da \u00e1rea de mergulho<\/span> <\/strong><\/em><\/p>\n<p style=\"text-align: justify;\">O Corpo de Bombeiros do Maranh\u00e3o (CBMMA) confirmou mais uma morte decorrente do desabamento da ponte Juscelino Kubitscheck de Oliveira, que ligava as cidades de Aguiarn\u00f3polis (TO) e Estreito (MA). De acordo com a corpora\u00e7\u00e3o, o nono corpo foi encontrado fora da \u00e1rea de mergulho, no fim da tarde dessa quinta-feira (26\/12). Com isso, oito pessoas seguem desaparecidas.<\/p>\n<p>Por meio das redes sociais, o comandante-geral do CBMMA, C\u00e9lio Ara\u00fajo, informou que o corpo encontrado estava a jusante da ponte, ou seja, no sentido em que corre o fluxo d\u2019\u00e1gua em dire\u00e7\u00e3o \u00e0 foz.<\/p>\n<p>\u201cNesta quinta-feira (26), os mergulhadores conseguiram avan\u00e7ar na identifica\u00e7\u00e3o de tr\u00eas ve\u00edculos (duas motos e um caminh\u00e3o carregado de agrot\u00f3xicos) e dois corpos, por\u00e9m, n\u00e3o foi poss\u00edvel o resgate, devido \u00e0 falta de condi\u00e7\u00f5es seguras para os profissionais. No final da tarde mais um corpo foi localizado, desta vez fora da \u00e1rea de mergulho, a jusante da ponte. Totalizando at\u00e9 agora 9 \u00f3bitos confirmados\u201d, diz a publica\u00e7\u00e3o.<\/p>\n<p style=\"text-align: justify;\"><span style=\"font-size: 10pt;\"><strong><em>Confira as informa\u00e7\u00f5es completas no\u00a0Metr\u00f3poles.<\/em><\/strong><\/span><\/p>\n","protected":false},"excerpt":{"rendered":"<p>Segundo o Corpo de Bombeiros, um outro corpo foi encontrado fora da &aacute;rea de mergulho O Corpo de Bombeiros do Maranh&atilde;o (CBMMA) confirmou mais uma morte decorrente do desabamento da ponte Juscelino Kubitscheck de Oliveira, que ligava as cidades de Aguiarn&oacute;polis (TO) e Estreito (MA). De acordo com a corpora&ccedil;&atilde;o, o nono corpo foi encontrado fora da &aacute;rea de mergulho, no fim da tarde dessa quinta-feira (26\/12). Com isso, oito pessoas seguem desaparecidas. Por meio das redes sociais, o comandante-geral do CBMMA, C&eacute;lio Ara&uacute;jo, informou que o corpo encontrado estava a jusante da ponte, ou seja, no sentido em que &#8230; <\/p>\n<p class=\"read-more-container\"><a title=\"Sobe para 9 o n\u00famero de mortos ap\u00f3s queda de ponte entre TO e MA\" class=\"read-more button\" href=\"https:\/\/blogdojuniorcavalcanti.com.br\/index.php\/2024\/12\/27\/sobe-para-9-o-numero-de-mortos-apos-queda-de-ponte-entre-to-e-ma\/#more-39629\" aria-label=\"More on Sobe para 9 o n\u00famero de mortos ap\u00f3s queda de ponte entre TO e MA\">Leia mais<\/a><\/p>\n","protected":false},"author":1,"featured_media":0,"comment_status":"open","ping_status":"open","sticky":false,"template":"","format":"standard","meta":{"footnotes":""},"categories":[33],"tags":[],"class_list":["post-39629","post","type-post","status-publish","format-standard","hentry","category-brasil"],"_links":{"self":[{"href":"https:\/\/blogdojuniorcavalcanti.com.br\/index.php\/wp-json\/wp\/v2\/posts\/39629","targetHints":{"allow":["GET"]}}],"collection":[{"href":"https:\/\/blogdojuniorcavalcanti.com.br\/index.php\/wp-json\/wp\/v2\/posts"}],"about":[{"href":"https:\/\/blogdojuniorcavalcanti.com.br\/index.php\/wp-json\/wp\/v2\/types\/post"}],"author":[{"embeddable":true,"href":"https:\/\/blogdojuniorcavalcanti.com.br\/index.php\/wp-json\/wp\/v2\/users\/1"}],"replies":[{"embeddable":true,"href":"https:\/\/blogdojuniorcavalcanti.com.br\/index.php\/wp-json\/wp\/v2\/comments?post=39629"}],"version-history":[{"count":1,"href":"https:\/\/blogdojuniorcavalcanti.com.br\/index.php\/wp-json\/wp\/v2\/posts\/39629\/revisions"}],"predecessor-version":[{"id":39630,"href":"https:\/\/blogdojuniorcavalcanti.com.br\/index.php\/wp-json\/wp\/v2\/posts\/39629\/revisions\/39630"}],"wp:attachment":[{"href":"https:\/\/blogdojuniorcavalcanti.com.br\/index.php\/wp-json\/wp\/v2\/media?parent=39629"}],"wp:term":[{"taxonomy":"category","embeddable":true,"href":"https:\/\/blogdojuniorcavalcanti.com.br\/index.php\/wp-json\/wp\/v2\/categories?post=39629"},{"taxonomy":"post_tag","embeddable":true,"href":"https:\/\/blogdojuniorcavalcanti.com.br\/index.php\/wp-json\/wp\/v2\/tags?post=39629"}],"curies":[{"name":"wp","href":"https:\/\/api.w.org\/{rel}","templated":true}]}}