{"id":39678,"date":"2024-12-30T08:47:35","date_gmt":"2024-12-30T11:47:35","guid":{"rendered":"https:\/\/blogdojuniorcavalcanti.com.br\/?p=39678"},"modified":"2024-12-30T08:51:01","modified_gmt":"2024-12-30T11:51:01","slug":"morre-aos-100-anos-jimmy-carter-ex-presidente-dos-eua","status":"publish","type":"post","link":"https:\/\/blogdojuniorcavalcanti.com.br\/index.php\/2024\/12\/30\/morre-aos-100-anos-jimmy-carter-ex-presidente-dos-eua\/","title":{"rendered":"Morre, aos 100 anos, Jimmy Carter, ex-presidente dos EUA"},"content":{"rendered":"<figure id=\"attachment_39681\" aria-describedby=\"caption-attachment-39681\" style=\"width: 592px\" class=\"wp-caption aligncenter\"><img fetchpriority=\"high\" decoding=\"async\" class=\" wp-image-39681\" src=\"https:\/\/blogdojuniorcavalcanti.com.br\/wp-content\/uploads\/2024\/12\/77eda3d5ba5427429e49a0a747f98ca1.avif\" alt=\"\" width=\"602\" height=\"405\" \/><figcaption id=\"caption-attachment-39681\" class=\"wp-caption-text\">Universal History Archive\/Universal Images Group via Getty Images<\/figcaption><\/figure>\n<p class=\"Text__TextBase-sc-1d75gww-0 jhEviD noticiaCabecalho__subtitulo\" style=\"text-align: center;\"><em><strong>Jimmy Carter assumiu a Casa Branca em janeiro de 1977 como o 39\u00ba presidente dos Estados Unidos<\/strong><\/em><\/p>\n<p style=\"text-align: justify;\">Morreu, neste domingo (29\/12), aos 100 anos, Jimmy Carter, ex-presidente dos\u00a0<a href=\"https:\/\/www.metropoles.com\/tag\/estados-unidos\" target=\"_blank\" rel=\"noopener\">Estados Unidos<\/a>. A informa\u00e7\u00e3o foi confirmada pelo filho ao jornal americano The Washington Post.<\/p>\n<div class=\"m-banner-wrap m-banner-rectangle m-publicity-content-middle\">\n<p style=\"text-align: justify;\" data-gtm-vis-recent-on-screen104869357_94=\"1407\" data-gtm-vis-first-on-screen104869357_94=\"1407\" data-gtm-vis-total-visible-time104869357_94=\"100\" data-gtm-vis-has-fired104869357_94=\"1\">Carter governou o pa\u00eds entre 1977 e 1981, em um per\u00edodo turbulento de\u00a0<a href=\"https:\/\/www.metropoles.com\/tag\/crise-economica\" target=\"_blank\" rel=\"noopener\">crise econ\u00f4mica<\/a> e energ\u00e9tica e conflitos diplom\u00e1ticos, mas consolidou o nome na hist\u00f3ria pelo compromisso com a paz, os direitos humanos e as a\u00e7\u00f5es humanit\u00e1rias ao redor do mundo.<\/p>\n<div class=\"splide-container\">\n<div class=\"pre-slider\">\n<div class=\"splide__arrows\">\n<p style=\"text-align: justify;\">James Earl \u201cJimmy\u201d Carter Jr. nasceu em 1\u00ba de outubro de 1924 em Plains, uma pequena cidade rural na Ge\u00f3rgia. Filho de um fazendeiro e uma enfermeira, ele teve uma inf\u00e2ncia simples, mas destacou-se nos estudos.<\/p>\n<p style=\"text-align: justify;\">Formou-se em ci\u00eancia pela Academia Naval dos EUA em 1946, onde come\u00e7ou a carreira militar como oficial de submarinos. Carter trabalhou no desenvolvimento de submarinos nucleares, mas deixou a\u00a0<a href=\"https:\/\/www.navy.mil\/\" target=\"_blank\" rel=\"noopener\">Marinha<\/a>\u00a0em 1953, ap\u00f3s a morte do pai, para assumir os neg\u00f3cios da fam\u00edlia.<\/p>\n<p style=\"text-align: justify;\">De volta \u00e0 Ge\u00f3rgia, Carter transformou as fazendas familiares e se envolveu na pol\u00edtica local. Foi eleito senador estadual em 1962 e reeleito em 1964. Em 1970, tornou-se governador da Ge\u00f3rgia, apresentando uma agenda progressista ao abordar o racismo sist\u00eamico, ainda muito presente no estado.<\/p>\n<p style=\"text-align: justify;\">Carter promoveu reformas administrativas e defendeu a igualdade racial, embora inicialmente tenha buscado votos de setores conservadores.<\/p>\n<div class=\"m-banner-wrap m-banner-rectangle m-publicity-content-middle\">\n<div id=\"div-gpt-ad-mundo-quadrado-2\" class=\"ad-displayed\" data-gtm-vis-recent-on-screen104869357_329=\"22714\" data-gtm-vis-first-on-screen104869357_329=\"22714\" data-gtm-vis-total-visible-time104869357_329=\"100\" data-gtm-vis-has-fired104869357_329=\"1\" data-google-query-id=\"CL7P5ZK1z4oDFT1KuAQdkF0ZBg\">\n<p style=\"text-align: justify;\">Em 1976, lan\u00e7ou-se como candidato \u00e0\u00a0<a href=\"https:\/\/www.metropoles.com\/tag\/presidencia-da-republica\" target=\"_blank\" rel=\"noopener\">presid\u00eancia<\/a>\u00a0dos Estados Unidos em meio a uma crise de confian\u00e7a nacional, causada pelo esc\u00e2ndalo do Watergate.<\/p>\n<p style=\"text-align: justify;\">Carter conquistou os eleitores com uma plataforma que pregava honestidade e transpar\u00eancia. Ele derrotou o republicano Gerald Ford, assumindo a Casa Branca em janeiro de 1977 como o 39\u00ba presidente do pa\u00eds.<\/p>\n<h4 style=\"text-align: justify;\">Mandato presidencial<!--more--><\/h4>\n<p style=\"text-align: justify;\">O mandato dele, por\u00e9m, foi marcado por desafios. No \u00e2mbito dom\u00e9stico, enfrentou uma grave crise econ\u00f4mica, com infla\u00e7\u00e3o e desemprego elevados, al\u00e9m de uma crise energ\u00e9tica desencadeada pelo embargo do petr\u00f3leo em 1973.<\/p>\n<p style=\"text-align: justify;\">A gest\u00e3o priorizou a conserva\u00e7\u00e3o de energia e o desenvolvimento de fontes renov\u00e1veis, mas a insatisfa\u00e7\u00e3o popular com a situa\u00e7\u00e3o econ\u00f4mica enfraqueceu a lideran\u00e7a do ent\u00e3o presidente.<\/p>\n<p style=\"text-align: justify;\">Na pol\u00edtica externa, Carter obteve conquistas hist\u00f3ricas, como a media\u00e7\u00e3o do Acordo de Camp David, em 1978, que selou a paz entre Israel e Egito. Ele tamb\u00e9m transferiu o controle do Canal do Panam\u00e1 para o governo panamenho, numa medida controversa \u00e0 \u00e9poca.<\/p>\n<p style=\"text-align: justify;\">No entanto, enfrentou cr\u00edticas por sua abordagem em outras \u00e1reas, como o boicote dos EUA \u00e0s\u00a0<a href=\"https:\/\/www.metropoles.com\/tag\/olimpiadas\" target=\"_blank\" rel=\"noopener\">Olimp\u00edadas<\/a>\u00a0de Moscou, em 1980, em resposta \u00e0 invas\u00e3o sovi\u00e9tica no Afeganist\u00e3o.<\/p>\n<p style=\"text-align: justify;\">O epis\u00f3dio mais marcante da presid\u00eancia dele foi o sequestro de 52 americanos na embaixada dos EUA em Teer\u00e3, em 1979, durante a Revolu\u00e7\u00e3o Isl\u00e2mica no Ir\u00e3.<\/p>\n<p style=\"text-align: justify;\">Os ref\u00e9ns permaneceram em cativeiro por 444 dias e s\u00f3 foram libertados no dia em que Carter deixou o cargo, em 20 de janeiro de 1981, j\u00e1 sob a administra\u00e7\u00e3o de Ronald Reagan.<\/p>\n<p style=\"text-align: justify;\">O caso manchou a reputa\u00e7\u00e3o pol\u00edtica dele e contribuiu para a derrota na tentativa de reelei\u00e7\u00e3o.<\/p>\n<h4 style=\"text-align: justify;\">P\u00f3s-presid\u00eancia<\/h4>\n<p style=\"text-align: justify;\">Ap\u00f3s deixar a presid\u00eancia, Carter dedicou-se a causas humanit\u00e1rias e diplom\u00e1ticas por meio do Centro Carter, fundado em 1982. A organiza\u00e7\u00e3o promoveu elei\u00e7\u00f5es livres em mais de 100 pa\u00edses, combateu doen\u00e7as negligenciadas, como a oncocercose e a dracuncul\u00edase, e mediou conflitos internacionais.<\/p>\n<p style=\"text-align: justify;\">A atua\u00e7\u00e3o global rendeu a ele o\u00a0<a href=\"https:\/\/www.metropoles.com\/tag\/nobel-da-paz\" target=\"_blank\" rel=\"noopener\">Pr\u00eamio Nobel da Paz<\/a>\u00a0em 2002, sendo reconhecido pela \u201cincans\u00e1vel dedica\u00e7\u00e3o \u00e0 promo\u00e7\u00e3o da democracia e dos direitos humanos\u201d.<\/p>\n<div class=\"m-banner-wrap m-banner-rectangle m-publicity-content-middle\">\n<div id=\"div-gpt-ads-3\" class=\"ad-displayed\">\n<div id=\"r89-desktop-incontent-3-2-wrapper\">\n<div id=\"r89-desktop-incontent-3-2\" data-google-query-id=\"CPKZsam1z4oDFYRQuAQd45MC6A\">\n<p style=\"text-align: justify;\">Al\u00e9m da atua\u00e7\u00e3o pol\u00edtica, Carter era conhecido pela f\u00e9 e simplicidade. Ele ensinou em uma escola dominical at\u00e9 os 90 anos e ajudou em projetos como o Habitat for Humanity, que constr\u00f3i moradias para fam\u00edlias de baixa renda.<\/p>\n<p style=\"text-align: justify;\">Carter era batista e frequentemente citava a f\u00e9 como guia para decis\u00f5es pol\u00edticas e pessoais.<\/p>\n<p style=\"text-align: justify;\">Jimmy Carter foi casado com Rosalynn Smith, parceira de vida e ativismo, por 78 anos. Juntos, tiveram quatro filhos: Jack, James III, Donnel e Amy, al\u00e9m de v\u00e1rios netos e bisnetos.<\/p>\n<p style=\"text-align: justify;\">Um dos netos, Jason Carter, seguiu os passos do av\u00f4 na pol\u00edtica e foi eleito senador estadual pela Ge\u00f3rgia em 2010.<\/p>\n<p style=\"text-align: justify;\"><span style=\"font-size: 10pt;\"><strong><em>Metr\u00f3poles<\/em><\/strong><\/span><\/p>\n<\/div>\n<\/div>\n<\/div>\n<\/div>\n<\/div>\n<\/div>\n<\/div>\n<\/div>\n<\/div>\n<\/div>\n","protected":false},"excerpt":{"rendered":"<p>Jimmy Carter assumiu a Casa Branca em janeiro de 1977 como o 39&ordm; presidente dos Estados Unidos Morreu, neste domingo (29\/12), aos 100 anos, Jimmy Carter, ex-presidente dos&nbsp;Estados Unidos. A informa&ccedil;&atilde;o foi confirmada pelo filho ao jornal americano The Washington Post. Carter governou o pa&iacute;s entre 1977 e 1981, em um per&iacute;odo turbulento de&nbsp;crise econ&ocirc;mica e energ&eacute;tica e conflitos diplom&aacute;ticos, mas consolidou o nome na hist&oacute;ria pelo compromisso com a paz, os direitos humanos e as a&ccedil;&otilde;es humanit&aacute;rias ao redor do mundo. James Earl &ldquo;Jimmy&rdquo; Carter Jr. nasceu em 1&ordm; de outubro de 1924 em Plains, uma pequena cidade rural &#8230; <\/p>\n<p class=\"read-more-container\"><a title=\"Morre, aos 100 anos, Jimmy Carter, ex-presidente dos EUA\" class=\"read-more button\" href=\"https:\/\/blogdojuniorcavalcanti.com.br\/index.php\/2024\/12\/30\/morre-aos-100-anos-jimmy-carter-ex-presidente-dos-eua\/#more-39678\" aria-label=\"More on Morre, aos 100 anos, Jimmy Carter, ex-presidente dos EUA\">Leia mais<\/a><\/p>\n","protected":false},"author":1,"featured_media":0,"comment_status":"open","ping_status":"open","sticky":false,"template":"","format":"standard","meta":{"footnotes":""},"categories":[34],"tags":[],"class_list":["post-39678","post","type-post","status-publish","format-standard","hentry","category-mundo"],"_links":{"self":[{"href":"https:\/\/blogdojuniorcavalcanti.com.br\/index.php\/wp-json\/wp\/v2\/posts\/39678","targetHints":{"allow":["GET"]}}],"collection":[{"href":"https:\/\/blogdojuniorcavalcanti.com.br\/index.php\/wp-json\/wp\/v2\/posts"}],"about":[{"href":"https:\/\/blogdojuniorcavalcanti.com.br\/index.php\/wp-json\/wp\/v2\/types\/post"}],"author":[{"embeddable":true,"href":"https:\/\/blogdojuniorcavalcanti.com.br\/index.php\/wp-json\/wp\/v2\/users\/1"}],"replies":[{"embeddable":true,"href":"https:\/\/blogdojuniorcavalcanti.com.br\/index.php\/wp-json\/wp\/v2\/comments?post=39678"}],"version-history":[{"count":2,"href":"https:\/\/blogdojuniorcavalcanti.com.br\/index.php\/wp-json\/wp\/v2\/posts\/39678\/revisions"}],"predecessor-version":[{"id":39682,"href":"https:\/\/blogdojuniorcavalcanti.com.br\/index.php\/wp-json\/wp\/v2\/posts\/39678\/revisions\/39682"}],"wp:attachment":[{"href":"https:\/\/blogdojuniorcavalcanti.com.br\/index.php\/wp-json\/wp\/v2\/media?parent=39678"}],"wp:term":[{"taxonomy":"category","embeddable":true,"href":"https:\/\/blogdojuniorcavalcanti.com.br\/index.php\/wp-json\/wp\/v2\/categories?post=39678"},{"taxonomy":"post_tag","embeddable":true,"href":"https:\/\/blogdojuniorcavalcanti.com.br\/index.php\/wp-json\/wp\/v2\/tags?post=39678"}],"curies":[{"name":"wp","href":"https:\/\/api.w.org\/{rel}","templated":true}]}}