{"id":39763,"date":"2025-01-03T09:13:59","date_gmt":"2025-01-03T12:13:59","guid":{"rendered":"https:\/\/blogdojuniorcavalcanti.com.br\/?p=39763"},"modified":"2025-01-03T09:13:59","modified_gmt":"2025-01-03T12:13:59","slug":"brasil-mandara-representante-para-a-posse-de-maduro","status":"publish","type":"post","link":"https:\/\/blogdojuniorcavalcanti.com.br\/index.php\/2025\/01\/03\/brasil-mandara-representante-para-a-posse-de-maduro\/","title":{"rendered":"Brasil mandar\u00e1 representante para a posse de Maduro"},"content":{"rendered":"<figure style=\"width: 598px\" class=\"wp-caption aligncenter\"><img fetchpriority=\"high\" decoding=\"async\" src=\"https:\/\/www.diariodepernambuco.com.br\/dpimages\/LdY3ASi7Skk-ARphmSwADpjrLPo=\/960x0\/smart\/imgsapp.diariodepernambuco.com.br\/app\/noticia_127983242361\/2025\/01\/03\/967429\/20250103082247624614u.jpg\" alt=\"https:\/\/www.diariodepernambuco.com.br\/dpimages\/LdY3ASi7Skk-ARphmSwADpjrLPo=\/960x0\/smart\/imgsapp.diariodepernambuco.com.br\/app\/noticia_127983242361\/2025\/01\/03\/967429\/20250103082247624614u.jpg\" width=\"608\" height=\"405\" \/><figcaption class=\"wp-caption-text\">Autoridades eleitorais proclamaram Nicol\u00e1s Maduro reeleito, sem divulga\u00e7\u00e3o de detalhes da vota\u00e7\u00e3o &#8211; (cr\u00e9dito: AFP)<\/figcaption><\/figure>\n<p style=\"text-align: center;\"><strong><em><span class=\"h5 desc_noticia\">Mesmo com afastamento entre o presidente Lula e o l\u00edder venezuelano, governo decide enviar embaixadora para a cerim\u00f4nia em Caracas <\/span> <\/em><\/strong><\/p>\n<p style=\"text-align: justify;\">O governo brasileiro decidiu enviar um representante de fora do primeiro escal\u00e3o para a posse do presidente da Venezuela, Nicol\u00e1s Maduro, em Caracas. O papel caber\u00e1 \u00e0 embaixadora Gilv\u00e2nia Maria de Oliveira, que chefia a representa\u00e7\u00e3o diplom\u00e1tica brasileira no pa\u00eds vizinho.<\/p>\n<p style=\"text-align: justify;\">O presidente Luiz In\u00e1cio Lula da Silva se afastou de Maduro ap\u00f3s as elei\u00e7\u00f5es do ano passado, permeadas por ind\u00edcios de fraude, e resolveu n\u00e3o comparecer \u00e0 cerim\u00f4nia nem mandar um de seus ministros.<\/p>\n<p style=\"text-align: justify;\">A posse ocorrer\u00e1 na sexta-feira da semana que vem, na capital venezuelana. O governo brasileiro n\u00e3o reconheceu a vit\u00f3ria de Maduro nas urnas, o que causou uma crise diplom\u00e1tica entre os pa\u00edses vizinhos. Apesar do distanciamento, o Planalto n\u00e3o rompeu a rela\u00e7\u00e3o e mant\u00e9m um canal de di\u00e1logo aberto.<\/p>\n<p style=\"text-align: justify;\">Nesta quinta-feira, a Miss\u00e3o Internacional Independente de Apura\u00e7\u00e3o de Fatos sobre a Venezuela \u2014 ligada ao Conselho de Direitos Humanos da Organiza\u00e7\u00e3o das Na\u00e7\u00f5es Unidas (ONU) \u2014 emitiu um alerta para que o governo Maduro permita protestos pac\u00edficos e manifesta\u00e7\u00f5es contr\u00e1rias durante a posse &#8220;sem medo de repres\u00e1lias&#8221;. A entidade tamb\u00e9m refor\u00e7ou o pedido para que todos os opositores presos sejam libertados.<\/p>\n<p style=\"text-align: justify;\">Maduro foi reconduzido para o seu terceiro mandato em 28 de julho, ap\u00f3s ter firmado compromisso com a comunidade internacional para realizar elei\u00e7\u00f5es livres. Os Acordos de Barbados foram assinados com media\u00e7\u00e3o do Brasil. Por\u00e9m, semanas antes do pleito, o regime Maduro voltou a perseguir opositores e impedir os principais l\u00edderes de participar das elei\u00e7\u00f5es.<\/p>\n<p style=\"text-align: justify;\">O chavista disputou contra Edmundo Gonz\u00e1lez e foi declarado vencedor pelo Conselho Nacional Eleitoral (CNE). O \u00f3rg\u00e3o, por\u00e9m, \u00e9 comandado por seus aliados e foi acusado de fraude no resultado, pela oposi\u00e7\u00e3o e por observadores internacionais.<\/p>\n<p style=\"text-align: justify;\">\u00a0A vit\u00f3ria de Maduro foi reconhecida imediatamente por na\u00e7\u00f5es, como a R\u00fassia e a China, mas grande parte dos pa\u00edses demonstrou preocupa\u00e7\u00e3o com as acusa\u00e7\u00f5es de irregularidades e pediu a divulga\u00e7\u00e3o das atas eleitorais, que comprovariam o triunfo do chavista. Os documentos nunca foram divulgados.<!--more--><\/p>\n<p style=\"text-align: justify;\">Ap\u00f3s o pleito, Maduro endureceu ainda mais a repress\u00e3o e prendeu mais de 2.500 pessoas em protestos por todo o pa\u00eds. Brasil, Col\u00f4mbia e M\u00e9xico tentaram negociar uma sa\u00edda pol\u00edtica para a crise e propor a realiza\u00e7\u00e3o de novas elei\u00e7\u00f5es, mas n\u00e3o tiveram sucesso.<\/p>\n<p style=\"text-align: justify;\">Em outubro, a crise com o governo Lula se acirrou ap\u00f3s o Brasil barrar a entrada da Venezuela como membro parceiro do Brics. O governo venezuelano acusou o Itamaraty de se &#8220;intrometer&#8221; em seus assuntos e chamou o epis\u00f3dio de uma &#8220;agress\u00e3o descarada e grosseira&#8221;.<\/p>\n<p style=\"text-align: justify;\">Desde ent\u00e3o, a crise arrefeceu. O embaixador venezuelano Manuel Vadell, que havia sido chamado de volta por Maduro, retornou a Bras\u00edlia em novembro.<\/p>\n<p style=\"text-align: justify;\">O Brasil tamb\u00e9m ser\u00e1 representado por uma embaixadora, Maria Luiza Viotti, na posse do presidente dos Estados Unidos, Donald Trump, em 20 de janeiro. A diplomata chefia a embaixada brasileira em Washington. No caso americano, por\u00e9m, o procedimento \u00e9 praxe e \u00e9 raro haver convites para chefes de Estado.<\/p>\n<p style=\"text-align: justify;\"><span style=\"font-size: 10pt;\"><strong><em>As informa\u00e7\u00f5es s\u00e3o do\u00a0Correio Braziliense.<\/em><\/strong><\/span><\/p>\n","protected":false},"excerpt":{"rendered":"<p>Mesmo com afastamento entre o presidente Lula e o l&iacute;der venezuelano, governo decide enviar embaixadora para a cerim&ocirc;nia em Caracas O governo brasileiro decidiu enviar um representante de fora do primeiro escal&atilde;o para a posse do presidente da Venezuela, Nicol&aacute;s Maduro, em Caracas. O papel caber&aacute; &agrave; embaixadora Gilv&acirc;nia Maria de Oliveira, que chefia a representa&ccedil;&atilde;o diplom&aacute;tica brasileira no pa&iacute;s vizinho. O presidente Luiz In&aacute;cio Lula da Silva se afastou de Maduro ap&oacute;s as elei&ccedil;&otilde;es do ano passado, permeadas por ind&iacute;cios de fraude, e resolveu n&atilde;o comparecer &agrave; cerim&ocirc;nia nem mandar um de seus ministros. A posse ocorrer&aacute; na sexta-feira &#8230; <\/p>\n<p class=\"read-more-container\"><a title=\"Brasil mandar\u00e1 representante para a posse de Maduro\" class=\"read-more button\" href=\"https:\/\/blogdojuniorcavalcanti.com.br\/index.php\/2025\/01\/03\/brasil-mandara-representante-para-a-posse-de-maduro\/#more-39763\" aria-label=\"More on Brasil mandar\u00e1 representante para a posse de Maduro\">Leia mais<\/a><\/p>\n","protected":false},"author":1,"featured_media":0,"comment_status":"open","ping_status":"open","sticky":false,"template":"","format":"standard","meta":{"footnotes":""},"categories":[34],"tags":[],"class_list":["post-39763","post","type-post","status-publish","format-standard","hentry","category-mundo"],"_links":{"self":[{"href":"https:\/\/blogdojuniorcavalcanti.com.br\/index.php\/wp-json\/wp\/v2\/posts\/39763","targetHints":{"allow":["GET"]}}],"collection":[{"href":"https:\/\/blogdojuniorcavalcanti.com.br\/index.php\/wp-json\/wp\/v2\/posts"}],"about":[{"href":"https:\/\/blogdojuniorcavalcanti.com.br\/index.php\/wp-json\/wp\/v2\/types\/post"}],"author":[{"embeddable":true,"href":"https:\/\/blogdojuniorcavalcanti.com.br\/index.php\/wp-json\/wp\/v2\/users\/1"}],"replies":[{"embeddable":true,"href":"https:\/\/blogdojuniorcavalcanti.com.br\/index.php\/wp-json\/wp\/v2\/comments?post=39763"}],"version-history":[{"count":1,"href":"https:\/\/blogdojuniorcavalcanti.com.br\/index.php\/wp-json\/wp\/v2\/posts\/39763\/revisions"}],"predecessor-version":[{"id":39764,"href":"https:\/\/blogdojuniorcavalcanti.com.br\/index.php\/wp-json\/wp\/v2\/posts\/39763\/revisions\/39764"}],"wp:attachment":[{"href":"https:\/\/blogdojuniorcavalcanti.com.br\/index.php\/wp-json\/wp\/v2\/media?parent=39763"}],"wp:term":[{"taxonomy":"category","embeddable":true,"href":"https:\/\/blogdojuniorcavalcanti.com.br\/index.php\/wp-json\/wp\/v2\/categories?post=39763"},{"taxonomy":"post_tag","embeddable":true,"href":"https:\/\/blogdojuniorcavalcanti.com.br\/index.php\/wp-json\/wp\/v2\/tags?post=39763"}],"curies":[{"name":"wp","href":"https:\/\/api.w.org\/{rel}","templated":true}]}}