{"id":40046,"date":"2025-01-15T07:44:32","date_gmt":"2025-01-15T10:44:32","guid":{"rendered":"https:\/\/blogdojuniorcavalcanti.com.br\/?p=40046"},"modified":"2025-01-15T07:44:32","modified_gmt":"2025-01-15T10:44:32","slug":"amupe-reune-prefeitos-para-debater-saneamento-turismo-e-investimentos-energeticos-em","status":"publish","type":"post","link":"https:\/\/blogdojuniorcavalcanti.com.br\/index.php\/2025\/01\/15\/amupe-reune-prefeitos-para-debater-saneamento-turismo-e-investimentos-energeticos-em\/","title":{"rendered":"Amupe re\u00fane prefeitos para debater saneamento, turismo e investimentos energ\u00e9ticos em"},"content":{"rendered":"<p style=\"text-align: justify;\"><span style=\"font-size: 14pt;\"><img fetchpriority=\"high\" decoding=\"async\" class=\"alignleft wp-image-298174 jetpack-lazy-image jetpack-lazy-image--handled\" src=\"https:\/\/i2.wp.com\/nilljunior.com.br\/wp-content\/uploads\/2025\/01\/02-Amupe-14-01-25.jpg?resize=400%2C265&amp;ssl=1\" sizes=\"(max-width: 400px) 100vw, 400px\" srcset=\"https:\/\/i2.wp.com\/nilljunior.com.br\/wp-content\/uploads\/2025\/01\/02-Amupe-14-01-25.jpg?w=2464&amp;ssl=1 2464w, https:\/\/i2.wp.com\/nilljunior.com.br\/wp-content\/uploads\/2025\/01\/02-Amupe-14-01-25.jpg?resize=150%2C100&amp;ssl=1 150w, https:\/\/i2.wp.com\/nilljunior.com.br\/wp-content\/uploads\/2025\/01\/02-Amupe-14-01-25.jpg?resize=300%2C199&amp;ssl=1 300w, https:\/\/i2.wp.com\/nilljunior.com.br\/wp-content\/uploads\/2025\/01\/02-Amupe-14-01-25.jpg?resize=768%2C509&amp;ssl=1 768w, https:\/\/i2.wp.com\/nilljunior.com.br\/wp-content\/uploads\/2025\/01\/02-Amupe-14-01-25.jpg?resize=600%2C397&amp;ssl=1 600w, https:\/\/i2.wp.com\/nilljunior.com.br\/wp-content\/uploads\/2025\/01\/02-Amupe-14-01-25.jpg?w=2000&amp;ssl=1 2000w\" alt=\"\" width=\"400\" height=\"265\" data-attachment-id=\"298174\" data-permalink=\"https:\/\/nilljunior.com.br\/amupe-reune-prefeitos-para-debater-saneamento-turismo-e-investimentos-energeticos-em\/02-amupe-14-01-25\/\" data-orig-file=\"https:\/\/i2.wp.com\/nilljunior.com.br\/wp-content\/uploads\/2025\/01\/02-Amupe-14-01-25.jpg?fit=2464%2C1632&amp;ssl=1\" data-orig-size=\"2464,1632\" data-comments-opened=\"1\" data-image-meta=\"{&quot;aperture&quot;:&quot;5.6&quot;,&quot;credit&quot;:&quot;&quot;,&quot;camera&quot;:&quot;NIKON D7000&quot;,&quot;caption&quot;:&quot;&quot;,&quot;created_timestamp&quot;:&quot;1736851521&quot;,&quot;copyright&quot;:&quot;&quot;,&quot;focal_length&quot;:&quot;18&quot;,&quot;iso&quot;:&quot;2000&quot;,&quot;shutter_speed&quot;:&quot;0.008&quot;,&quot;title&quot;:&quot;&quot;,&quot;orientation&quot;:&quot;0&quot;}\" data-image-title=\"02-Amupe-14-01-25\" data-image-description=\"\" data-medium-file=\"https:\/\/i2.wp.com\/nilljunior.com.br\/wp-content\/uploads\/2025\/01\/02-Amupe-14-01-25.jpg?fit=300%2C199&amp;ssl=1\" data-large-file=\"https:\/\/i2.wp.com\/nilljunior.com.br\/wp-content\/uploads\/2025\/01\/02-Amupe-14-01-25.jpg?fit=600%2C397&amp;ssl=1\" data-recalc-dims=\"1\" data-lazy-loaded=\"1\" \/><img decoding=\"async\" class=\"alignleft wp-image-298175 jetpack-lazy-image jetpack-lazy-image--handled\" src=\"https:\/\/i0.wp.com\/nilljunior.com.br\/wp-content\/uploads\/2025\/01\/01-Amupe-14-01-25.jpg?resize=400%2C265&amp;ssl=1\" sizes=\"(max-width: 400px) 100vw, 400px\" srcset=\"https:\/\/i0.wp.com\/nilljunior.com.br\/wp-content\/uploads\/2025\/01\/01-Amupe-14-01-25.jpg?w=2464&amp;ssl=1 2464w, https:\/\/i0.wp.com\/nilljunior.com.br\/wp-content\/uploads\/2025\/01\/01-Amupe-14-01-25.jpg?resize=150%2C100&amp;ssl=1 150w, https:\/\/i0.wp.com\/nilljunior.com.br\/wp-content\/uploads\/2025\/01\/01-Amupe-14-01-25.jpg?resize=300%2C199&amp;ssl=1 300w, https:\/\/i0.wp.com\/nilljunior.com.br\/wp-content\/uploads\/2025\/01\/01-Amupe-14-01-25.jpg?resize=768%2C509&amp;ssl=1 768w, https:\/\/i0.wp.com\/nilljunior.com.br\/wp-content\/uploads\/2025\/01\/01-Amupe-14-01-25.jpg?resize=600%2C397&amp;ssl=1 600w, https:\/\/i0.wp.com\/nilljunior.com.br\/wp-content\/uploads\/2025\/01\/01-Amupe-14-01-25.jpg?w=2000&amp;ssl=1 2000w\" alt=\"\" width=\"400\" height=\"265\" data-attachment-id=\"298175\" data-permalink=\"https:\/\/nilljunior.com.br\/amupe-reune-prefeitos-para-debater-saneamento-turismo-e-investimentos-energeticos-em\/01-amupe-14-01-25\/\" data-orig-file=\"https:\/\/i0.wp.com\/nilljunior.com.br\/wp-content\/uploads\/2025\/01\/01-Amupe-14-01-25.jpg?fit=2464%2C1632&amp;ssl=1\" data-orig-size=\"2464,1632\" data-comments-opened=\"1\" data-image-meta=\"{&quot;aperture&quot;:&quot;6.3&quot;,&quot;credit&quot;:&quot;&quot;,&quot;camera&quot;:&quot;NIKON D7000&quot;,&quot;caption&quot;:&quot;&quot;,&quot;created_timestamp&quot;:&quot;1736849978&quot;,&quot;copyright&quot;:&quot;&quot;,&quot;focal_length&quot;:&quot;26&quot;,&quot;iso&quot;:&quot;1000&quot;,&quot;shutter_speed&quot;:&quot;0.008&quot;,&quot;title&quot;:&quot;&quot;,&quot;orientation&quot;:&quot;0&quot;}\" data-image-title=\"01-Amupe-14-01-25\" data-image-description=\"\" data-medium-file=\"https:\/\/i0.wp.com\/nilljunior.com.br\/wp-content\/uploads\/2025\/01\/01-Amupe-14-01-25.jpg?fit=300%2C199&amp;ssl=1\" data-large-file=\"https:\/\/i0.wp.com\/nilljunior.com.br\/wp-content\/uploads\/2025\/01\/01-Amupe-14-01-25.jpg?fit=600%2C397&amp;ssl=1\" data-recalc-dims=\"1\" data-lazy-loaded=\"1\" \/><span style=\"font-family: arial, helvetica, sans-serif;\">Nesta ter\u00e7a-feira (14), mais de 170 prefeitos, vice-prefeitos e secret\u00e1rios municipais empossados no in\u00edcio deste m\u00eas de janeiro participaram da primeira Assembleia Extraordin\u00e1ria da Associa\u00e7\u00e3o Municipalista de Pernambuco (Amupe).\u00a0<\/span><\/span><\/p>\n<p style=\"text-align: justify;\"><span style=\"font-size: 14pt; font-family: arial, helvetica, sans-serif;\">A pauta do encontro, comandada pelo presidente Marcelo Gouveia, tratou de temas ligados ao fortalecimento das gest\u00f5es municipais no Estado como saneamento b\u00e1sico, distribui\u00e7\u00e3o de energia el\u00e9trica e turismo.<\/span><\/p>\n<p style=\"text-align: justify;\"><span style=\"font-size: 14pt; font-family: arial, helvetica, sans-serif;\">Na assembleia, representantes do Governo do Estado trouxeram temas de grande relev\u00e2ncia para os munic\u00edpios como: o projeto de concess\u00e3o dos servi\u00e7os de \u00e1gua e esgotamento sanit\u00e1rio, que teve participa\u00e7\u00e3o do secret\u00e1rio de Recursos H\u00eddricos e Saneamento de Pernambuco, Almir Cirilo e do secret\u00e1rio de projetos estrat\u00e9gicos, Rodrigo Queiroz.<\/span><\/p>\n<p style=\"text-align: justify;\"><span style=\"font-size: 14pt; font-family: arial, helvetica, sans-serif;\">\u201cEstamos aqui de forma transparente para apresentar o que estamos construindo e ouvir sugest\u00f5es de melhorias, a fim de fortalecer nossos projetos com a ajuda dos prefeitos\u201d, falou Rodrigo Queiroz.<\/span><\/p>\n<p style=\"text-align: justify;\"><span style=\"font-size: 14pt; font-family: arial, helvetica, sans-serif;\">O presidente da Empresa Pernambucana de Turismo, Eduardo Loyo, falou sobre o desenvolvimento do novo invent\u00e1rio da oferta tur\u00edstica de Pernambuco, que est\u00e1 sendo elaborado pelo Governo do Estado para funcionar como uma esp\u00e9cie de censo das atra\u00e7\u00f5es tur\u00edsticas de todos os munic\u00edpios pernambucanos.\u00a0<\/span><\/p>\n<p style=\"text-align: justify;\"><span style=\"font-size: 14pt; font-family: arial, helvetica, sans-serif;\">Ao final das apresenta\u00e7\u00f5es os prefeitos e prefeitas tiveram a oportunidade de esclarecer d\u00favidas sobre os projetos discutidos e fazer sugest\u00f5es diretamente com os representantes do Governo do Estado.<\/span><\/p>\n<p style=\"text-align: justify;\"><span style=\"font-size: 14pt; font-family: arial, helvetica, sans-serif;\">Na sequ\u00eancia, o ex-prefeito de Paudalho e atual presidente da Amupe, Marcelo Gouveia, apresentou aos prefeitos proposta para a cria\u00e7\u00e3o de um setor de engenharia para prestar aux\u00edlio especializado aos munic\u00edpios, sobretudo os de menor porte, na elabora\u00e7\u00e3o de projetos para execu\u00e7\u00e3o de obras p\u00fablicas. A escolha pela cria\u00e7\u00e3o do setor ser\u00e1 corroborada pelos prefeitos na pr\u00f3xima assembleia.\u00a0\u00a0<\/span><\/p>\n<p style=\"text-align: justify;\"><span style=\"font-size: 14pt; font-family: arial, helvetica, sans-serif;\">O evento contou tamb\u00e9m com a participa\u00e7\u00e3o da Neoenergia. O gerente de rela\u00e7\u00f5es institucionais, Rafael Mota, falou aos prefeitos e prefeitas sobre o plano de investimentos da companhia que prev\u00ea o aporte de R$ 5,1 bilh\u00f5es em Pernambuco at\u00e9 2028.\u00a0<\/span><\/p>\n<p style=\"text-align: justify;\"><span style=\"font-size: 14pt; font-family: arial, helvetica, sans-serif;\">Outro ponto importante para a arrecada\u00e7\u00e3o dos munic\u00edpios foi a apresenta\u00e7\u00e3o do projeto (ainda em estudo) que prop\u00f5e a cobran\u00e7a da taxa de gera\u00e7\u00e3o de res\u00edduos s\u00f3lidos diretamente na fatura de energia.<\/span><\/p>\n<p style=\"text-align: justify;\"><span style=\"font-size: 14pt; font-family: arial, helvetica, sans-serif;\">Na ocasi\u00e3o foi escolhida a comiss\u00e3o respons\u00e1vel pelas elei\u00e7\u00f5es para a presid\u00eancia da Amupe, que acontecer\u00e3o em fevereiro. O grupo ser\u00e1 composto pelos prefeitos Jos\u00e9 Martins, de Jo\u00e3o Alfredo; Lula Cabral, do Cabo de Santo Agostinho e Joel Gonzaga, de Feira Nova.<\/span><\/p>\n","protected":false},"excerpt":{"rendered":"<p>Nesta ter&ccedil;a-feira (14), mais de 170 prefeitos, vice-prefeitos e secret&aacute;rios municipais empossados no in&iacute;cio deste m&ecirc;s de janeiro participaram da primeira Assembleia Extraordin&aacute;ria da Associa&ccedil;&atilde;o Municipalista de Pernambuco (Amupe).&nbsp; A pauta do encontro, comandada pelo presidente Marcelo Gouveia, tratou de temas ligados ao fortalecimento das gest&otilde;es municipais no Estado como saneamento b&aacute;sico, distribui&ccedil;&atilde;o de energia el&eacute;trica e turismo. Na assembleia, representantes do Governo do Estado trouxeram temas de grande relev&acirc;ncia para os munic&iacute;pios como: o projeto de concess&atilde;o dos servi&ccedil;os de &aacute;gua e esgotamento sanit&aacute;rio, que teve participa&ccedil;&atilde;o do secret&aacute;rio de Recursos H&iacute;dricos e Saneamento de Pernambuco, Almir Cirilo e &#8230; <\/p>\n<p class=\"read-more-container\"><a title=\"Amupe re\u00fane prefeitos para debater saneamento, turismo e investimentos energ\u00e9ticos em\" class=\"read-more button\" href=\"https:\/\/blogdojuniorcavalcanti.com.br\/index.php\/2025\/01\/15\/amupe-reune-prefeitos-para-debater-saneamento-turismo-e-investimentos-energeticos-em\/#more-40046\" aria-label=\"More on Amupe re\u00fane prefeitos para debater saneamento, turismo e investimentos energ\u00e9ticos em\">Leia mais<\/a><\/p>\n","protected":false},"author":2,"featured_media":0,"comment_status":"open","ping_status":"open","sticky":false,"template":"","format":"standard","meta":{"footnotes":""},"categories":[26],"tags":[],"class_list":["post-40046","post","type-post","status-publish","format-standard","hentry","category-noticias"],"_links":{"self":[{"href":"https:\/\/blogdojuniorcavalcanti.com.br\/index.php\/wp-json\/wp\/v2\/posts\/40046","targetHints":{"allow":["GET"]}}],"collection":[{"href":"https:\/\/blogdojuniorcavalcanti.com.br\/index.php\/wp-json\/wp\/v2\/posts"}],"about":[{"href":"https:\/\/blogdojuniorcavalcanti.com.br\/index.php\/wp-json\/wp\/v2\/types\/post"}],"author":[{"embeddable":true,"href":"https:\/\/blogdojuniorcavalcanti.com.br\/index.php\/wp-json\/wp\/v2\/users\/2"}],"replies":[{"embeddable":true,"href":"https:\/\/blogdojuniorcavalcanti.com.br\/index.php\/wp-json\/wp\/v2\/comments?post=40046"}],"version-history":[{"count":1,"href":"https:\/\/blogdojuniorcavalcanti.com.br\/index.php\/wp-json\/wp\/v2\/posts\/40046\/revisions"}],"predecessor-version":[{"id":40047,"href":"https:\/\/blogdojuniorcavalcanti.com.br\/index.php\/wp-json\/wp\/v2\/posts\/40046\/revisions\/40047"}],"wp:attachment":[{"href":"https:\/\/blogdojuniorcavalcanti.com.br\/index.php\/wp-json\/wp\/v2\/media?parent=40046"}],"wp:term":[{"taxonomy":"category","embeddable":true,"href":"https:\/\/blogdojuniorcavalcanti.com.br\/index.php\/wp-json\/wp\/v2\/categories?post=40046"},{"taxonomy":"post_tag","embeddable":true,"href":"https:\/\/blogdojuniorcavalcanti.com.br\/index.php\/wp-json\/wp\/v2\/tags?post=40046"}],"curies":[{"name":"wp","href":"https:\/\/api.w.org\/{rel}","templated":true}]}}