{"id":40428,"date":"2025-01-29T16:18:19","date_gmt":"2025-01-29T19:18:19","guid":{"rendered":"https:\/\/blogdojuniorcavalcanti.com.br\/?p=40428"},"modified":"2025-01-29T16:18:19","modified_gmt":"2025-01-29T19:18:19","slug":"animal-na-pista-causa-mais-uma-morte-na-regiao","status":"publish","type":"post","link":"https:\/\/blogdojuniorcavalcanti.com.br\/index.php\/2025\/01\/29\/animal-na-pista-causa-mais-uma-morte-na-regiao\/","title":{"rendered":"Animal na pista causa mais uma morte na regi\u00e3o"},"content":{"rendered":"<p style=\"text-align: justify;\"><span style=\"font-size: 14pt;\"><img fetchpriority=\"high\" decoding=\"async\" class=\"alignleft wp-image-298861 jetpack-lazy-image jetpack-lazy-image--handled\" src=\"https:\/\/i1.wp.com\/nilljunior.com.br\/wp-content\/uploads\/2025\/01\/Screenshot_20250129_135927_Chrome3.jpg?resize=400%2C375&amp;ssl=1\" sizes=\"(max-width: 400px) 100vw, 400px\" srcset=\"https:\/\/i1.wp.com\/nilljunior.com.br\/wp-content\/uploads\/2025\/01\/Screenshot_20250129_135927_Chrome3.jpg?w=1057&amp;ssl=1 1057w, https:\/\/i1.wp.com\/nilljunior.com.br\/wp-content\/uploads\/2025\/01\/Screenshot_20250129_135927_Chrome3.jpg?resize=267%2C250&amp;ssl=1 267w, https:\/\/i1.wp.com\/nilljunior.com.br\/wp-content\/uploads\/2025\/01\/Screenshot_20250129_135927_Chrome3.jpg?resize=768%2C720&amp;ssl=1 768w, https:\/\/i1.wp.com\/nilljunior.com.br\/wp-content\/uploads\/2025\/01\/Screenshot_20250129_135927_Chrome3.jpg?resize=427%2C400&amp;ssl=1 427w\" alt=\"\" width=\"400\" height=\"375\" data-attachment-id=\"298861\" data-permalink=\"https:\/\/nilljunior.com.br\/animal-na-pista-causa-mais-uma-morte-na-regiao\/screenshot_20250129_135927_chrome3\/\" data-orig-file=\"https:\/\/i1.wp.com\/nilljunior.com.br\/wp-content\/uploads\/2025\/01\/Screenshot_20250129_135927_Chrome3.jpg?fit=1057%2C991&amp;ssl=1\" data-orig-size=\"1057,991\" data-comments-opened=\"1\" data-image-meta=\"{&quot;aperture&quot;:&quot;0&quot;,&quot;credit&quot;:&quot;&quot;,&quot;camera&quot;:&quot;&quot;,&quot;caption&quot;:&quot;&quot;,&quot;created_timestamp&quot;:&quot;0&quot;,&quot;copyright&quot;:&quot;&quot;,&quot;focal_length&quot;:&quot;0&quot;,&quot;iso&quot;:&quot;0&quot;,&quot;shutter_speed&quot;:&quot;0&quot;,&quot;title&quot;:&quot;&quot;,&quot;orientation&quot;:&quot;1&quot;}\" data-image-title=\"Screenshot_20250129_135927_Chrome~3\" data-image-description=\"\" data-medium-file=\"https:\/\/i1.wp.com\/nilljunior.com.br\/wp-content\/uploads\/2025\/01\/Screenshot_20250129_135927_Chrome3.jpg?fit=267%2C250&amp;ssl=1\" data-large-file=\"https:\/\/i1.wp.com\/nilljunior.com.br\/wp-content\/uploads\/2025\/01\/Screenshot_20250129_135927_Chrome3.jpg?fit=427%2C400&amp;ssl=1\" data-recalc-dims=\"1\" data-lazy-loaded=\"1\" \/><span style=\"font-family: arial, helvetica, sans-serif;\">Um jovem de apenas 23 anos morreu v\u00edtima de acidente de moto na madrugada desta quarta-feira (29), na PE-309, entre Tabira e Solid\u00e3o.<\/span><\/span><\/p>\n<p style=\"text-align: justify;\"><span style=\"font-size: 14pt; font-family: arial, helvetica, sans-serif;\"><strong>A informa\u00e7\u00e3o \u00e9 do Blog Juliana Lima.<\/strong><\/span><\/p>\n<p style=\"text-align: justify;\"><span style=\"font-size: 14pt; font-family: arial, helvetica, sans-serif;\">De acordo com informa\u00e7\u00f5es de populares, o jovem identificado como Jos\u00e9 Bezerra dos Santos Filho estava em uma motocicleta quando colidiu com um animal solto na pista. Ele n\u00e3o sobreviveu aos ferimentos.<\/span><\/p>\n<p style=\"text-align: justify;\"><span style=\"font-size: 14pt; font-family: arial, helvetica, sans-serif;\">Jos\u00e9 era natural do S\u00edtio Po\u00e7o Dantas e trabalhava em Tabira. Ele estava voltando do trabalho para casa quando se chocou com uma vaca.<\/span><\/p>\n<p style=\"text-align: justify;\"><span style=\"font-size: 14pt; font-family: arial, helvetica, sans-serif;\">O prefeito de Solid\u00e3o, Mayco da Farm\u00e1cia, emitiu nota de pesar pela norte do jovem.<\/span><\/p>\n<p style=\"text-align: justify;\"><span style=\"font-size: 14pt; font-family: arial, helvetica, sans-serif;\">\u201cCom profundo pesar lamentamos o falecimento do jovem Jos\u00e9, membro da Fam\u00edlia Santana, natural do S\u00edtio Po\u00e7o Dantas. Neste momento de dor, nos solidarizamos com seus familiares e amigos, rogando a Deus que conceda for\u00e7a e conforto a todos\u201d, disse o gestor.<\/span><\/p>\n<p style=\"text-align: justify;\"><span style=\"font-size: 14pt; font-family: arial, helvetica, sans-serif;\">O corpo do jovem est\u00e1 sendo velado na casa da fam\u00edlia no Po\u00e7o Dantas e o sepultamento ser\u00e1 em Tabira.<\/span><\/p>\n","protected":false},"excerpt":{"rendered":"<p>Um jovem de apenas 23 anos morreu v&iacute;tima de acidente de moto na madrugada desta quarta-feira (29), na PE-309, entre Tabira e Solid&atilde;o. A informa&ccedil;&atilde;o &eacute; do Blog Juliana Lima. De acordo com informa&ccedil;&otilde;es de populares, o jovem identificado como Jos&eacute; Bezerra dos Santos Filho estava em uma motocicleta quando colidiu com um animal solto na pista. Ele n&atilde;o sobreviveu aos ferimentos. Jos&eacute; era natural do S&iacute;tio Po&ccedil;o Dantas e trabalhava em Tabira. Ele estava voltando do trabalho para casa quando se chocou com uma vaca. O prefeito de Solid&atilde;o, Mayco da Farm&aacute;cia, emitiu nota de pesar pela norte do &#8230; <\/p>\n<p class=\"read-more-container\"><a title=\"Animal na pista causa mais uma morte na regi\u00e3o\" class=\"read-more button\" href=\"https:\/\/blogdojuniorcavalcanti.com.br\/index.php\/2025\/01\/29\/animal-na-pista-causa-mais-uma-morte-na-regiao\/#more-40428\" aria-label=\"More on Animal na pista causa mais uma morte na regi\u00e3o\">Leia mais<\/a><\/p>\n","protected":false},"author":2,"featured_media":0,"comment_status":"open","ping_status":"open","sticky":false,"template":"","format":"standard","meta":{"footnotes":""},"categories":[26],"tags":[],"class_list":["post-40428","post","type-post","status-publish","format-standard","hentry","category-noticias"],"_links":{"self":[{"href":"https:\/\/blogdojuniorcavalcanti.com.br\/index.php\/wp-json\/wp\/v2\/posts\/40428","targetHints":{"allow":["GET"]}}],"collection":[{"href":"https:\/\/blogdojuniorcavalcanti.com.br\/index.php\/wp-json\/wp\/v2\/posts"}],"about":[{"href":"https:\/\/blogdojuniorcavalcanti.com.br\/index.php\/wp-json\/wp\/v2\/types\/post"}],"author":[{"embeddable":true,"href":"https:\/\/blogdojuniorcavalcanti.com.br\/index.php\/wp-json\/wp\/v2\/users\/2"}],"replies":[{"embeddable":true,"href":"https:\/\/blogdojuniorcavalcanti.com.br\/index.php\/wp-json\/wp\/v2\/comments?post=40428"}],"version-history":[{"count":1,"href":"https:\/\/blogdojuniorcavalcanti.com.br\/index.php\/wp-json\/wp\/v2\/posts\/40428\/revisions"}],"predecessor-version":[{"id":40429,"href":"https:\/\/blogdojuniorcavalcanti.com.br\/index.php\/wp-json\/wp\/v2\/posts\/40428\/revisions\/40429"}],"wp:attachment":[{"href":"https:\/\/blogdojuniorcavalcanti.com.br\/index.php\/wp-json\/wp\/v2\/media?parent=40428"}],"wp:term":[{"taxonomy":"category","embeddable":true,"href":"https:\/\/blogdojuniorcavalcanti.com.br\/index.php\/wp-json\/wp\/v2\/categories?post=40428"},{"taxonomy":"post_tag","embeddable":true,"href":"https:\/\/blogdojuniorcavalcanti.com.br\/index.php\/wp-json\/wp\/v2\/tags?post=40428"}],"curies":[{"name":"wp","href":"https:\/\/api.w.org\/{rel}","templated":true}]}}