{"id":40515,"date":"2025-02-03T10:26:02","date_gmt":"2025-02-03T13:26:02","guid":{"rendered":"https:\/\/blogdojuniorcavalcanti.com.br\/?p=40515"},"modified":"2025-02-03T10:26:02","modified_gmt":"2025-02-03T13:26:02","slug":"aline-karina-acompanha-obras-de-escola-padrao-fnde-em-sao-vicente","status":"publish","type":"post","link":"https:\/\/blogdojuniorcavalcanti.com.br\/index.php\/2025\/02\/03\/aline-karina-acompanha-obras-de-escola-padrao-fnde-em-sao-vicente\/","title":{"rendered":"Aline Karina acompanha obras de escola Padr\u00e3o FNDE em S\u00e3o Vicente"},"content":{"rendered":"<p style=\"text-align: justify;\"><span style=\"font-size: 14pt;\" data-olk-copy-source=\"MessageBody\"><img fetchpriority=\"high\" decoding=\"async\" class=\"alignleft wp-image-299101 jetpack-lazy-image jetpack-lazy-image--handled\" src=\"https:\/\/i2.wp.com\/nilljunior.com.br\/wp-content\/uploads\/2025\/02\/89ab997e-0dc6-46a8-b899-c9c3511e1f17.jpg?resize=400%2C288&amp;ssl=1\" sizes=\"(max-width: 400px) 100vw, 400px\" srcset=\"https:\/\/i2.wp.com\/nilljunior.com.br\/wp-content\/uploads\/2025\/02\/89ab997e-0dc6-46a8-b899-c9c3511e1f17.jpg?w=2560&amp;ssl=1 2560w, https:\/\/i2.wp.com\/nilljunior.com.br\/wp-content\/uploads\/2025\/02\/89ab997e-0dc6-46a8-b899-c9c3511e1f17.jpg?resize=300%2C216&amp;ssl=1 300w, https:\/\/i2.wp.com\/nilljunior.com.br\/wp-content\/uploads\/2025\/02\/89ab997e-0dc6-46a8-b899-c9c3511e1f17.jpg?resize=768%2C552&amp;ssl=1 768w, https:\/\/i2.wp.com\/nilljunior.com.br\/wp-content\/uploads\/2025\/02\/89ab997e-0dc6-46a8-b899-c9c3511e1f17.jpg?resize=557%2C400&amp;ssl=1 557w, https:\/\/i2.wp.com\/nilljunior.com.br\/wp-content\/uploads\/2025\/02\/89ab997e-0dc6-46a8-b899-c9c3511e1f17.jpg?w=2000&amp;ssl=1 2000w\" alt=\"\" width=\"400\" height=\"288\" data-attachment-id=\"299101\" data-permalink=\"https:\/\/nilljunior.com.br\/aline-karina-acompanha-obras-de-escola-padrao-fnde-em-sao-vicente\/89ab997e-0dc6-46a8-b899-c9c3511e1f17\/\" data-orig-file=\"https:\/\/i2.wp.com\/nilljunior.com.br\/wp-content\/uploads\/2025\/02\/89ab997e-0dc6-46a8-b899-c9c3511e1f17.jpg?fit=2560%2C1840&amp;ssl=1\" data-orig-size=\"2560,1840\" data-comments-opened=\"1\" data-image-meta=\"{&quot;aperture&quot;:&quot;0&quot;,&quot;credit&quot;:&quot;&quot;,&quot;camera&quot;:&quot;&quot;,&quot;caption&quot;:&quot;&quot;,&quot;created_timestamp&quot;:&quot;0&quot;,&quot;copyright&quot;:&quot;&quot;,&quot;focal_length&quot;:&quot;0&quot;,&quot;iso&quot;:&quot;0&quot;,&quot;shutter_speed&quot;:&quot;0&quot;,&quot;title&quot;:&quot;&quot;,&quot;orientation&quot;:&quot;0&quot;}\" data-image-title=\"89ab997e-0dc6-46a8-b899-c9c3511e1f17\" data-image-description=\"\" data-medium-file=\"https:\/\/i2.wp.com\/nilljunior.com.br\/wp-content\/uploads\/2025\/02\/89ab997e-0dc6-46a8-b899-c9c3511e1f17.jpg?fit=300%2C216&amp;ssl=1\" data-large-file=\"https:\/\/i2.wp.com\/nilljunior.com.br\/wp-content\/uploads\/2025\/02\/89ab997e-0dc6-46a8-b899-c9c3511e1f17.jpg?fit=557%2C400&amp;ssl=1\" data-recalc-dims=\"1\" data-lazy-loaded=\"1\" \/><span style=\"font-family: arial, helvetica, sans-serif;\">A prefeita de Itapetim, Aline Karina esteve acompanhando as obras da Escola Padr\u00e3o FNDE Argemiro C\u00e2ndido, no Distrito de S\u00e3o Vicente.<\/span><\/span><\/p>\n<p style=\"text-align: justify;\"><span style=\"font-size: 14pt; font-family: arial, helvetica, sans-serif;\">A unidade de ensino, conquistada e iniciada na gest\u00e3o do ex-prefeito Adelmo Moura, avan\u00e7a mais uma etapa, com a\u00a0concretagem\u00a0do primeiro bloco.<\/span><\/p>\n<p style=\"text-align: justify;\"><span style=\"font-size: 14pt; font-family: arial, helvetica, sans-serif;\">\u201cEssa \u00e9 uma grande conquista. Em breve, entregaremos uma escola moderna e estruturada para nossos estudantes. O nosso compromisso \u00e9 iniciar novas obras, mas tamb\u00e9m garantir a conclus\u00e3o das obras que j\u00e1 est\u00e3o em andamento\u201d, afirmou.<\/span><\/p>\n","protected":false},"excerpt":{"rendered":"<p>A prefeita de Itapetim, Aline Karina esteve acompanhando as obras da Escola Padr&atilde;o FNDE Argemiro C&acirc;ndido, no Distrito de S&atilde;o Vicente. A unidade de ensino, conquistada e iniciada na gest&atilde;o do ex-prefeito Adelmo Moura, avan&ccedil;a mais uma etapa, com a&nbsp;concretagem&nbsp;do primeiro bloco. &ldquo;Essa &eacute; uma grande conquista. Em breve, entregaremos uma escola moderna e estruturada para nossos estudantes. O nosso compromisso &eacute; iniciar novas obras, mas tamb&eacute;m garantir a conclus&atilde;o das obras que j&aacute; est&atilde;o em andamento&rdquo;, afirmou.<\/p>\n","protected":false},"author":2,"featured_media":0,"comment_status":"open","ping_status":"open","sticky":false,"template":"","format":"standard","meta":{"footnotes":""},"categories":[26],"tags":[],"class_list":["post-40515","post","type-post","status-publish","format-standard","hentry","category-noticias"],"_links":{"self":[{"href":"https:\/\/blogdojuniorcavalcanti.com.br\/index.php\/wp-json\/wp\/v2\/posts\/40515","targetHints":{"allow":["GET"]}}],"collection":[{"href":"https:\/\/blogdojuniorcavalcanti.com.br\/index.php\/wp-json\/wp\/v2\/posts"}],"about":[{"href":"https:\/\/blogdojuniorcavalcanti.com.br\/index.php\/wp-json\/wp\/v2\/types\/post"}],"author":[{"embeddable":true,"href":"https:\/\/blogdojuniorcavalcanti.com.br\/index.php\/wp-json\/wp\/v2\/users\/2"}],"replies":[{"embeddable":true,"href":"https:\/\/blogdojuniorcavalcanti.com.br\/index.php\/wp-json\/wp\/v2\/comments?post=40515"}],"version-history":[{"count":1,"href":"https:\/\/blogdojuniorcavalcanti.com.br\/index.php\/wp-json\/wp\/v2\/posts\/40515\/revisions"}],"predecessor-version":[{"id":40516,"href":"https:\/\/blogdojuniorcavalcanti.com.br\/index.php\/wp-json\/wp\/v2\/posts\/40515\/revisions\/40516"}],"wp:attachment":[{"href":"https:\/\/blogdojuniorcavalcanti.com.br\/index.php\/wp-json\/wp\/v2\/media?parent=40515"}],"wp:term":[{"taxonomy":"category","embeddable":true,"href":"https:\/\/blogdojuniorcavalcanti.com.br\/index.php\/wp-json\/wp\/v2\/categories?post=40515"},{"taxonomy":"post_tag","embeddable":true,"href":"https:\/\/blogdojuniorcavalcanti.com.br\/index.php\/wp-json\/wp\/v2\/tags?post=40515"}],"curies":[{"name":"wp","href":"https:\/\/api.w.org\/{rel}","templated":true}]}}