{"id":40827,"date":"2025-02-15T10:23:15","date_gmt":"2025-02-15T13:23:15","guid":{"rendered":"https:\/\/blogdojuniorcavalcanti.com.br\/?p=40827"},"modified":"2025-02-15T10:23:15","modified_gmt":"2025-02-15T13:23:15","slug":"governo-de-pernambuco-decreta-ponto-facultativo-na-semana-do-carnaval-e-feriado-da-data-magna","status":"publish","type":"post","link":"https:\/\/blogdojuniorcavalcanti.com.br\/index.php\/2025\/02\/15\/governo-de-pernambuco-decreta-ponto-facultativo-na-semana-do-carnaval-e-feriado-da-data-magna\/","title":{"rendered":"Governo de Pernambuco decreta ponto facultativo na semana do Carnaval e feriado da Data Magna"},"content":{"rendered":"<p style=\"text-align: justify;\"><span style=\"font-size: 14pt;\"><img fetchpriority=\"high\" decoding=\"async\" class=\"alignleft wp-image-261102 jetpack-lazy-image jetpack-lazy-image--handled\" src=\"https:\/\/i0.wp.com\/nilljunior.com.br\/wp-content\/uploads\/2023\/06\/Palacio_do_Campo_das_Princesas.jpeg?resize=400%2C267&amp;ssl=1\" sizes=\"(max-width: 400px) 100vw, 400px\" srcset=\"https:\/\/i0.wp.com\/nilljunior.com.br\/wp-content\/uploads\/2023\/06\/Palacio_do_Campo_das_Princesas.jpeg?w=1600&amp;ssl=1 1600w, https:\/\/i0.wp.com\/nilljunior.com.br\/wp-content\/uploads\/2023\/06\/Palacio_do_Campo_das_Princesas.jpeg?resize=150%2C100&amp;ssl=1 150w, https:\/\/i0.wp.com\/nilljunior.com.br\/wp-content\/uploads\/2023\/06\/Palacio_do_Campo_das_Princesas.jpeg?resize=300%2C200&amp;ssl=1 300w, https:\/\/i0.wp.com\/nilljunior.com.br\/wp-content\/uploads\/2023\/06\/Palacio_do_Campo_das_Princesas.jpeg?resize=768%2C512&amp;ssl=1 768w, https:\/\/i0.wp.com\/nilljunior.com.br\/wp-content\/uploads\/2023\/06\/Palacio_do_Campo_das_Princesas.jpeg?resize=600%2C400&amp;ssl=1 600w\" alt=\"\" width=\"400\" height=\"267\" data-attachment-id=\"261102\" data-permalink=\"https:\/\/nilljunior.com.br\/governo-de-pernambuco-antecipa-pagamento-da-folha-de-junho\/palacio_do_campo_das_princesas\/\" data-orig-file=\"https:\/\/i0.wp.com\/nilljunior.com.br\/wp-content\/uploads\/2023\/06\/Palacio_do_Campo_das_Princesas.jpeg?fit=1600%2C1066&amp;ssl=1\" data-orig-size=\"1600,1066\" data-comments-opened=\"1\" data-image-meta=\"{&quot;aperture&quot;:&quot;0&quot;,&quot;credit&quot;:&quot;&quot;,&quot;camera&quot;:&quot;&quot;,&quot;caption&quot;:&quot;&quot;,&quot;created_timestamp&quot;:&quot;0&quot;,&quot;copyright&quot;:&quot;&quot;,&quot;focal_length&quot;:&quot;0&quot;,&quot;iso&quot;:&quot;0&quot;,&quot;shutter_speed&quot;:&quot;0&quot;,&quot;title&quot;:&quot;&quot;,&quot;orientation&quot;:&quot;0&quot;}\" data-image-title=\"Palacio_do_Campo_das_Princesas\" data-image-description=\"\" data-medium-file=\"https:\/\/i0.wp.com\/nilljunior.com.br\/wp-content\/uploads\/2023\/06\/Palacio_do_Campo_das_Princesas.jpeg?fit=300%2C200&amp;ssl=1\" data-large-file=\"https:\/\/i0.wp.com\/nilljunior.com.br\/wp-content\/uploads\/2023\/06\/Palacio_do_Campo_das_Princesas.jpeg?fit=600%2C400&amp;ssl=1\" data-recalc-dims=\"1\" data-lazy-loaded=\"1\" \/><span style=\"font-family: arial, helvetica, sans-serif;\">O Governo de Pernambuco decretou, nesta sexta-feira (14), ponto facultativo nos dias 3, 4, 5 e 7 de mar\u00e7o deste ano, em raz\u00e3o das datas comemorativas do per\u00edodo.<\/span><\/span><\/p>\n<p style=\"text-align: justify;\"><span style=\"font-size: 14pt; font-family: arial, helvetica, sans-serif;\">As tr\u00eas primeiras datas correspondem \u00e0 segunda e ter\u00e7a-feira de Carnaval e \u00e0 Quarta-Feira de Cinzas. J\u00e1 o dia 7 \u00e9 a sexta-feira que sucede o feriado estadual da Data Magna, celebrado em 6 de mar\u00e7o.<\/span><\/p>\n<p style=\"text-align: justify;\"><span style=\"font-size: 14pt; font-family: arial, helvetica, sans-serif;\">O decreto publicado no Di\u00e1rio Oficial do Estado \u00e9 v\u00e1lido para reparti\u00e7\u00f5es p\u00fablicas e entidades da administra\u00e7\u00e3o direta e indireta.<\/span><\/p>\n<p style=\"text-align: justify;\"><span style=\"font-size: 14pt; font-family: arial, helvetica, sans-serif;\">Os servi\u00e7os essenciais ser\u00e3o mantidos, conforme as necessidades de cada \u00e1rea, para garantir a continuidade da presta\u00e7\u00e3o de servi\u00e7os \u00e0 popula\u00e7\u00e3o.<\/span><\/p>\n","protected":false},"excerpt":{"rendered":"<p>O Governo de Pernambuco decretou, nesta sexta-feira (14), ponto facultativo nos dias 3, 4, 5 e 7 de mar&ccedil;o deste ano, em raz&atilde;o das datas comemorativas do per&iacute;odo. As tr&ecirc;s primeiras datas correspondem &agrave; segunda e ter&ccedil;a-feira de Carnaval e &agrave; Quarta-Feira de Cinzas. J&aacute; o dia 7 &eacute; a sexta-feira que sucede o feriado estadual da Data Magna, celebrado em 6 de mar&ccedil;o. O decreto publicado no Di&aacute;rio Oficial do Estado &eacute; v&aacute;lido para reparti&ccedil;&otilde;es p&uacute;blicas e entidades da administra&ccedil;&atilde;o direta e indireta. Os servi&ccedil;os essenciais ser&atilde;o mantidos, conforme as necessidades de cada &aacute;rea, para garantir a continuidade da &#8230; <\/p>\n<p class=\"read-more-container\"><a title=\"Governo de Pernambuco decreta ponto facultativo na semana do Carnaval e feriado da Data Magna\" class=\"read-more button\" href=\"https:\/\/blogdojuniorcavalcanti.com.br\/index.php\/2025\/02\/15\/governo-de-pernambuco-decreta-ponto-facultativo-na-semana-do-carnaval-e-feriado-da-data-magna\/#more-40827\" aria-label=\"More on Governo de Pernambuco decreta ponto facultativo na semana do Carnaval e feriado da Data Magna\">Leia mais<\/a><\/p>\n","protected":false},"author":2,"featured_media":0,"comment_status":"open","ping_status":"open","sticky":false,"template":"","format":"standard","meta":{"footnotes":""},"categories":[26],"tags":[],"class_list":["post-40827","post","type-post","status-publish","format-standard","hentry","category-noticias"],"_links":{"self":[{"href":"https:\/\/blogdojuniorcavalcanti.com.br\/index.php\/wp-json\/wp\/v2\/posts\/40827","targetHints":{"allow":["GET"]}}],"collection":[{"href":"https:\/\/blogdojuniorcavalcanti.com.br\/index.php\/wp-json\/wp\/v2\/posts"}],"about":[{"href":"https:\/\/blogdojuniorcavalcanti.com.br\/index.php\/wp-json\/wp\/v2\/types\/post"}],"author":[{"embeddable":true,"href":"https:\/\/blogdojuniorcavalcanti.com.br\/index.php\/wp-json\/wp\/v2\/users\/2"}],"replies":[{"embeddable":true,"href":"https:\/\/blogdojuniorcavalcanti.com.br\/index.php\/wp-json\/wp\/v2\/comments?post=40827"}],"version-history":[{"count":1,"href":"https:\/\/blogdojuniorcavalcanti.com.br\/index.php\/wp-json\/wp\/v2\/posts\/40827\/revisions"}],"predecessor-version":[{"id":40828,"href":"https:\/\/blogdojuniorcavalcanti.com.br\/index.php\/wp-json\/wp\/v2\/posts\/40827\/revisions\/40828"}],"wp:attachment":[{"href":"https:\/\/blogdojuniorcavalcanti.com.br\/index.php\/wp-json\/wp\/v2\/media?parent=40827"}],"wp:term":[{"taxonomy":"category","embeddable":true,"href":"https:\/\/blogdojuniorcavalcanti.com.br\/index.php\/wp-json\/wp\/v2\/categories?post=40827"},{"taxonomy":"post_tag","embeddable":true,"href":"https:\/\/blogdojuniorcavalcanti.com.br\/index.php\/wp-json\/wp\/v2\/tags?post=40827"}],"curies":[{"name":"wp","href":"https:\/\/api.w.org\/{rel}","templated":true}]}}