{"id":40960,"date":"2025-02-19T11:30:11","date_gmt":"2025-02-19T14:30:11","guid":{"rendered":"https:\/\/blogdojuniorcavalcanti.com.br\/?p=40960"},"modified":"2025-02-19T11:30:11","modified_gmt":"2025-02-19T14:30:11","slug":"preco-dos-ovos-dispara-e-aumento-chega-a-50-em-diversas-regioes-do-pais","status":"publish","type":"post","link":"https:\/\/blogdojuniorcavalcanti.com.br\/index.php\/2025\/02\/19\/preco-dos-ovos-dispara-e-aumento-chega-a-50-em-diversas-regioes-do-pais\/","title":{"rendered":"Pre\u00e7o dos ovos dispara e aumento chega a 50% em diversas regi\u00f5es do Pa\u00eds"},"content":{"rendered":"<p style=\"text-align: justify;\"><span style=\"font-size: 14pt; font-family: arial, helvetica, sans-serif;\"><img fetchpriority=\"high\" decoding=\"async\" class=\"aligncenter\" src=\"https:\/\/s2-g1.glbimg.com\/owg1BAjaeHnkCL4ZZ9WVez-HXFI=\/0x0:2304x1536\/984x0\/smart\/filters:strip_icc()\/i.s3.glbimg.com\/v1\/AUTH_59edd422c0c84a879bd37670ae4f538a\/internal_photos\/bs\/2025\/E\/K\/J3f8FbQB2s7bBgJmIk4g\/ato20250121006.jpg\" alt=\"Pre\u00e7o dos ovos dever\u00e1 continuar alto por mais dois meses, estima Associa\u00e7\u00e3o  | Agroneg\u00f3cios | G1\" width=\"639\" height=\"426\" \/><\/span><\/p>\n<p style=\"text-align: justify;\"><span style=\"font-size: 14pt; font-family: arial, helvetica, sans-serif;\">O pre\u00e7o dos ovos registrou um aumento significativo em todo o pa\u00eds, chegando a 50% em algumas regi\u00f5es, segundo dados da Associa\u00e7\u00e3o Brasileira de Supermercados. A alta vem sendo sentida pelos consumidores desde o in\u00edcio de janeiro, e tem impacto direto no or\u00e7amento das fam\u00edlias brasileiras.<\/span><\/p>\n<p style=\"text-align: justify;\"><span style=\"font-size: 14pt; font-family: arial, helvetica, sans-serif;\">Em entrevista \u00e0 R\u00e1dio Jornal do Recife, o presidente do Instituto Ovos Brasil, Edival Veras, explicou os principais fatores que levaram ao aumento. Segundo ele, a oscila\u00e7\u00e3o dos pre\u00e7os \u00e9 natural no setor, que muitas vezes opera com margem negativa.<\/span><\/p>\n<p style=\"text-align: justify;\"><span style=\"font-size: 14pt; font-family: arial, helvetica, sans-serif;\">\u201cOs supermercados falam que o pre\u00e7o subiu bastante, mas ele estava abaixo do custo. O milho vem subindo, estamos no ver\u00e3o, per\u00edodo em que as aves produzem menos, e isso influencia diretamente na oferta e no pre\u00e7o\u201d, destacou.<\/span><\/p>\n<p style=\"text-align: justify;\"><span style=\"font-size: 14pt; font-family: arial, helvetica, sans-serif;\">Ainda de acordo com Veras, os insumos utilizados na alimenta\u00e7\u00e3o das aves, como milho e soja, representam cerca de 70% do custo de produ\u00e7\u00e3o. A alta do d\u00f3lar tamb\u00e9m tem impacto no pre\u00e7o dos alimentos, j\u00e1 que esses ingredientes s\u00e3o comercializados internacionalmente.<\/span><\/p>\n","protected":false},"excerpt":{"rendered":"<p>O pre&ccedil;o dos ovos registrou um aumento significativo em todo o pa&iacute;s, chegando a 50% em algumas regi&otilde;es, segundo dados da Associa&ccedil;&atilde;o Brasileira de Supermercados. A alta vem sendo sentida pelos consumidores desde o in&iacute;cio de janeiro, e tem impacto direto no or&ccedil;amento das fam&iacute;lias brasileiras. Em entrevista &agrave; R&aacute;dio Jornal do Recife, o presidente do Instituto Ovos Brasil, Edival Veras, explicou os principais fatores que levaram ao aumento. Segundo ele, a oscila&ccedil;&atilde;o dos pre&ccedil;os &eacute; natural no setor, que muitas vezes opera com margem negativa. &ldquo;Os supermercados falam que o pre&ccedil;o subiu bastante, mas ele estava abaixo do custo. &#8230; <\/p>\n<p class=\"read-more-container\"><a title=\"Pre\u00e7o dos ovos dispara e aumento chega a 50% em diversas regi\u00f5es do Pa\u00eds\" class=\"read-more button\" href=\"https:\/\/blogdojuniorcavalcanti.com.br\/index.php\/2025\/02\/19\/preco-dos-ovos-dispara-e-aumento-chega-a-50-em-diversas-regioes-do-pais\/#more-40960\" aria-label=\"More on Pre\u00e7o dos ovos dispara e aumento chega a 50% em diversas regi\u00f5es do Pa\u00eds\">Leia mais<\/a><\/p>\n","protected":false},"author":2,"featured_media":0,"comment_status":"open","ping_status":"open","sticky":false,"template":"","format":"standard","meta":{"footnotes":""},"categories":[26],"tags":[],"class_list":["post-40960","post","type-post","status-publish","format-standard","hentry","category-noticias"],"_links":{"self":[{"href":"https:\/\/blogdojuniorcavalcanti.com.br\/index.php\/wp-json\/wp\/v2\/posts\/40960","targetHints":{"allow":["GET"]}}],"collection":[{"href":"https:\/\/blogdojuniorcavalcanti.com.br\/index.php\/wp-json\/wp\/v2\/posts"}],"about":[{"href":"https:\/\/blogdojuniorcavalcanti.com.br\/index.php\/wp-json\/wp\/v2\/types\/post"}],"author":[{"embeddable":true,"href":"https:\/\/blogdojuniorcavalcanti.com.br\/index.php\/wp-json\/wp\/v2\/users\/2"}],"replies":[{"embeddable":true,"href":"https:\/\/blogdojuniorcavalcanti.com.br\/index.php\/wp-json\/wp\/v2\/comments?post=40960"}],"version-history":[{"count":1,"href":"https:\/\/blogdojuniorcavalcanti.com.br\/index.php\/wp-json\/wp\/v2\/posts\/40960\/revisions"}],"predecessor-version":[{"id":40961,"href":"https:\/\/blogdojuniorcavalcanti.com.br\/index.php\/wp-json\/wp\/v2\/posts\/40960\/revisions\/40961"}],"wp:attachment":[{"href":"https:\/\/blogdojuniorcavalcanti.com.br\/index.php\/wp-json\/wp\/v2\/media?parent=40960"}],"wp:term":[{"taxonomy":"category","embeddable":true,"href":"https:\/\/blogdojuniorcavalcanti.com.br\/index.php\/wp-json\/wp\/v2\/categories?post=40960"},{"taxonomy":"post_tag","embeddable":true,"href":"https:\/\/blogdojuniorcavalcanti.com.br\/index.php\/wp-json\/wp\/v2\/tags?post=40960"}],"curies":[{"name":"wp","href":"https:\/\/api.w.org\/{rel}","templated":true}]}}