{"id":41005,"date":"2025-02-21T10:26:50","date_gmt":"2025-02-21T13:26:50","guid":{"rendered":"https:\/\/blogdojuniorcavalcanti.com.br\/?p=41005"},"modified":"2025-02-21T10:26:50","modified_gmt":"2025-02-21T13:26:50","slug":"tce-pe-lanca-painel-com-dados-de-pessoal-do-estado-e-municipios","status":"publish","type":"post","link":"https:\/\/blogdojuniorcavalcanti.com.br\/index.php\/2025\/02\/21\/tce-pe-lanca-painel-com-dados-de-pessoal-do-estado-e-municipios\/","title":{"rendered":"TCE-PE lan\u00e7a painel com dados de pessoal do estado e munic\u00edpios"},"content":{"rendered":"<p style=\"text-align: justify;\"><span style=\"font-size: 14pt;\"><img fetchpriority=\"high\" decoding=\"async\" class=\"alignleft wp-image-300139 jetpack-lazy-image jetpack-lazy-image--handled\" src=\"https:\/\/i0.wp.com\/nilljunior.com.br\/wp-content\/uploads\/2025\/02\/transferir.png?resize=400%2C264&amp;ssl=1\" sizes=\"(max-width: 400px) 100vw, 400px\" srcset=\"https:\/\/i0.wp.com\/nilljunior.com.br\/wp-content\/uploads\/2025\/02\/transferir.png?w=555&amp;ssl=1 555w, https:\/\/i0.wp.com\/nilljunior.com.br\/wp-content\/uploads\/2025\/02\/transferir.png?resize=150%2C100&amp;ssl=1 150w, https:\/\/i0.wp.com\/nilljunior.com.br\/wp-content\/uploads\/2025\/02\/transferir.png?resize=300%2C198&amp;ssl=1 300w\" alt=\"\" width=\"400\" height=\"264\" data-attachment-id=\"300139\" data-permalink=\"https:\/\/nilljunior.com.br\/tce-pe-lanca-painel-com-dados-de-pessoal-do-estado-e-municipios\/transferir-15\/\" data-orig-file=\"https:\/\/i0.wp.com\/nilljunior.com.br\/wp-content\/uploads\/2025\/02\/transferir.png?fit=555%2C366&amp;ssl=1\" data-orig-size=\"555,366\" data-comments-opened=\"1\" data-image-meta=\"{&quot;aperture&quot;:&quot;0&quot;,&quot;credit&quot;:&quot;&quot;,&quot;camera&quot;:&quot;&quot;,&quot;caption&quot;:&quot;&quot;,&quot;created_timestamp&quot;:&quot;0&quot;,&quot;copyright&quot;:&quot;&quot;,&quot;focal_length&quot;:&quot;0&quot;,&quot;iso&quot;:&quot;0&quot;,&quot;shutter_speed&quot;:&quot;0&quot;,&quot;title&quot;:&quot;&quot;,&quot;orientation&quot;:&quot;0&quot;}\" data-image-title=\"transferir\" data-image-description=\"\" data-medium-file=\"https:\/\/i0.wp.com\/nilljunior.com.br\/wp-content\/uploads\/2025\/02\/transferir.png?fit=300%2C198&amp;ssl=1\" data-large-file=\"https:\/\/i0.wp.com\/nilljunior.com.br\/wp-content\/uploads\/2025\/02\/transferir.png?fit=555%2C366&amp;ssl=1\" data-recalc-dims=\"1\" data-lazy-loaded=\"1\" \/><span style=\"font-family: arial, helvetica, sans-serif;\">O Tribunal de Contas de Pernambuco (TCE-PE) lan\u00e7ou um painel com informa\u00e7\u00f5es dos quadros de pessoal dos munic\u00edpios, governo estadual e poderes estaduais. Baseado em dados fornecidos pela pr\u00f3pria gest\u00e3o p\u00fablica, o Mapa dos Servidores de PE, hospedado no portal Tome Conta, tem como objetivo dar maior transpar\u00eancia ao quantitativo e \u00e0s despesas com pessoal no estado.<\/span><\/span><\/p>\n<p style=\"text-align: justify;\"><span style=\"font-size: 14pt; font-family: arial, helvetica, sans-serif;\">O painel foi lan\u00e7ado tendo junho de 2024 como data-base. De acordo com os dados apurados, 52,8% dos servidores p\u00fablicos \u2013 sejam eles municipais ou estaduais \u2013 de Pernambuco eram efetivos. Em rela\u00e7\u00e3o ao in\u00edcio da s\u00e9rie hist\u00f3rica, em 2020, houve uma queda de 4% nos v\u00ednculos efetivos no servi\u00e7o p\u00fablico em Pernambuco. Essa diminui\u00e7\u00e3o foi de 3,7% nos munic\u00edpios, e de 4,3% no estado.<\/span><\/p>\n<p style=\"text-align: justify;\"><span style=\"font-size: 14pt; font-family: arial, helvetica, sans-serif;\">Os contratos tempor\u00e1rios, representando 34,5% do total de servidores, aumentaram em 36,3% em rela\u00e7\u00e3o a 2020. O crescimento dos v\u00ednculos tempor\u00e1rios foi mais alto nos munic\u00edpios (+43,6%) do que no estado (+7,2%).<\/span><\/p>\n<p style=\"text-align: justify;\"><span style=\"font-size: 14pt; font-family: arial, helvetica, sans-serif;\">Os servidores comissionados, que s\u00e3o 12,7% do todo, registraram aumento de 26,7% em quatro anos (2020-24). O crescimento tamb\u00e9m foi maior nos munic\u00edpios (+29,3%) do que no estado (+5,4%).\u00a0<\/span><\/p>\n<p style=\"text-align: justify;\"><span style=\"font-size: 14pt; font-family: arial, helvetica, sans-serif;\">Al\u00e9m disso, 50% dos munic\u00edpios pernambucanos t\u00eam mais servidores tempor\u00e1rios do que efetivos em seus quadros de pessoal. E 37 c\u00e2maras de vereadores n\u00e3o t\u00eam servidores efetivos.\u00a0<\/span><\/p>\n<p style=\"text-align: justify;\"><span style=\"font-size: 14pt; font-family: arial, helvetica, sans-serif;\">\u201cEstamos dando publicidade a essas informa\u00e7\u00f5es para que a popula\u00e7\u00e3o possa exercer melhor o seu controle social. Embora previsto pela Constitui\u00e7\u00e3o, o contrato tempor\u00e1rio deve ser a exce\u00e7\u00e3o, necessitando sempre ser justificado\u201d, explica o presidente do TCE-PE, Valdecir Pascoal.<\/span><\/p>\n<p style=\"text-align: justify;\"><span style=\"font-size: 14pt; font-family: arial, helvetica, sans-serif;\">\u201cEsses dados causam preocupa\u00e7\u00e3o, j\u00e1 que a regra para admiss\u00e3o de pessoal \u00e9 o concurso p\u00fablico para cargos efetivos. O TCE-PE tem estado atento a isso, agindo por meio de auditorias especiais, autos de infra\u00e7\u00e3o, e medidas cautelares para garantir uma gest\u00e3o p\u00fablica eficiente\u201d, completou.<\/span><\/p>\n<p style=\"text-align: justify;\"><span style=\"font-size: 14pt; font-family: arial, helvetica, sans-serif;\">RESPONSABILIDADE FISCAL \u2013 O painel tamb\u00e9m inclui informa\u00e7\u00f5es sobre como os \u00f3rg\u00e3os municipais, estaduais e poderes est\u00e3o em rela\u00e7\u00e3o aos limites de despesa total com pessoal definidos pela Lei de Responsabilidade Fiscal (LRF).\u00a0<\/span><\/p>\n<p style=\"text-align: justify;\"><span style=\"font-size: 14pt; font-family: arial, helvetica, sans-serif;\">Das 184 prefeituras pernambucanas, 23 (13,5%) excederam o limite estabelecido de 54% da receita corrente l\u00edquida para gastos com pessoal.\u00a0<\/span><\/p>\n","protected":false},"excerpt":{"rendered":"<p>O Tribunal de Contas de Pernambuco (TCE-PE) lan&ccedil;ou um painel com informa&ccedil;&otilde;es dos quadros de pessoal dos munic&iacute;pios, governo estadual e poderes estaduais. Baseado em dados fornecidos pela pr&oacute;pria gest&atilde;o p&uacute;blica, o Mapa dos Servidores de PE, hospedado no portal Tome Conta, tem como objetivo dar maior transpar&ecirc;ncia ao quantitativo e &agrave;s despesas com pessoal no estado. O painel foi lan&ccedil;ado tendo junho de 2024 como data-base. De acordo com os dados apurados, 52,8% dos servidores p&uacute;blicos &ndash; sejam eles municipais ou estaduais &ndash; de Pernambuco eram efetivos. Em rela&ccedil;&atilde;o ao in&iacute;cio da s&eacute;rie hist&oacute;rica, em 2020, houve uma queda &#8230; <\/p>\n<p class=\"read-more-container\"><a title=\"TCE-PE lan\u00e7a painel com dados de pessoal do estado e munic\u00edpios\" class=\"read-more button\" href=\"https:\/\/blogdojuniorcavalcanti.com.br\/index.php\/2025\/02\/21\/tce-pe-lanca-painel-com-dados-de-pessoal-do-estado-e-municipios\/#more-41005\" aria-label=\"More on TCE-PE lan\u00e7a painel com dados de pessoal do estado e munic\u00edpios\">Leia mais<\/a><\/p>\n","protected":false},"author":2,"featured_media":0,"comment_status":"open","ping_status":"open","sticky":false,"template":"","format":"standard","meta":{"footnotes":""},"categories":[26],"tags":[],"class_list":["post-41005","post","type-post","status-publish","format-standard","hentry","category-noticias"],"_links":{"self":[{"href":"https:\/\/blogdojuniorcavalcanti.com.br\/index.php\/wp-json\/wp\/v2\/posts\/41005","targetHints":{"allow":["GET"]}}],"collection":[{"href":"https:\/\/blogdojuniorcavalcanti.com.br\/index.php\/wp-json\/wp\/v2\/posts"}],"about":[{"href":"https:\/\/blogdojuniorcavalcanti.com.br\/index.php\/wp-json\/wp\/v2\/types\/post"}],"author":[{"embeddable":true,"href":"https:\/\/blogdojuniorcavalcanti.com.br\/index.php\/wp-json\/wp\/v2\/users\/2"}],"replies":[{"embeddable":true,"href":"https:\/\/blogdojuniorcavalcanti.com.br\/index.php\/wp-json\/wp\/v2\/comments?post=41005"}],"version-history":[{"count":1,"href":"https:\/\/blogdojuniorcavalcanti.com.br\/index.php\/wp-json\/wp\/v2\/posts\/41005\/revisions"}],"predecessor-version":[{"id":41006,"href":"https:\/\/blogdojuniorcavalcanti.com.br\/index.php\/wp-json\/wp\/v2\/posts\/41005\/revisions\/41006"}],"wp:attachment":[{"href":"https:\/\/blogdojuniorcavalcanti.com.br\/index.php\/wp-json\/wp\/v2\/media?parent=41005"}],"wp:term":[{"taxonomy":"category","embeddable":true,"href":"https:\/\/blogdojuniorcavalcanti.com.br\/index.php\/wp-json\/wp\/v2\/categories?post=41005"},{"taxonomy":"post_tag","embeddable":true,"href":"https:\/\/blogdojuniorcavalcanti.com.br\/index.php\/wp-json\/wp\/v2\/tags?post=41005"}],"curies":[{"name":"wp","href":"https:\/\/api.w.org\/{rel}","templated":true}]}}