{"id":41479,"date":"2025-03-10T11:04:11","date_gmt":"2025-03-10T14:04:11","guid":{"rendered":"https:\/\/blogdojuniorcavalcanti.com.br\/?p=41479"},"modified":"2025-03-10T11:04:11","modified_gmt":"2025-03-10T14:04:11","slug":"festa-de-marco-em-irajai-iguaracy-tem-inicio-com-cafe-da-manha-em-comunidade","status":"publish","type":"post","link":"https:\/\/blogdojuniorcavalcanti.com.br\/index.php\/2025\/03\/10\/festa-de-marco-em-irajai-iguaracy-tem-inicio-com-cafe-da-manha-em-comunidade\/","title":{"rendered":"Festa de mar\u00e7o em Iraja\u00ed\/Iguaracy tem in\u00edcio com caf\u00e9 da manh\u00e3 em comunidade"},"content":{"rendered":"<p style=\"text-align: justify;\"><span style=\"font-size: 14pt; font-family: arial, helvetica, sans-serif;\"><img fetchpriority=\"high\" decoding=\"async\" class=\"alignleft\" src=\"https:\/\/i0.wp.com\/afogadosfm.com.br\/afogadosfm\/wp-content\/uploads\/2025\/03\/8e6f9548-40c0-494a-8c35-6ade4a734f54.jpeg?resize=840%2C480&amp;ssl=1\" width=\"394\" height=\"225\" \/>Hoje, 10 de mar\u00e7o, a t\u00e3o esperada Festa de Mar\u00e7o em Iraja\u00ed come\u00e7ou com um caf\u00e9 da manh\u00e3, preparado pelos moradores da comunidade, em parceria com a Prefeitura Municipal de Iguaracy na lideran\u00e7a do prefeito Dr. Pedro Alves (PSDB-PE). O evento foi marcado pela presen\u00e7a do prefeito Pedro Alves, da primeira-dama Dra. Gra\u00e7a Valadares, do vice-prefeito e secret\u00e1rio de Administra\u00e7\u00e3o e Desenvolvimento Econ\u00f4mico Marcos Melo, da vereadora Bruna Torres, do secret\u00e1rio de Via\u00e7\u00e3o, Obras, Infraestrutura e Servi\u00e7os P\u00fablicos, F\u00e1bio Torres, do secret\u00e1rio de Cultura e Turismo, Marcone Melo, ex-vereador Leonardo Lopes e o ex-prefeito Zeinha Torres, que agora atua como assessor especial de articula\u00e7\u00e3o do Governo do Estado de Pernambuco. L\u00edgia Torres e Dr. Paulino tamb\u00e9m estiveram presentes, junto a v\u00e1rias integrantes da equipe de governo e muitos moradores da comunidade.<\/span><\/p>\n<figure class=\"wp-block-image size-large\" style=\"text-align: justify;\"><img decoding=\"async\" class=\"wp-image-64134\" src=\"https:\/\/i0.wp.com\/afogadosfm.com.br\/afogadosfm\/wp-content\/uploads\/2025\/03\/9ae6b8ad-9b70-4b06-89f2-9b4ff8247a9e.jpeg?resize=840%2C630&amp;ssl=1\" sizes=\"(max-width: 840px) 100vw, 840px\" srcset=\"https:\/\/i0.wp.com\/afogadosfm.com.br\/afogadosfm\/wp-content\/uploads\/2025\/03\/9ae6b8ad-9b70-4b06-89f2-9b4ff8247a9e.jpeg?resize=1024%2C768&amp;ssl=1 1024w, https:\/\/i0.wp.com\/afogadosfm.com.br\/afogadosfm\/wp-content\/uploads\/2025\/03\/9ae6b8ad-9b70-4b06-89f2-9b4ff8247a9e.jpeg?resize=300%2C225&amp;ssl=1 300w, https:\/\/i0.wp.com\/afogadosfm.com.br\/afogadosfm\/wp-content\/uploads\/2025\/03\/9ae6b8ad-9b70-4b06-89f2-9b4ff8247a9e.jpeg?resize=768%2C576&amp;ssl=1 768w, https:\/\/i0.wp.com\/afogadosfm.com.br\/afogadosfm\/wp-content\/uploads\/2025\/03\/9ae6b8ad-9b70-4b06-89f2-9b4ff8247a9e.jpeg?resize=1536%2C1152&amp;ssl=1 1536w, https:\/\/i0.wp.com\/afogadosfm.com.br\/afogadosfm\/wp-content\/uploads\/2025\/03\/9ae6b8ad-9b70-4b06-89f2-9b4ff8247a9e.jpeg?resize=2048%2C1536&amp;ssl=1 2048w, https:\/\/i0.wp.com\/afogadosfm.com.br\/afogadosfm\/wp-content\/uploads\/2025\/03\/9ae6b8ad-9b70-4b06-89f2-9b4ff8247a9e.jpeg?w=1680&amp;ssl=1 1680w, https:\/\/i0.wp.com\/afogadosfm.com.br\/afogadosfm\/wp-content\/uploads\/2025\/03\/9ae6b8ad-9b70-4b06-89f2-9b4ff8247a9e.jpeg?w=2520&amp;ssl=1 2520w\" alt=\"\" width=\"840\" height=\"630\" data-recalc-dims=\"1\" \/><\/figure>\n<p style=\"text-align: justify;\"><span style=\"font-size: 14pt; font-family: arial, helvetica, sans-serif;\">Confira a programa\u00e7\u00e3o:<\/span><\/p>\n<ul class=\"wp-block-list\" style=\"text-align: justify;\">\n<li><span style=\"font-size: 14pt; font-family: arial, helvetica, sans-serif;\"><strong>Hoje: Dia 10\/03:<\/strong>\u00a0Paulo Bom D\u2019Farra e Galego Stylizado;<\/span><\/li>\n<li><span style=\"font-size: 14pt; font-family: arial, helvetica, sans-serif;\"><strong>Dia 15\/03:<\/strong>\u00a014 Horas, Missa do Vaqueiro, seguida pela apresenta\u00e7\u00e3o de Walison Vaqueiro \/ Quentura do Forr\u00f3 e Z\u00edlio dos Teclados;<\/span><\/li>\n<li><span style=\"font-size: 14pt; font-family: arial, helvetica, sans-serif;\"><strong>Dia 16\/03:<\/strong>\u00a0Kaynan e Kawe;<\/span><\/li>\n<li><span style=\"font-size: 14pt; font-family: arial, helvetica, sans-serif;\"><strong>Dia 18\/03:<\/strong>\u00a0Teto Fonseca (atra\u00e7\u00e3o religiosa);<\/span><\/li>\n<li><span style=\"font-size: 14pt; font-family: arial, helvetica, sans-serif;\"><strong>Dia 22\/03:<\/strong>\u00a0Ba\u00fa das Meninas e Juarez.<\/span><\/li>\n<\/ul>\n<p style=\"text-align: justify;\"><span style=\"font-size: 14pt; font-family: arial, helvetica, sans-serif;\">Fotos: S\u00e9rgio Coelho.<\/span><\/p>\n","protected":false},"excerpt":{"rendered":"<p>Hoje, 10 de mar&ccedil;o, a t&atilde;o esperada Festa de Mar&ccedil;o em Iraja&iacute; come&ccedil;ou com um caf&eacute; da manh&atilde;, preparado pelos moradores da comunidade, em parceria com a Prefeitura Municipal de Iguaracy na lideran&ccedil;a do prefeito Dr. Pedro Alves (PSDB-PE). O evento foi marcado pela presen&ccedil;a do prefeito Pedro Alves, da primeira-dama Dra. Gra&ccedil;a Valadares, do vice-prefeito e secret&aacute;rio de Administra&ccedil;&atilde;o e Desenvolvimento Econ&ocirc;mico Marcos Melo, da vereadora Bruna Torres, do secret&aacute;rio de Via&ccedil;&atilde;o, Obras, Infraestrutura e Servi&ccedil;os P&uacute;blicos, F&aacute;bio Torres, do secret&aacute;rio de Cultura e Turismo, Marcone Melo, ex-vereador Leonardo Lopes e o ex-prefeito Zeinha Torres, que agora atua como &#8230; <\/p>\n<p class=\"read-more-container\"><a title=\"Festa de mar\u00e7o em Iraja\u00ed\/Iguaracy tem in\u00edcio com caf\u00e9 da manh\u00e3 em comunidade\" class=\"read-more button\" href=\"https:\/\/blogdojuniorcavalcanti.com.br\/index.php\/2025\/03\/10\/festa-de-marco-em-irajai-iguaracy-tem-inicio-com-cafe-da-manha-em-comunidade\/#more-41479\" aria-label=\"More on Festa de mar\u00e7o em Iraja\u00ed\/Iguaracy tem in\u00edcio com caf\u00e9 da manh\u00e3 em comunidade\">Leia mais<\/a><\/p>\n","protected":false},"author":2,"featured_media":0,"comment_status":"open","ping_status":"open","sticky":false,"template":"","format":"standard","meta":{"footnotes":""},"categories":[26],"tags":[],"class_list":["post-41479","post","type-post","status-publish","format-standard","hentry","category-noticias"],"_links":{"self":[{"href":"https:\/\/blogdojuniorcavalcanti.com.br\/index.php\/wp-json\/wp\/v2\/posts\/41479","targetHints":{"allow":["GET"]}}],"collection":[{"href":"https:\/\/blogdojuniorcavalcanti.com.br\/index.php\/wp-json\/wp\/v2\/posts"}],"about":[{"href":"https:\/\/blogdojuniorcavalcanti.com.br\/index.php\/wp-json\/wp\/v2\/types\/post"}],"author":[{"embeddable":true,"href":"https:\/\/blogdojuniorcavalcanti.com.br\/index.php\/wp-json\/wp\/v2\/users\/2"}],"replies":[{"embeddable":true,"href":"https:\/\/blogdojuniorcavalcanti.com.br\/index.php\/wp-json\/wp\/v2\/comments?post=41479"}],"version-history":[{"count":1,"href":"https:\/\/blogdojuniorcavalcanti.com.br\/index.php\/wp-json\/wp\/v2\/posts\/41479\/revisions"}],"predecessor-version":[{"id":41480,"href":"https:\/\/blogdojuniorcavalcanti.com.br\/index.php\/wp-json\/wp\/v2\/posts\/41479\/revisions\/41480"}],"wp:attachment":[{"href":"https:\/\/blogdojuniorcavalcanti.com.br\/index.php\/wp-json\/wp\/v2\/media?parent=41479"}],"wp:term":[{"taxonomy":"category","embeddable":true,"href":"https:\/\/blogdojuniorcavalcanti.com.br\/index.php\/wp-json\/wp\/v2\/categories?post=41479"},{"taxonomy":"post_tag","embeddable":true,"href":"https:\/\/blogdojuniorcavalcanti.com.br\/index.php\/wp-json\/wp\/v2\/tags?post=41479"}],"curies":[{"name":"wp","href":"https:\/\/api.w.org\/{rel}","templated":true}]}}