{"id":4153,"date":"2019-04-25T08:19:04","date_gmt":"2019-04-25T11:19:04","guid":{"rendered":"http:\/\/blogdojuniorcavalcanti.com.br\/?p=4153"},"modified":"2019-04-25T08:19:04","modified_gmt":"2019-04-25T11:19:04","slug":"troca-de-r-40-milhoes-por-previdencia-gera-empurra-empurra-na-camara","status":"publish","type":"post","link":"https:\/\/blogdojuniorcavalcanti.com.br\/index.php\/2019\/04\/25\/troca-de-r-40-milhoes-por-previdencia-gera-empurra-empurra-na-camara\/","title":{"rendered":"Troca de R$ 40 milh\u00f5es por Previd\u00eancia gera empurra-empurra na C\u00e2mara"},"content":{"rendered":"<div id=\"attachment_148706\" class=\"wp-caption alignleft\"><span style=\"font-size: 14pt;\"><a href=\"https:\/\/i2.wp.com\/nilljunior.com.br\/wp-content\/uploads\/2019\/04\/empurra-empurra-camara-24-04-19.jpg\"><img fetchpriority=\"high\" decoding=\"async\" class=\"size-medium wp-image-148706\" src=\"https:\/\/i2.wp.com\/nilljunior.com.br\/wp-content\/uploads\/2019\/04\/empurra-empurra-camara-24-04-19.jpg?resize=300%2C176\" sizes=\"(max-width: 300px) 100vw, 300px\" srcset=\"https:\/\/i2.wp.com\/nilljunior.com.br\/wp-content\/uploads\/2019\/04\/empurra-empurra-camara-24-04-19.jpg?resize=300%2C176 300w, https:\/\/i2.wp.com\/nilljunior.com.br\/wp-content\/uploads\/2019\/04\/empurra-empurra-camara-24-04-19.jpg?resize=768%2C451 768w, https:\/\/i2.wp.com\/nilljunior.com.br\/wp-content\/uploads\/2019\/04\/empurra-empurra-camara-24-04-19.jpg?resize=600%2C353 600w, https:\/\/i2.wp.com\/nilljunior.com.br\/wp-content\/uploads\/2019\/04\/empurra-empurra-camara-24-04-19.jpg?w=1135 1135w\" alt=\"\" width=\"300\" height=\"176\" data-attachment-id=\"148706\" data-permalink=\"http:\/\/nilljunior.com.br\/troca-de-r-40-milhoes-por-previdencia-gera-empurra-empurra-na-camara\/empurra-empurra-camara-24-04-19\/\" data-orig-file=\"https:\/\/i2.wp.com\/nilljunior.com.br\/wp-content\/uploads\/2019\/04\/empurra-empurra-camara-24-04-19.jpg?fit=1135%2C667\" data-orig-size=\"1135,667\" data-comments-opened=\"1\" data-image-meta=\"{&quot;aperture&quot;:&quot;0&quot;,&quot;credit&quot;:&quot;&quot;,&quot;camera&quot;:&quot;&quot;,&quot;caption&quot;:&quot;&quot;,&quot;created_timestamp&quot;:&quot;0&quot;,&quot;copyright&quot;:&quot;&quot;,&quot;focal_length&quot;:&quot;0&quot;,&quot;iso&quot;:&quot;0&quot;,&quot;shutter_speed&quot;:&quot;0&quot;,&quot;title&quot;:&quot;&quot;,&quot;orientation&quot;:&quot;0&quot;}\" data-image-title=\"empurra-empurra-camara-24-04-19\" data-image-description=\"\" data-medium-file=\"https:\/\/i2.wp.com\/nilljunior.com.br\/wp-content\/uploads\/2019\/04\/empurra-empurra-camara-24-04-19.jpg?fit=300%2C176\" data-large-file=\"https:\/\/i2.wp.com\/nilljunior.com.br\/wp-content\/uploads\/2019\/04\/empurra-empurra-camara-24-04-19.jpg?fit=600%2C353\" \/><\/a><\/span><\/p>\n<p class=\"wp-caption-text\" style=\"text-align: justify;\"><span style=\"font-size: 14pt; font-family: arial, helvetica, sans-serif;\">Foto: Reprodu\u00e7\u00e3o\/TV C\u00e2mara<\/span><\/p>\n<\/div>\n<p style=\"text-align: justify;\"><span style=\"font-size: 14pt; font-family: arial, helvetica, sans-serif;\"><em>Guilherme Mazieiro\/UOL<\/em><\/span><\/p>\n<p style=\"text-align: justify;\"><span style=\"font-size: 14pt; font-family: arial, helvetica, sans-serif;\">Deputados bateram boca e trocaram empurr\u00f5es no plen\u00e1rio da C\u00e2mara sobre a libera\u00e7\u00e3o de emendas para aprova\u00e7\u00e3o da reforma da Previd\u00eancia na Casa. Segundo a Folha de S. Paulo, o governo de Jair Bolsonaro (PSL) liberar\u00e1 R$ 40 milh\u00f5es em emendas para os deputados favor\u00e1veis \u00e0s altera\u00e7\u00f5es na aposentadoria.<\/span><\/p>\n<p style=\"text-align: justify;\"><span style=\"font-size: 14pt; font-family: arial, helvetica, sans-serif;\">O deputado Jos\u00e9 Medeiros (Pode-MT) acertou o microfone de Aliel Machado (PSB-PR) e ambos se empurraram. Os microfones foram cortados at\u00e9 os parlamentares se acalmarem.<\/span><\/p>\n<p style=\"text-align: justify;\"><span style=\"font-size: 14pt; font-family: arial, helvetica, sans-serif;\">O motivo da confus\u00e3o surgiu minutos antes.<\/span><\/p>\n<p style=\"text-align: justify;\"><span style=\"font-size: 14pt; font-family: arial, helvetica, sans-serif;\">Durante a sess\u00e3o no plen\u00e1rio, o deputado Jo\u00e3o Daniel (PT-SE) disse que os R$ 40 milh\u00f5es seriam o pre\u00e7o que \u201cBolsonaro est\u00e1 impondo para esta Casa, para aprovar um projeto contra o povo trabalhador\u201d.<\/span><\/p>\n<p style=\"text-align: justify;\"><span style=\"font-size: 14pt; font-family: arial, helvetica, sans-serif;\">Enquanto o petista fazia as declara\u00e7\u00f5es, deputados da base gritavam por respeito e diziam que as acusa\u00e7\u00f5es deveriam ser provadas.<\/span><\/p>\n<p style=\"text-align: justify;\"><span style=\"font-size: 14pt; font-family: arial, helvetica, sans-serif;\">O clima esquentou de vez quando o deputado Daniel Freitas (PSL-SC) disse que as declara\u00e7\u00f5es eram ofensivas e que o deputado petista teria que provar o que acusava.<\/span><\/p>\n<p style=\"text-align: justify;\"><span style=\"font-size: 14pt; font-family: arial, helvetica, sans-serif;\">\u201cO senhor vai ser levado ao Conselho de \u00c9tica. Porque n\u00e3o \u00e9 aceit\u00e1vel que esteja acostumado com um governo corrupto\u201d, disse Freitas ao microfone.<\/span><\/p>\n<p style=\"text-align: justify;\"><span style=\"font-size: 14pt; font-family: arial, helvetica, sans-serif;\">Em seguida, Aliel Machado respondeu que \u201co governo ofertou R$ 40 milh\u00f5es para comprar votos\u201d e disse que essa \u201cconversa\u201d aconteceu em reuni\u00e3o na \u201ccasa do presidente\u201d e acusou os parlamentares de estarem \u201cse vendendo\u201d.<\/span><\/p>\n<p style=\"text-align: justify;\"><span style=\"font-size: 14pt; font-family: arial, helvetica, sans-serif;\">Os microfones foram cortados. A deputada Geovania de S\u00e1 (PSDB-SC), que presidia a sess\u00e3o no momento, disse que os deputados n\u00e3o estavam respeitando os colegas.<\/span><\/p>\n<p style=\"text-align: justify;\"><span style=\"font-size: 14pt; font-family: arial, helvetica, sans-serif;\">\u201cN\u00e3o suspenderei a sess\u00e3o. Querem agitar. Agitem onde quiserem, n\u00e3o nesse plen\u00e1rio\u201d, disse ela.<\/span><\/p>\n<p style=\"text-align: justify;\"><span style=\"font-size: 14pt; font-family: arial, helvetica, sans-serif;\">Ap\u00f3s a confus\u00e3o, o deputado Aliel disse ao UOL que vai entrar com pedido para que a conduta dos deputados da base seja apurada. Ele considerou um \u201cabsurdo\u201d um parlamentar tentar impedir outro de falar empurrando o microfone.<\/span><\/p>\n<p style=\"text-align: justify;\"><span style=\"font-size: 14pt; font-family: arial, helvetica, sans-serif;\">Ao longo da sess\u00e3o, em v\u00e1rios outros momentos, deputados entraram em atrito e continuaram trocando acusa\u00e7\u00f5es.<\/span><\/p>\n<p style=\"text-align: justify;\"><span style=\"font-size: 14pt; font-family: arial, helvetica, sans-serif;\">O deputado Glauber Braga (PSOL-RJ) usou a tribuna para perguntar diretamente ao presidente da Casa, Rodrigo Maia (DEM-RJ), se ele tinha participado do acordo.<\/span><\/p>\n<p style=\"text-align: justify;\"><span style=\"font-size: 14pt; font-family: arial, helvetica, sans-serif;\">Maia n\u00e3o respondeu.<\/span><\/p>\n<p style=\"text-align: justify;\"><span style=\"font-size: 14pt; font-family: arial, helvetica, sans-serif;\">A reforma da Previd\u00eancia foi aprovada ontem em sua primeira fase, na CCJ (Comiss\u00e3o de Constitui\u00e7\u00e3o de Justi\u00e7a) da C\u00e2mara. Agora, segue para comiss\u00e3o especial.<\/span><\/p>\n","protected":false},"excerpt":{"rendered":"<p>Foto: Reprodu&ccedil;&atilde;o\/TV C&acirc;mara Guilherme Mazieiro\/UOL Deputados bateram boca e trocaram empurr&otilde;es no plen&aacute;rio da C&acirc;mara sobre a libera&ccedil;&atilde;o de emendas para aprova&ccedil;&atilde;o da reforma da Previd&ecirc;ncia na Casa. Segundo a Folha de S. Paulo, o governo de Jair Bolsonaro (PSL) liberar&aacute; R$ 40 milh&otilde;es em emendas para os deputados favor&aacute;veis &agrave;s altera&ccedil;&otilde;es na aposentadoria. O deputado Jos&eacute; Medeiros (Pode-MT) acertou o microfone de Aliel Machado (PSB-PR) e ambos se empurraram. Os microfones foram cortados at&eacute; os parlamentares se acalmarem. O motivo da confus&atilde;o surgiu minutos antes. Durante a sess&atilde;o no plen&aacute;rio, o deputado Jo&atilde;o Daniel (PT-SE) disse que os R$ &#8230; <\/p>\n<p class=\"read-more-container\"><a title=\"Troca de R$ 40 milh\u00f5es por Previd\u00eancia gera empurra-empurra na C\u00e2mara\" class=\"read-more button\" href=\"https:\/\/blogdojuniorcavalcanti.com.br\/index.php\/2019\/04\/25\/troca-de-r-40-milhoes-por-previdencia-gera-empurra-empurra-na-camara\/#more-4153\" aria-label=\"More on Troca de R$ 40 milh\u00f5es por Previd\u00eancia gera empurra-empurra na C\u00e2mara\">Leia mais<\/a><\/p>\n","protected":false},"author":2,"featured_media":0,"comment_status":"open","ping_status":"open","sticky":false,"template":"","format":"standard","meta":{"footnotes":""},"categories":[1],"tags":[],"class_list":["post-4153","post","type-post","status-publish","format-standard","hentry","category-sem-categoria"],"_links":{"self":[{"href":"https:\/\/blogdojuniorcavalcanti.com.br\/index.php\/wp-json\/wp\/v2\/posts\/4153","targetHints":{"allow":["GET"]}}],"collection":[{"href":"https:\/\/blogdojuniorcavalcanti.com.br\/index.php\/wp-json\/wp\/v2\/posts"}],"about":[{"href":"https:\/\/blogdojuniorcavalcanti.com.br\/index.php\/wp-json\/wp\/v2\/types\/post"}],"author":[{"embeddable":true,"href":"https:\/\/blogdojuniorcavalcanti.com.br\/index.php\/wp-json\/wp\/v2\/users\/2"}],"replies":[{"embeddable":true,"href":"https:\/\/blogdojuniorcavalcanti.com.br\/index.php\/wp-json\/wp\/v2\/comments?post=4153"}],"version-history":[{"count":1,"href":"https:\/\/blogdojuniorcavalcanti.com.br\/index.php\/wp-json\/wp\/v2\/posts\/4153\/revisions"}],"predecessor-version":[{"id":4154,"href":"https:\/\/blogdojuniorcavalcanti.com.br\/index.php\/wp-json\/wp\/v2\/posts\/4153\/revisions\/4154"}],"wp:attachment":[{"href":"https:\/\/blogdojuniorcavalcanti.com.br\/index.php\/wp-json\/wp\/v2\/media?parent=4153"}],"wp:term":[{"taxonomy":"category","embeddable":true,"href":"https:\/\/blogdojuniorcavalcanti.com.br\/index.php\/wp-json\/wp\/v2\/categories?post=4153"},{"taxonomy":"post_tag","embeddable":true,"href":"https:\/\/blogdojuniorcavalcanti.com.br\/index.php\/wp-json\/wp\/v2\/tags?post=4153"}],"curies":[{"name":"wp","href":"https:\/\/api.w.org\/{rel}","templated":true}]}}