{"id":41587,"date":"2025-03-13T10:52:31","date_gmt":"2025-03-13T13:52:31","guid":{"rendered":"https:\/\/blogdojuniorcavalcanti.com.br\/?p=41587"},"modified":"2025-03-13T10:52:31","modified_gmt":"2025-03-13T13:52:31","slug":"mp-eleitoral-pede-cassacao-do-prefeito-e-vice-eleitos-de-custodia-por-abuso-de-poder","status":"publish","type":"post","link":"https:\/\/blogdojuniorcavalcanti.com.br\/index.php\/2025\/03\/13\/mp-eleitoral-pede-cassacao-do-prefeito-e-vice-eleitos-de-custodia-por-abuso-de-poder\/","title":{"rendered":"MP Eleitoral pede cassa\u00e7\u00e3o do prefeito e vice eleitos de Cust\u00f3dia por abuso de poder"},"content":{"rendered":"<p style=\"text-align: justify;\"><span style=\"font-size: 14pt;\"><img fetchpriority=\"high\" decoding=\"async\" class=\"alignleft wp-image-287816 jetpack-lazy-image jetpack-lazy-image--handled\" src=\"https:\/\/i1.wp.com\/nilljunior.com.br\/wp-content\/uploads\/2024\/08\/Messias_do_Dnocs.jpeg?resize=400%2C271&amp;ssl=1\" sizes=\"(max-width: 400px) 100vw, 400px\" srcset=\"https:\/\/i1.wp.com\/nilljunior.com.br\/wp-content\/uploads\/2024\/08\/Messias_do_Dnocs.jpeg?w=828&amp;ssl=1 828w, https:\/\/i1.wp.com\/nilljunior.com.br\/wp-content\/uploads\/2024\/08\/Messias_do_Dnocs.jpeg?resize=300%2C203&amp;ssl=1 300w, https:\/\/i1.wp.com\/nilljunior.com.br\/wp-content\/uploads\/2024\/08\/Messias_do_Dnocs.jpeg?resize=768%2C519&amp;ssl=1 768w, https:\/\/i1.wp.com\/nilljunior.com.br\/wp-content\/uploads\/2024\/08\/Messias_do_Dnocs.jpeg?resize=591%2C400&amp;ssl=1 591w\" alt=\"\" width=\"400\" height=\"271\" data-attachment-id=\"287816\" data-permalink=\"https:\/\/nilljunior.com.br\/custodia-justica-eleitoral-determina-suspensao-de-atos-de-campanha-de-messias-do-dnocs\/messias_do_dnocs\/\" data-orig-file=\"https:\/\/i1.wp.com\/nilljunior.com.br\/wp-content\/uploads\/2024\/08\/Messias_do_Dnocs.jpeg?fit=828%2C560&amp;ssl=1\" data-orig-size=\"828,560\" data-comments-opened=\"1\" data-image-meta=\"{&quot;aperture&quot;:&quot;0&quot;,&quot;credit&quot;:&quot;&quot;,&quot;camera&quot;:&quot;&quot;,&quot;caption&quot;:&quot;&quot;,&quot;created_timestamp&quot;:&quot;0&quot;,&quot;copyright&quot;:&quot;&quot;,&quot;focal_length&quot;:&quot;0&quot;,&quot;iso&quot;:&quot;0&quot;,&quot;shutter_speed&quot;:&quot;0&quot;,&quot;title&quot;:&quot;&quot;,&quot;orientation&quot;:&quot;0&quot;}\" data-image-title=\"Messias_do_Dnocs\" data-image-description=\"\" data-medium-file=\"https:\/\/i1.wp.com\/nilljunior.com.br\/wp-content\/uploads\/2024\/08\/Messias_do_Dnocs.jpeg?fit=300%2C203&amp;ssl=1\" data-large-file=\"https:\/\/i1.wp.com\/nilljunior.com.br\/wp-content\/uploads\/2024\/08\/Messias_do_Dnocs.jpeg?fit=591%2C400&amp;ssl=1\" data-recalc-dims=\"1\" data-lazy-loaded=\"1\" \/><strong><span style=\"font-family: arial, helvetica, sans-serif;\">Blog de Nill J\u00fanior<\/span><\/strong><\/span><\/p>\n<p style=\"text-align: justify;\"><span style=\"font-size: 14pt;\"><span style=\"font-family: arial, helvetica, sans-serif;\">O Minist\u00e9rio P\u00fablico Eleitoral (MPE) da 65\u00aa Zona Eleitoral de Pernambuco apresentou suas alega\u00e7\u00f5es finais na A\u00e7\u00e3o de Investiga\u00e7\u00e3o Judicial Eleitoral (AIJE) movida pela coliga\u00e7\u00e3o \u201cFrente Popular de Cust\u00f3dia\u201d contra Emmanuel Fernandes de Freitas G\u00f3is (Manuca), ex-prefeito do munic\u00edpio, Manoel Messias de Souza (Messias do DNOCS), prefeito eleito, e Anne L\u00facia Torres Campos de Lira, vice-prefeita eleita. A a\u00e7\u00e3o aponta abuso de poder pol\u00edtico e econ\u00f4mico durante o per\u00edodo pr\u00e9-eleitoral e eleitoral de 2024.<\/span><\/span><\/p>\n<p style=\"text-align: justify;\"><span style=\"font-size: 14pt; font-family: arial, helvetica, sans-serif;\">A coliga\u00e7\u00e3o autora sustenta que a Prefeitura de Cust\u00f3dia teria inflado o quadro de funcion\u00e1rios tempor\u00e1rios com a finalidade de obter votos, registrando um aumento de 57% nos gastos com essas contrata\u00e7\u00f5es, mesmo diante da redu\u00e7\u00e3o de matr\u00edculas escolares. Al\u00e9m disso, h\u00e1 ind\u00edcios de que servidores tempor\u00e1rios receberam pagamentos em per\u00edodo vedado, que datas de contrata\u00e7\u00e3o teriam sido falsificadas e que 96 novos contratados ingressaram nos quadros municipais entre julho e agosto. Tamb\u00e9m foram relatadas situa\u00e7\u00f5es em que funcion\u00e1rios contratados realizaram propaganda eleitoral em hor\u00e1rio de expediente, utilizando uniformes da prefeitura, e promessas de benef\u00edcios financeiros a eleitores.<\/span><\/p>\n<p style=\"text-align: justify;\"><span style=\"font-size: 14pt; font-family: arial, helvetica, sans-serif;\">Os representados negam as acusa\u00e7\u00f5es, alegando que n\u00e3o houve aumento de contrata\u00e7\u00f5es, mas sim uma redu\u00e7\u00e3o no n\u00famero de tempor\u00e1rios e nos gastos com pessoal. Defendem que os pagamentos efetuados em agosto referiam-se a contrata\u00e7\u00f5es feitas em junho, com in\u00edcio funcional posterior. Tamb\u00e9m consideram irrelevante o n\u00famero de 96 contrata\u00e7\u00f5es diante da diferen\u00e7a de votos na elei\u00e7\u00e3o e negam qualquer promessa de vantagens financeiras para obten\u00e7\u00e3o de apoio eleitoral.<\/span><\/p>\n<p style=\"text-align: justify;\"><span style=\"font-size: 14pt; font-family: arial, helvetica, sans-serif;\">O Minist\u00e9rio P\u00fablico Eleitoral, no entanto, argumenta pela proced\u00eancia da AIJE, citando as defini\u00e7\u00f5es legais de abuso de poder pol\u00edtico e econ\u00f4mico conforme a Lei Complementar n\u00ba 64\/90 e a Lei n\u00ba 9.504\/97. Segundo o \u00f3rg\u00e3o, o abuso de poder pol\u00edtico ocorre quando agentes p\u00fablicos usam a m\u00e1quina administrativa para favorecer candidaturas, enquanto o abuso de poder econ\u00f4mico se d\u00e1 pelo uso indevido de recursos financeiros para desequilibrar a disputa eleitoral.<\/span><\/p>\n<p style=\"text-align: justify;\"><span style=\"font-size: 14pt; font-family: arial, helvetica, sans-serif;\">Entre as provas apresentadas, o MPE cita depoimentos que indicam a distribui\u00e7\u00e3o de uma verba denominada \u201cMilit\u00e2ncia\u201d, nos dias 2 e 3 de outubro de 2024, para a compra de votos a R$ 100 por eleitor, com a promessa de que os servidores contratados poderiam manter o restante do valor e garantir seus empregos. An\u00e1lises no portal da transpar\u00eancia apontam que servidores que n\u00e3o apoiaram os candidatos investigados n\u00e3o receberam o pagamento antecipado, ao contr\u00e1rio de apoiadores. O MPE tamb\u00e9m menciona que esse suposto \u201cadiantamento\u201d salarial n\u00e3o foi divulgado nos canais oficiais da prefeitura e dos candidatos, o que contrasta com pr\u00e1ticas anteriores.<\/span><\/p>\n<p style=\"text-align: justify;\"><span style=\"font-size: 14pt; font-family: arial, helvetica, sans-serif;\">Outra evid\u00eancia apresentada pelo MPE envolve a demiss\u00e3o de servidores contratados ap\u00f3s as elei\u00e7\u00f5es, sem justificativa para a dispensa. O \u00f3rg\u00e3o tamb\u00e9m cita o caso de uma servidora que teria sido desligada por n\u00e3o apoiar a candidatura investigada, mesmo ap\u00f3s receber um pr\u00eamio de desempenho.<\/span><\/p>\n<p style=\"text-align: justify;\"><span style=\"font-size: 14pt; font-family: arial, helvetica, sans-serif;\">Com base nesses elementos, o MPE defende que houve desvio de finalidade administrativa e abuso de poder pol\u00edtico e econ\u00f4mico qualificado, argumentando que a gravidade dos fatos comprometeu a lisura do pleito. O \u00f3rg\u00e3o requer que a Justi\u00e7a Eleitoral decrete a inelegibilidade de Emmanuel Fernandes de Freitas G\u00f3is (Manuca), Manoel Messias de Souza (Messias do DNOCS) e Anne L\u00facia Torres Campos de Lira, al\u00e9m da cassa\u00e7\u00e3o dos registros ou diplomas do prefeito e da vice-prefeita eleitos.<\/span><\/p>\n<p style=\"text-align: justify;\"><span style=\"font-size: 14pt; font-family: arial, helvetica, sans-serif;\">A decis\u00e3o agora est\u00e1 nas m\u00e3os da Justi\u00e7a Eleitoral.\u00a0<a href=\"https:\/\/nilljunior.com.br\/wp-content\/uploads\/2025\/03\/PJE-ELEITORAL-0600192-60.2024.6.17.0065-AIJE-alega%C3%A7%C3%B5es-proced%C3%AAncia-abuso-pol%C3%ADtico-e-econ%C3%B4mico.pdf\" target=\"_blank\" rel=\"noopener\"><strong>Leia aqui a \u00edntegra da AIJE.<\/strong><\/a><\/span><\/p>\n","protected":false},"excerpt":{"rendered":"<p>Blog de Nill J&uacute;nior O Minist&eacute;rio P&uacute;blico Eleitoral (MPE) da 65&ordf; Zona Eleitoral de Pernambuco apresentou suas alega&ccedil;&otilde;es finais na A&ccedil;&atilde;o de Investiga&ccedil;&atilde;o Judicial Eleitoral (AIJE) movida pela coliga&ccedil;&atilde;o &ldquo;Frente Popular de Cust&oacute;dia&rdquo; contra Emmanuel Fernandes de Freitas G&oacute;is (Manuca), ex-prefeito do munic&iacute;pio, Manoel Messias de Souza (Messias do DNOCS), prefeito eleito, e Anne L&uacute;cia Torres Campos de Lira, vice-prefeita eleita. A a&ccedil;&atilde;o aponta abuso de poder pol&iacute;tico e econ&ocirc;mico durante o per&iacute;odo pr&eacute;-eleitoral e eleitoral de 2024. A coliga&ccedil;&atilde;o autora sustenta que a Prefeitura de Cust&oacute;dia teria inflado o quadro de funcion&aacute;rios tempor&aacute;rios com a finalidade de obter votos, &#8230; <\/p>\n<p class=\"read-more-container\"><a title=\"MP Eleitoral pede cassa\u00e7\u00e3o do prefeito e vice eleitos de Cust\u00f3dia por abuso de poder\" class=\"read-more button\" href=\"https:\/\/blogdojuniorcavalcanti.com.br\/index.php\/2025\/03\/13\/mp-eleitoral-pede-cassacao-do-prefeito-e-vice-eleitos-de-custodia-por-abuso-de-poder\/#more-41587\" aria-label=\"More on MP Eleitoral pede cassa\u00e7\u00e3o do prefeito e vice eleitos de Cust\u00f3dia por abuso de poder\">Leia mais<\/a><\/p>\n","protected":false},"author":2,"featured_media":0,"comment_status":"open","ping_status":"open","sticky":false,"template":"","format":"standard","meta":{"footnotes":""},"categories":[26],"tags":[],"class_list":["post-41587","post","type-post","status-publish","format-standard","hentry","category-noticias"],"_links":{"self":[{"href":"https:\/\/blogdojuniorcavalcanti.com.br\/index.php\/wp-json\/wp\/v2\/posts\/41587","targetHints":{"allow":["GET"]}}],"collection":[{"href":"https:\/\/blogdojuniorcavalcanti.com.br\/index.php\/wp-json\/wp\/v2\/posts"}],"about":[{"href":"https:\/\/blogdojuniorcavalcanti.com.br\/index.php\/wp-json\/wp\/v2\/types\/post"}],"author":[{"embeddable":true,"href":"https:\/\/blogdojuniorcavalcanti.com.br\/index.php\/wp-json\/wp\/v2\/users\/2"}],"replies":[{"embeddable":true,"href":"https:\/\/blogdojuniorcavalcanti.com.br\/index.php\/wp-json\/wp\/v2\/comments?post=41587"}],"version-history":[{"count":1,"href":"https:\/\/blogdojuniorcavalcanti.com.br\/index.php\/wp-json\/wp\/v2\/posts\/41587\/revisions"}],"predecessor-version":[{"id":41588,"href":"https:\/\/blogdojuniorcavalcanti.com.br\/index.php\/wp-json\/wp\/v2\/posts\/41587\/revisions\/41588"}],"wp:attachment":[{"href":"https:\/\/blogdojuniorcavalcanti.com.br\/index.php\/wp-json\/wp\/v2\/media?parent=41587"}],"wp:term":[{"taxonomy":"category","embeddable":true,"href":"https:\/\/blogdojuniorcavalcanti.com.br\/index.php\/wp-json\/wp\/v2\/categories?post=41587"},{"taxonomy":"post_tag","embeddable":true,"href":"https:\/\/blogdojuniorcavalcanti.com.br\/index.php\/wp-json\/wp\/v2\/tags?post=41587"}],"curies":[{"name":"wp","href":"https:\/\/api.w.org\/{rel}","templated":true}]}}