{"id":41725,"date":"2025-03-18T17:06:41","date_gmt":"2025-03-18T20:06:41","guid":{"rendered":"https:\/\/blogdojuniorcavalcanti.com.br\/?p=41725"},"modified":"2025-03-18T17:06:41","modified_gmt":"2025-03-18T20:06:41","slug":"prefeito-de-iguaracy-e-procuradora-municipal-participam-do-6o-seminario-de-novos-gestores-municipais","status":"publish","type":"post","link":"https:\/\/blogdojuniorcavalcanti.com.br\/index.php\/2025\/03\/18\/prefeito-de-iguaracy-e-procuradora-municipal-participam-do-6o-seminario-de-novos-gestores-municipais\/","title":{"rendered":"Prefeito de Iguaracy e Procuradora Municipal participam do 6\u00ba Semin\u00e1rio de Novos Gestores Municipais"},"content":{"rendered":"<p style=\"text-align: justify;\"><span style=\"font-size: 14pt;\"><img fetchpriority=\"high\" decoding=\"async\" class=\"alignleft wp-image-301633 jetpack-lazy-image jetpack-lazy-image--handled\" src=\"https:\/\/i0.wp.com\/nilljunior.com.br\/wp-content\/uploads\/2025\/03\/SinaraMaranhao-PedroAlves-18-03-25.jpeg?resize=400%2C300&amp;ssl=1\" sizes=\"(max-width: 400px) 100vw, 400px\" srcset=\"https:\/\/i0.wp.com\/nilljunior.com.br\/wp-content\/uploads\/2025\/03\/SinaraMaranhao-PedroAlves-18-03-25.jpeg?w=1600&amp;ssl=1 1600w, https:\/\/i0.wp.com\/nilljunior.com.br\/wp-content\/uploads\/2025\/03\/SinaraMaranhao-PedroAlves-18-03-25.jpeg?resize=300%2C225&amp;ssl=1 300w, https:\/\/i0.wp.com\/nilljunior.com.br\/wp-content\/uploads\/2025\/03\/SinaraMaranhao-PedroAlves-18-03-25.jpeg?resize=768%2C576&amp;ssl=1 768w, https:\/\/i0.wp.com\/nilljunior.com.br\/wp-content\/uploads\/2025\/03\/SinaraMaranhao-PedroAlves-18-03-25.jpeg?resize=533%2C400&amp;ssl=1 533w\" alt=\"\" width=\"400\" height=\"300\" data-attachment-id=\"301633\" data-permalink=\"https:\/\/nilljunior.com.br\/prefeito-de-iguaracy-e-procuradora-municipal-participam-do-6o-seminario-de-novos-gestores-municipais\/sinaramaranhao-pedroalves-18-03-25\/\" data-orig-file=\"https:\/\/i0.wp.com\/nilljunior.com.br\/wp-content\/uploads\/2025\/03\/SinaraMaranhao-PedroAlves-18-03-25.jpeg?fit=1600%2C1200&amp;ssl=1\" data-orig-size=\"1600,1200\" data-comments-opened=\"1\" data-image-meta=\"{&quot;aperture&quot;:&quot;0&quot;,&quot;credit&quot;:&quot;&quot;,&quot;camera&quot;:&quot;&quot;,&quot;caption&quot;:&quot;&quot;,&quot;created_timestamp&quot;:&quot;0&quot;,&quot;copyright&quot;:&quot;&quot;,&quot;focal_length&quot;:&quot;0&quot;,&quot;iso&quot;:&quot;0&quot;,&quot;shutter_speed&quot;:&quot;0&quot;,&quot;title&quot;:&quot;&quot;,&quot;orientation&quot;:&quot;0&quot;}\" data-image-title=\"SinaraMaranhao-PedroAlves-18-03-25\" data-image-description=\"\" data-medium-file=\"https:\/\/i0.wp.com\/nilljunior.com.br\/wp-content\/uploads\/2025\/03\/SinaraMaranhao-PedroAlves-18-03-25.jpeg?fit=300%2C225&amp;ssl=1\" data-large-file=\"https:\/\/i0.wp.com\/nilljunior.com.br\/wp-content\/uploads\/2025\/03\/SinaraMaranhao-PedroAlves-18-03-25.jpeg?fit=533%2C400&amp;ssl=1\" data-recalc-dims=\"1\" data-lazy-loaded=\"1\" \/><span style=\"font-family: arial, helvetica, sans-serif;\">Nesta ter\u00e7a-feira (18), teve in\u00edcio o 6\u00ba Semin\u00e1rio de Novos Gestores Municipais, promovido pelo Tribunal de Contas de Pernambuco (TCE-PE). O evento conta com a participa\u00e7\u00e3o do prefeito de Iguaracy, Dr. Pedro Alves, e da procuradora do munic\u00edpio, Sinara Maranh\u00e3o, al\u00e9m de prefeitos, secret\u00e1rios municipais e presidentes de C\u00e2maras de Vereadores de todos os 184 munic\u00edpios do Estado.<\/span><\/span><\/p>\n<p style=\"text-align: justify;\"><span style=\"font-size: 14pt; font-family: arial, helvetica, sans-serif;\">Com o tema \u201cTransformando a Vida do Cidad\u00e3o\u201d, o semin\u00e1rio abordar\u00e1 os desafios da gest\u00e3o p\u00fablica em tempos de crise, destacando o papel pedag\u00f3gico do TCE-PE e apresentando boas pr\u00e1ticas que impactam a qualidade dos servi\u00e7os prestados \u00e0 popula\u00e7\u00e3o.<\/span><\/p>\n<p style=\"text-align: justify;\"><span style=\"font-size: 14pt; font-family: arial, helvetica, sans-serif;\">\u201cParticipar deste semin\u00e1rio \u00e9 fundamental para aprimorarmos a gest\u00e3o p\u00fablica em Iguaracy. A troca de experi\u00eancias e o aprendizado s\u00e3o essenciais para melhor atender nossa popula\u00e7\u00e3o\u201d, comentou Pedro Alves.<\/span><\/p>\n<p style=\"text-align: justify;\"><span style=\"font-size: 14pt; font-family: arial, helvetica, sans-serif;\">J\u00e1 a procuradora Sinara Maranh\u00e3o destacou: \u201c\u00c9 uma oportunidade valiosa para discutir solu\u00e7\u00f5es e fortalecer a transpar\u00eancia na administra\u00e7\u00e3o p\u00fablica.\u201d<\/span><\/p>\n<p style=\"text-align: justify;\"><span style=\"font-size: 14pt; font-family: arial, helvetica, sans-serif;\">Realizado a cada quatro anos, o semin\u00e1rio visa apoiar e orientar os gestores municipais, oferecendo suporte t\u00e9cnico para o in\u00edcio de seus mandatos e refor\u00e7ando o compromisso do Tribunal de Contas com a constru\u00e7\u00e3o de uma gest\u00e3o mais eficiente e transparente.<\/span><\/p>\n<p style=\"text-align: justify;\"><span style=\"font-size: 14pt; font-family: arial, helvetica, sans-serif;\">O evento ter\u00e1 formato h\u00edbrido, que come\u00e7ou com uma plen\u00e1ria presencial hoje, no Centro de Conven\u00e7\u00f5es em Olinda. A programa\u00e7\u00e3o seguir\u00e1 nos dias 19, 20, 24, 25 e 26, com salas tem\u00e1ticas virtuais, permitindo maior alcance e intera\u00e7\u00e3o entre os participantes.<\/span><\/p>\n","protected":false},"excerpt":{"rendered":"<p>Nesta ter&ccedil;a-feira (18), teve in&iacute;cio o 6&ordm; Semin&aacute;rio de Novos Gestores Municipais, promovido pelo Tribunal de Contas de Pernambuco (TCE-PE). O evento conta com a participa&ccedil;&atilde;o do prefeito de Iguaracy, Dr. Pedro Alves, e da procuradora do munic&iacute;pio, Sinara Maranh&atilde;o, al&eacute;m de prefeitos, secret&aacute;rios municipais e presidentes de C&acirc;maras de Vereadores de todos os 184 munic&iacute;pios do Estado. Com o tema &ldquo;Transformando a Vida do Cidad&atilde;o&rdquo;, o semin&aacute;rio abordar&aacute; os desafios da gest&atilde;o p&uacute;blica em tempos de crise, destacando o papel pedag&oacute;gico do TCE-PE e apresentando boas pr&aacute;ticas que impactam a qualidade dos servi&ccedil;os prestados &agrave; popula&ccedil;&atilde;o. &ldquo;Participar deste semin&aacute;rio &#8230; <\/p>\n<p class=\"read-more-container\"><a title=\"Prefeito de Iguaracy e Procuradora Municipal participam do 6\u00ba Semin\u00e1rio de Novos Gestores Municipais\" class=\"read-more button\" href=\"https:\/\/blogdojuniorcavalcanti.com.br\/index.php\/2025\/03\/18\/prefeito-de-iguaracy-e-procuradora-municipal-participam-do-6o-seminario-de-novos-gestores-municipais\/#more-41725\" aria-label=\"More on Prefeito de Iguaracy e Procuradora Municipal participam do 6\u00ba Semin\u00e1rio de Novos Gestores Municipais\">Leia mais<\/a><\/p>\n","protected":false},"author":2,"featured_media":0,"comment_status":"open","ping_status":"open","sticky":false,"template":"","format":"standard","meta":{"footnotes":""},"categories":[26],"tags":[],"class_list":["post-41725","post","type-post","status-publish","format-standard","hentry","category-noticias"],"_links":{"self":[{"href":"https:\/\/blogdojuniorcavalcanti.com.br\/index.php\/wp-json\/wp\/v2\/posts\/41725","targetHints":{"allow":["GET"]}}],"collection":[{"href":"https:\/\/blogdojuniorcavalcanti.com.br\/index.php\/wp-json\/wp\/v2\/posts"}],"about":[{"href":"https:\/\/blogdojuniorcavalcanti.com.br\/index.php\/wp-json\/wp\/v2\/types\/post"}],"author":[{"embeddable":true,"href":"https:\/\/blogdojuniorcavalcanti.com.br\/index.php\/wp-json\/wp\/v2\/users\/2"}],"replies":[{"embeddable":true,"href":"https:\/\/blogdojuniorcavalcanti.com.br\/index.php\/wp-json\/wp\/v2\/comments?post=41725"}],"version-history":[{"count":1,"href":"https:\/\/blogdojuniorcavalcanti.com.br\/index.php\/wp-json\/wp\/v2\/posts\/41725\/revisions"}],"predecessor-version":[{"id":41726,"href":"https:\/\/blogdojuniorcavalcanti.com.br\/index.php\/wp-json\/wp\/v2\/posts\/41725\/revisions\/41726"}],"wp:attachment":[{"href":"https:\/\/blogdojuniorcavalcanti.com.br\/index.php\/wp-json\/wp\/v2\/media?parent=41725"}],"wp:term":[{"taxonomy":"category","embeddable":true,"href":"https:\/\/blogdojuniorcavalcanti.com.br\/index.php\/wp-json\/wp\/v2\/categories?post=41725"},{"taxonomy":"post_tag","embeddable":true,"href":"https:\/\/blogdojuniorcavalcanti.com.br\/index.php\/wp-json\/wp\/v2\/tags?post=41725"}],"curies":[{"name":"wp","href":"https:\/\/api.w.org\/{rel}","templated":true}]}}