{"id":41753,"date":"2025-03-19T16:39:08","date_gmt":"2025-03-19T19:39:08","guid":{"rendered":"https:\/\/blogdojuniorcavalcanti.com.br\/?p=41753"},"modified":"2025-03-19T16:39:08","modified_gmt":"2025-03-19T19:39:08","slug":"rio-grande-do-norte-institui-o-dia-do-poeta-repentista-em-homenagem-a-sebastiao-dias","status":"publish","type":"post","link":"https:\/\/blogdojuniorcavalcanti.com.br\/index.php\/2025\/03\/19\/rio-grande-do-norte-institui-o-dia-do-poeta-repentista-em-homenagem-a-sebastiao-dias\/","title":{"rendered":"Rio Grande do Norte institui o Dia do Poeta Repentista em homenagem a Sebasti\u00e3o Dias"},"content":{"rendered":"<p style=\"text-align: justify;\"><span style=\"font-size: 14pt;\"><img fetchpriority=\"high\" decoding=\"async\" class=\"alignleft wp-image-301702 jetpack-lazy-image jetpack-lazy-image--handled\" src=\"https:\/\/i0.wp.com\/nilljunior.com.br\/wp-content\/uploads\/2025\/03\/sebastiaoDias-19-03-25.jpeg?resize=400%2C569&amp;ssl=1\" sizes=\"(max-width: 400px) 100vw, 400px\" srcset=\"https:\/\/i0.wp.com\/nilljunior.com.br\/wp-content\/uploads\/2025\/03\/sebastiaoDias-19-03-25.jpeg?w=1125&amp;ssl=1 1125w, https:\/\/i0.wp.com\/nilljunior.com.br\/wp-content\/uploads\/2025\/03\/sebastiaoDias-19-03-25.jpeg?resize=176%2C250&amp;ssl=1 176w, https:\/\/i0.wp.com\/nilljunior.com.br\/wp-content\/uploads\/2025\/03\/sebastiaoDias-19-03-25.jpeg?resize=768%2C1092&amp;ssl=1 768w, https:\/\/i0.wp.com\/nilljunior.com.br\/wp-content\/uploads\/2025\/03\/sebastiaoDias-19-03-25.jpeg?resize=281%2C400&amp;ssl=1 281w\" alt=\"\" width=\"400\" height=\"569\" data-attachment-id=\"301702\" data-permalink=\"https:\/\/nilljunior.com.br\/rio-grande-do-norte-institui-o-dia-do-poeta-repentista-em-homenagem-a-sebastiao-dias\/sebastiaodias-19-03-25\/\" data-orig-file=\"https:\/\/i0.wp.com\/nilljunior.com.br\/wp-content\/uploads\/2025\/03\/sebastiaoDias-19-03-25.jpeg?fit=1125%2C1600&amp;ssl=1\" data-orig-size=\"1125,1600\" data-comments-opened=\"1\" data-image-meta=\"{&quot;aperture&quot;:&quot;0&quot;,&quot;credit&quot;:&quot;&quot;,&quot;camera&quot;:&quot;&quot;,&quot;caption&quot;:&quot;&quot;,&quot;created_timestamp&quot;:&quot;0&quot;,&quot;copyright&quot;:&quot;&quot;,&quot;focal_length&quot;:&quot;0&quot;,&quot;iso&quot;:&quot;0&quot;,&quot;shutter_speed&quot;:&quot;0&quot;,&quot;title&quot;:&quot;&quot;,&quot;orientation&quot;:&quot;0&quot;}\" data-image-title=\"sebastiaoDias-19-03-25\" data-image-description=\"\" data-medium-file=\"https:\/\/i0.wp.com\/nilljunior.com.br\/wp-content\/uploads\/2025\/03\/sebastiaoDias-19-03-25.jpeg?fit=176%2C250&amp;ssl=1\" data-large-file=\"https:\/\/i0.wp.com\/nilljunior.com.br\/wp-content\/uploads\/2025\/03\/sebastiaoDias-19-03-25.jpeg?fit=281%2C400&amp;ssl=1\" data-recalc-dims=\"1\" data-lazy-loaded=\"1\" \/><span style=\"font-family: arial, helvetica, sans-serif;\">O Estado do Rio Grande do Norte agora tem uma data oficial para celebrar a arte do repente. A governadora F\u00e1tima Bezerra, sancionou a Lei N\u00ba 12.084, de 18 de mar\u00e7o de 2025, que institui o Dia do Poeta Repentista no Calend\u00e1rio Oficial de Eventos do Estado, a ser comemorado anualmente no dia 13 de setembro, dia do nascimento do poeta Sebasti\u00e3o Dias, repentista natural de Ouro Branco, no Serid\u00f3 potiguar.<\/span><\/span><\/p>\n<p style=\"text-align: justify;\"><span style=\"font-size: 14pt; font-family: arial, helvetica, sans-serif;\">A iniciativa, do poeta Ribamar Freire junto ao deputado estadual Nelter Queiroz, autor do projeto na Assembleia a Legislativa do Rio Grande do Norte (ALERN), homenageia os repentistas e reconhece a import\u00e2ncia da poesia oral nordestina.<\/span><\/p>\n<p style=\"text-align: justify;\"><span style=\"font-size: 14pt; font-family: arial, helvetica, sans-serif;\">A escolha da data faz refer\u00eancia ao nascimento do poeta Sebasti\u00e3o Dias, natural de Ouro Branco-RN, um dos grandes nomes da cantoria de viola, que faleceu em dezembro de 2023.<\/span><\/p>\n<p style=\"text-align: justify;\"><span style=\"font-size: 14pt; font-family: arial, helvetica, sans-serif;\">Com a san\u00e7\u00e3o da lei, o Estado fortalece o reconhecimento da cultura popular e do legado dos poetas que fazem do repente um s\u00edmbolo da identidade nordestina.<\/span><\/p>\n","protected":false},"excerpt":{"rendered":"<p>O Estado do Rio Grande do Norte agora tem uma data oficial para celebrar a arte do repente. A governadora F&aacute;tima Bezerra, sancionou a Lei N&ordm; 12.084, de 18 de mar&ccedil;o de 2025, que institui o Dia do Poeta Repentista no Calend&aacute;rio Oficial de Eventos do Estado, a ser comemorado anualmente no dia 13 de setembro, dia do nascimento do poeta Sebasti&atilde;o Dias, repentista natural de Ouro Branco, no Serid&oacute; potiguar. A iniciativa, do poeta Ribamar Freire junto ao deputado estadual Nelter Queiroz, autor do projeto na Assembleia a Legislativa do Rio Grande do Norte (ALERN), homenageia os repentistas e &#8230; <\/p>\n<p class=\"read-more-container\"><a title=\"Rio Grande do Norte institui o Dia do Poeta Repentista em homenagem a Sebasti\u00e3o Dias\" class=\"read-more button\" href=\"https:\/\/blogdojuniorcavalcanti.com.br\/index.php\/2025\/03\/19\/rio-grande-do-norte-institui-o-dia-do-poeta-repentista-em-homenagem-a-sebastiao-dias\/#more-41753\" aria-label=\"More on Rio Grande do Norte institui o Dia do Poeta Repentista em homenagem a Sebasti\u00e3o Dias\">Leia mais<\/a><\/p>\n","protected":false},"author":2,"featured_media":0,"comment_status":"open","ping_status":"open","sticky":false,"template":"","format":"standard","meta":{"footnotes":""},"categories":[26],"tags":[],"class_list":["post-41753","post","type-post","status-publish","format-standard","hentry","category-noticias"],"_links":{"self":[{"href":"https:\/\/blogdojuniorcavalcanti.com.br\/index.php\/wp-json\/wp\/v2\/posts\/41753","targetHints":{"allow":["GET"]}}],"collection":[{"href":"https:\/\/blogdojuniorcavalcanti.com.br\/index.php\/wp-json\/wp\/v2\/posts"}],"about":[{"href":"https:\/\/blogdojuniorcavalcanti.com.br\/index.php\/wp-json\/wp\/v2\/types\/post"}],"author":[{"embeddable":true,"href":"https:\/\/blogdojuniorcavalcanti.com.br\/index.php\/wp-json\/wp\/v2\/users\/2"}],"replies":[{"embeddable":true,"href":"https:\/\/blogdojuniorcavalcanti.com.br\/index.php\/wp-json\/wp\/v2\/comments?post=41753"}],"version-history":[{"count":1,"href":"https:\/\/blogdojuniorcavalcanti.com.br\/index.php\/wp-json\/wp\/v2\/posts\/41753\/revisions"}],"predecessor-version":[{"id":41754,"href":"https:\/\/blogdojuniorcavalcanti.com.br\/index.php\/wp-json\/wp\/v2\/posts\/41753\/revisions\/41754"}],"wp:attachment":[{"href":"https:\/\/blogdojuniorcavalcanti.com.br\/index.php\/wp-json\/wp\/v2\/media?parent=41753"}],"wp:term":[{"taxonomy":"category","embeddable":true,"href":"https:\/\/blogdojuniorcavalcanti.com.br\/index.php\/wp-json\/wp\/v2\/categories?post=41753"},{"taxonomy":"post_tag","embeddable":true,"href":"https:\/\/blogdojuniorcavalcanti.com.br\/index.php\/wp-json\/wp\/v2\/tags?post=41753"}],"curies":[{"name":"wp","href":"https:\/\/api.w.org\/{rel}","templated":true}]}}