{"id":41812,"date":"2025-03-21T09:40:44","date_gmt":"2025-03-21T12:40:44","guid":{"rendered":"https:\/\/blogdojuniorcavalcanti.com.br\/?p=41812"},"modified":"2025-03-21T09:40:44","modified_gmt":"2025-03-21T12:40:44","slug":"sao-joao-de-caruaru-tera-elba-ramalho-ivete-sangalo-joao-gomes-e-xand-aviao","status":"publish","type":"post","link":"https:\/\/blogdojuniorcavalcanti.com.br\/index.php\/2025\/03\/21\/sao-joao-de-caruaru-tera-elba-ramalho-ivete-sangalo-joao-gomes-e-xand-aviao\/","title":{"rendered":"S\u00e3o Jo\u00e3o de Caruaru ter\u00e1 Elba Ramalho, Ivete Sangalo, Jo\u00e3o Gomes e Xand Avi\u00e3o"},"content":{"rendered":"<p style=\"text-align: justify;\"><span style=\"font-size: 14pt; font-family: arial, helvetica, sans-serif;\"><img fetchpriority=\"high\" decoding=\"async\" class=\"aligncenter\" src=\"https:\/\/imagens.ne10.uol.com.br\/veiculos\/_midias\/jpg\/2025\/03\/19\/597x330\/1_whatsapp_image_2025_03_19_at_13_01_38-34179799.jpeg\" alt=\"Programa\u00e7\u00e3o completa do S\u00e3o Jo\u00e3o de Caruaru 2025 foi divulgada nesta quarta-feira (19)\" width=\"626\" height=\"345\" \/><\/span><\/p>\n<p style=\"text-align: justify;\"><span style=\"font-size: 14pt; font-family: arial, helvetica, sans-serif;\">A prefeitura de Caruaru anunciou a programa\u00e7\u00e3o do S\u00e3o Jo\u00e3o 2025 em cerim\u00f4nia no Centro Multicultural do Alto do Moura, nesta quarta-feira (19). Ser\u00e3o mais de dois meses de festa, que este ano tem como tema \u201cDe fazenda \u00e0 capital do S\u00e3o Jo\u00e3o\u201d, uma refer\u00eancia ao hino da cidade. O calend\u00e1rio ter\u00e1 in\u00edcio no dia 25 de abril e ir\u00e1 at\u00e9 28 de junho. Entre os artistas, v\u00e3o se apresentar grandes nomes como Elba Ramalho, Ivete Sangalo, Jo\u00e3o Gomes, Daniel e Xand Avi\u00e3o.<\/span><\/p>\n<p style=\"text-align: justify;\"><span style=\"font-size: 14pt; font-family: arial, helvetica, sans-serif;\">Mais de 1400 atra\u00e7\u00f5es integram a grade desta edi\u00e7\u00e3o do S\u00e3o Jo\u00e3o de Caruaru, que ficar\u00e3o espalhadas em 27 polos culturais. Segundo a prefeitura, a programa\u00e7\u00e3o ser\u00e1 contemplada em 83% pelo g\u00eanero forr\u00f3 e 79% dos artistas que integram a festa s\u00e3o caruaruenses.<\/span><\/p>\n<p style=\"text-align: justify;\"><span style=\"font-size: 14pt; font-family: arial, helvetica, sans-serif;\">A festa tamb\u00e9m ter\u00e1 shows de sertanejo, ax\u00e9, gospel, samba, rap, pagode, reggae e MPB e apresenta\u00e7\u00f5es de diferentes linguagens, como dan\u00e7a, repente, poesia, teatro e cinema.<\/span><\/p>\n<p style=\"text-align: justify;\"><span style=\"font-size: 14pt; font-family: arial, helvetica, sans-serif;\">Mantendo a tradi\u00e7\u00e3o, a capital do agreste pernambucano dar\u00e1 in\u00edcio aos festejos juninos com o S\u00e3o Jo\u00e3o na Ro\u00e7a, programa\u00e7\u00e3o que contempla 13 comunidades rurais do munic\u00edpio, com abertura no dia 25 de abril, no S\u00edtio Lajes.<\/span><\/p>\n<p style=\"text-align: justify;\"><span style=\"font-size: 14pt; font-family: arial, helvetica, sans-serif;\">Entre as novidades anunciadas est\u00e3o o Polo Infantil, que ficar\u00e1 pr\u00f3ximo ao palco Camar\u00e3o, e o Polo de Quadrilhas, que este ano funcionar\u00e1 no Centro Multicultural, integrando uma reorganiza\u00e7\u00e3o do Alto do Moura, que abrigar\u00e1 tamb\u00e9m o Polo da Casa Museu Mestre Vitalino.<\/span><\/p>\n<p style=\"text-align: justify;\"><span style=\"font-size: 14pt; font-family: arial, helvetica, sans-serif;\">Al\u00e9m disso, a primeira noite do Polo Azul\u00e3o, no dia 29 de maio, ser\u00e1 dedicada ao p\u00fablico evang\u00e9lico, com apresenta\u00e7\u00e3o das cantoras Yonara e Cassiane.<\/span><\/p>\n<p style=\"text-align: justify;\"><span style=\"font-size: 14pt; font-family: arial, helvetica, sans-serif;\"><strong>Homenageados<\/strong><\/span><\/p>\n<p style=\"text-align: justify;\"><span style=\"font-size: 14pt; font-family: arial, helvetica, sans-serif;\">Na cerim\u00f4nia, o prefeito Rodrigo Pinheiro anunciou os tr\u00eas homenageados da festa e agradeceu a todos que fazem de Caruaru uma \u201crefer\u00eancia na Cultura\u201d e chamou o S\u00e3o Jo\u00e3o da cidade de o \u201cmaior, melhor, mais sustent\u00e1vel e seguro do mundo\u201d.<\/span><\/p>\n<p style=\"text-align: justify;\"><span style=\"font-size: 14pt; font-family: arial, helvetica, sans-serif;\">O ator e humorista Lamartine Duarte, que recebeu o t\u00edtulo de Patrim\u00f4nio Vivo de Caruaru em 2022, ser\u00e1 homenageado por seu personagem Coron\u00e9 Corn\u00e9lio. Jota Lima, cantor e um dos grandes defensores do forr\u00f3 na cidade, tamb\u00e9m ser\u00e1 contemplado pelas homenagens.<\/span><\/p>\n","protected":false},"excerpt":{"rendered":"<p>A prefeitura de Caruaru anunciou a programa&ccedil;&atilde;o do S&atilde;o Jo&atilde;o 2025 em cerim&ocirc;nia no Centro Multicultural do Alto do Moura, nesta quarta-feira (19). Ser&atilde;o mais de dois meses de festa, que este ano tem como tema &ldquo;De fazenda &agrave; capital do S&atilde;o Jo&atilde;o&rdquo;, uma refer&ecirc;ncia ao hino da cidade. O calend&aacute;rio ter&aacute; in&iacute;cio no dia 25 de abril e ir&aacute; at&eacute; 28 de junho. Entre os artistas, v&atilde;o se apresentar grandes nomes como Elba Ramalho, Ivete Sangalo, Jo&atilde;o Gomes, Daniel e Xand Avi&atilde;o. Mais de 1400 atra&ccedil;&otilde;es integram a grade desta edi&ccedil;&atilde;o do S&atilde;o Jo&atilde;o de Caruaru, que ficar&atilde;o espalhadas &#8230; <\/p>\n<p class=\"read-more-container\"><a title=\"S\u00e3o Jo\u00e3o de Caruaru ter\u00e1 Elba Ramalho, Ivete Sangalo, Jo\u00e3o Gomes e Xand Avi\u00e3o\" class=\"read-more button\" href=\"https:\/\/blogdojuniorcavalcanti.com.br\/index.php\/2025\/03\/21\/sao-joao-de-caruaru-tera-elba-ramalho-ivete-sangalo-joao-gomes-e-xand-aviao\/#more-41812\" aria-label=\"More on S\u00e3o Jo\u00e3o de Caruaru ter\u00e1 Elba Ramalho, Ivete Sangalo, Jo\u00e3o Gomes e Xand Avi\u00e3o\">Leia mais<\/a><\/p>\n","protected":false},"author":2,"featured_media":0,"comment_status":"open","ping_status":"open","sticky":false,"template":"","format":"standard","meta":{"footnotes":""},"categories":[26],"tags":[],"class_list":["post-41812","post","type-post","status-publish","format-standard","hentry","category-noticias"],"_links":{"self":[{"href":"https:\/\/blogdojuniorcavalcanti.com.br\/index.php\/wp-json\/wp\/v2\/posts\/41812","targetHints":{"allow":["GET"]}}],"collection":[{"href":"https:\/\/blogdojuniorcavalcanti.com.br\/index.php\/wp-json\/wp\/v2\/posts"}],"about":[{"href":"https:\/\/blogdojuniorcavalcanti.com.br\/index.php\/wp-json\/wp\/v2\/types\/post"}],"author":[{"embeddable":true,"href":"https:\/\/blogdojuniorcavalcanti.com.br\/index.php\/wp-json\/wp\/v2\/users\/2"}],"replies":[{"embeddable":true,"href":"https:\/\/blogdojuniorcavalcanti.com.br\/index.php\/wp-json\/wp\/v2\/comments?post=41812"}],"version-history":[{"count":1,"href":"https:\/\/blogdojuniorcavalcanti.com.br\/index.php\/wp-json\/wp\/v2\/posts\/41812\/revisions"}],"predecessor-version":[{"id":41813,"href":"https:\/\/blogdojuniorcavalcanti.com.br\/index.php\/wp-json\/wp\/v2\/posts\/41812\/revisions\/41813"}],"wp:attachment":[{"href":"https:\/\/blogdojuniorcavalcanti.com.br\/index.php\/wp-json\/wp\/v2\/media?parent=41812"}],"wp:term":[{"taxonomy":"category","embeddable":true,"href":"https:\/\/blogdojuniorcavalcanti.com.br\/index.php\/wp-json\/wp\/v2\/categories?post=41812"},{"taxonomy":"post_tag","embeddable":true,"href":"https:\/\/blogdojuniorcavalcanti.com.br\/index.php\/wp-json\/wp\/v2\/tags?post=41812"}],"curies":[{"name":"wp","href":"https:\/\/api.w.org\/{rel}","templated":true}]}}