{"id":41920,"date":"2025-03-26T09:03:46","date_gmt":"2025-03-26T12:03:46","guid":{"rendered":"https:\/\/blogdojuniorcavalcanti.com.br\/?p=41920"},"modified":"2025-03-26T09:03:46","modified_gmt":"2025-03-26T12:03:46","slug":"conducoes-a-delegacia-por-furto-de-energia-aumentam-50-nos-dois-primeiros-meses-de-2025-em-pernambuco","status":"publish","type":"post","link":"https:\/\/blogdojuniorcavalcanti.com.br\/index.php\/2025\/03\/26\/conducoes-a-delegacia-por-furto-de-energia-aumentam-50-nos-dois-primeiros-meses-de-2025-em-pernambuco\/","title":{"rendered":"Condu\u00e7\u00f5es \u00e0 delegacia por furto de energia aumentam 50% nos dois primeiros meses de 2025, em Pernambuco"},"content":{"rendered":"<p style=\"text-align: justify;\"><span style=\"font-size: 14pt; font-family: arial, helvetica, sans-serif;\">O n\u00famero de pessoas conduizadas para degelecias de Pernambuco por furto de energia entre janeiro e fevereiro de 2025 aumentou em 50%, segundo um balan\u00e7o da Neoenergia. Neste per\u00edodo, foram realizadas 25 mil inspe\u00e7\u00f5es, com a confirma\u00e7\u00e3o de desvio de energia em 39% dos casos. Deste total de a\u00e7\u00f5es, 34 foram realizadas em parceria com a pol\u00edcia, que resultaram em nove condu\u00e7\u00f5es \u00e0 delegacia.<\/span><\/p>\n<p style=\"text-align: justify;\"><span style=\"font-size: 14pt; font-family: arial, helvetica, sans-serif;\">O n\u00famero \u00e9 cerca de 100% superior ao mesmo per\u00edodo do \u00faltimo ano, quando foram feitas 18 a\u00e7\u00f5es em parceria com as for\u00e7as policiais, com seis condu\u00e7\u00f5es \u00e0 delegacia.<\/span><\/p>\n<p style=\"text-align: justify;\"><span style=\"font-size: 14pt; font-family: arial, helvetica, sans-serif;\">Dos 34 casos feitos juntamente com a Pol\u00edcia Civil, Pol\u00edcia Militar e Instituto de Criminal\u00edstica, 17 foram em resid\u00eancias e 17 em pontos comerciais, entre eles f\u00e1bricas de camisas, sacolas e farinha, reciclagens, ind\u00fastria de tintas, academias, frutaria e mercados. Apenas nestas a\u00e7\u00f5es foram recuperados quase um milh\u00e3o de quilowatts-hora, o que daria para suprir 8.300 resid\u00eancias com energia por um m\u00eas.<\/span><\/p>\n<p style=\"text-align: justify;\"><span style=\"font-size: 14pt; font-family: arial, helvetica, sans-serif;\">Segundo a Neoenergia, os desvios de energia prejudicam todos os clientes, j\u00e1 que promovem modifica\u00e7\u00f5es inapropriadas na rede, trazendo riscos \u00e0 vida, e parte do valor da energia furtada acaba sendo pago entre todos os consumidores. As den\u00fancias s\u00e3o feitas de forma an\u00f4nima pelas Centrais de Relacionamento ou direto nos sites das distribuidoras, na parte de Canais de Atendimento &gt; Den\u00fancia de Irregularidade.<\/span><\/p>\n","protected":false},"excerpt":{"rendered":"<p>O n&uacute;mero de pessoas conduizadas para degelecias de Pernambuco por furto de energia entre janeiro e fevereiro de 2025 aumentou em 50%, segundo um balan&ccedil;o da Neoenergia. Neste per&iacute;odo, foram realizadas 25 mil inspe&ccedil;&otilde;es, com a confirma&ccedil;&atilde;o de desvio de energia em 39% dos casos. Deste total de a&ccedil;&otilde;es, 34 foram realizadas em parceria com a pol&iacute;cia, que resultaram em nove condu&ccedil;&otilde;es &agrave; delegacia. O n&uacute;mero &eacute; cerca de 100% superior ao mesmo per&iacute;odo do &uacute;ltimo ano, quando foram feitas 18 a&ccedil;&otilde;es em parceria com as for&ccedil;as policiais, com seis condu&ccedil;&otilde;es &agrave; delegacia. Dos 34 casos feitos juntamente com a &#8230; <\/p>\n<p class=\"read-more-container\"><a title=\"Condu\u00e7\u00f5es \u00e0 delegacia por furto de energia aumentam 50% nos dois primeiros meses de 2025, em Pernambuco\" class=\"read-more button\" href=\"https:\/\/blogdojuniorcavalcanti.com.br\/index.php\/2025\/03\/26\/conducoes-a-delegacia-por-furto-de-energia-aumentam-50-nos-dois-primeiros-meses-de-2025-em-pernambuco\/#more-41920\" aria-label=\"More on Condu\u00e7\u00f5es \u00e0 delegacia por furto de energia aumentam 50% nos dois primeiros meses de 2025, em Pernambuco\">Leia mais<\/a><\/p>\n","protected":false},"author":2,"featured_media":41921,"comment_status":"open","ping_status":"open","sticky":false,"template":"","format":"standard","meta":{"footnotes":""},"categories":[25],"tags":[],"class_list":["post-41920","post","type-post","status-publish","format-standard","has-post-thumbnail","hentry","category-destaque","resize-featured-image"],"_links":{"self":[{"href":"https:\/\/blogdojuniorcavalcanti.com.br\/index.php\/wp-json\/wp\/v2\/posts\/41920","targetHints":{"allow":["GET"]}}],"collection":[{"href":"https:\/\/blogdojuniorcavalcanti.com.br\/index.php\/wp-json\/wp\/v2\/posts"}],"about":[{"href":"https:\/\/blogdojuniorcavalcanti.com.br\/index.php\/wp-json\/wp\/v2\/types\/post"}],"author":[{"embeddable":true,"href":"https:\/\/blogdojuniorcavalcanti.com.br\/index.php\/wp-json\/wp\/v2\/users\/2"}],"replies":[{"embeddable":true,"href":"https:\/\/blogdojuniorcavalcanti.com.br\/index.php\/wp-json\/wp\/v2\/comments?post=41920"}],"version-history":[{"count":1,"href":"https:\/\/blogdojuniorcavalcanti.com.br\/index.php\/wp-json\/wp\/v2\/posts\/41920\/revisions"}],"predecessor-version":[{"id":41922,"href":"https:\/\/blogdojuniorcavalcanti.com.br\/index.php\/wp-json\/wp\/v2\/posts\/41920\/revisions\/41922"}],"wp:featuredmedia":[{"embeddable":true,"href":"https:\/\/blogdojuniorcavalcanti.com.br\/index.php\/wp-json\/wp\/v2\/media\/41921"}],"wp:attachment":[{"href":"https:\/\/blogdojuniorcavalcanti.com.br\/index.php\/wp-json\/wp\/v2\/media?parent=41920"}],"wp:term":[{"taxonomy":"category","embeddable":true,"href":"https:\/\/blogdojuniorcavalcanti.com.br\/index.php\/wp-json\/wp\/v2\/categories?post=41920"},{"taxonomy":"post_tag","embeddable":true,"href":"https:\/\/blogdojuniorcavalcanti.com.br\/index.php\/wp-json\/wp\/v2\/tags?post=41920"}],"curies":[{"name":"wp","href":"https:\/\/api.w.org\/{rel}","templated":true}]}}