{"id":41997,"date":"2025-03-31T17:20:51","date_gmt":"2025-03-31T20:20:51","guid":{"rendered":"https:\/\/blogdojuniorcavalcanti.com.br\/?p=41997"},"modified":"2025-03-31T17:20:51","modified_gmt":"2025-03-31T20:20:51","slug":"marconi-e-lucila-santana-sao-destaques-no-premio-excelencia-politica-e-administrativa-2024","status":"publish","type":"post","link":"https:\/\/blogdojuniorcavalcanti.com.br\/index.php\/2025\/03\/31\/marconi-e-lucila-santana-sao-destaques-no-premio-excelencia-politica-e-administrativa-2024\/","title":{"rendered":"Marconi e Lucila Santana s\u00e3o destaques no Pr\u00eamio Excel\u00eancia Pol\u00edtica e Administrativa 2024"},"content":{"rendered":"<p style=\"text-align: justify;\"><span style=\"font-size: 14pt; font-family: arial, helvetica, sans-serif;\">A noite deste s\u00e1bado (29\/03), foi marcada por reconhecimento e celebra\u00e7\u00e3o no Pr\u00eamio Excel\u00eancia Pol\u00edtica e Administrativa 2024, promovido pela Ag\u00eancia MV4.<\/span><\/p>\n<p style=\"text-align: justify;\"><span style=\"font-size: 14pt; font-family: arial, helvetica, sans-serif;\">O evento, realizado no Kabbanas Recep\u00e7\u00f5es, em Afogados da Ingazeira, destacou l\u00edderes que se sobressa\u00edram por sua atua\u00e7\u00e3o exemplar no servi\u00e7o p\u00fablico. Entre os grandes nomes da premia\u00e7\u00e3o, Marconi Santana e Lucila Santana brilharam como refer\u00eancias de gest\u00e3o eficiente e compromisso com o desenvolvimento regional.<\/span><\/p>\n<p style=\"text-align: justify;\"><span style=\"font-size: 14pt; font-family: arial, helvetica, sans-serif;\">Marconi Santana: lideran\u00e7a que deixa legado<\/span><\/p>\n<p style=\"text-align: justify;\"><span style=\"font-size: 14pt; font-family: arial, helvetica, sans-serif;\">Ex-prefeito de Flores, Marconi Santana reafirmou sua relev\u00e2ncia na pol\u00edtica do Paje\u00fa ao ser duplamente premiado. Ele recebeu os t\u00edtulos de \u201cPrefeito Mais Atuante do Paje\u00fa\u201d e \u201cDestaque na Gest\u00e3o com Transpar\u00eancia na Regi\u00e3o do Paje\u00fa\u201d, reconhecendo seu trabalho incans\u00e1vel na administra\u00e7\u00e3o p\u00fablica.<\/span><\/p>\n<p style=\"text-align: justify;\"><span style=\"font-size: 14pt; font-family: arial, helvetica, sans-serif;\">Durante sua gest\u00e3o, Marconi foi respons\u00e1vel por transformar Flores em um modelo de efici\u00eancia administrativa, investindo em infraestrutura, educa\u00e7\u00e3o e sa\u00fade. Seu compromisso com a transpar\u00eancia e a participa\u00e7\u00e3o popular garantiu uma gest\u00e3o exemplar, que continua servindo de refer\u00eancia para outros munic\u00edpios.<\/span><\/p>\n<p style=\"text-align: justify;\"><span style=\"font-size: 14pt; font-family: arial, helvetica, sans-serif;\">\u201cEsse pr\u00eamio n\u00e3o \u00e9 s\u00f3 meu, \u00e9 de toda a equipe que trabalhou incansavelmente para fazer de Flores um lugar melhor para todos. A transpar\u00eancia e a seriedade sempre foram princ\u00edpios que nortearam nosso trabalho\u201d, afirmou Marconi, emocionado ao receber os trof\u00e9us.<\/span><\/p>\n<p style=\"text-align: justify;\"><span style=\"font-size: 14pt; font-family: arial, helvetica, sans-serif;\">Lucila Santana: turismo e cultura em evid\u00eancia<\/span><\/p>\n<p style=\"text-align: justify;\"><span style=\"font-size: 14pt; font-family: arial, helvetica, sans-serif;\">Lucila Santana tamb\u00e9m teve seu trabalho reconhecido e foi premiada como \u201cSecret\u00e1ria de Turismo e Eventos Mais Atuante\u201d. Sua atua\u00e7\u00e3o \u00e0 frente da pasta impulsionou o turismo local e fortaleceu as tradi\u00e7\u00f5es culturais da regi\u00e3o. Com uma gest\u00e3o din\u00e2mica, Lucila conseguiu transformar eventos tradicionais em verdadeiros atrativos tur\u00edsticos, movimentando a economia e valorizando a identidade cultural de Flores.<\/span><\/p>\n<p style=\"text-align: justify;\"><span style=\"font-size: 14pt; font-family: arial, helvetica, sans-serif;\">Sob sua lideran\u00e7a, eventos como o S\u00e3o Jo\u00e3o das Tradi\u00e7\u00f5es e as festividades religiosas ganharam mais estrutura e proje\u00e7\u00e3o, consolidando o munic\u00edpio como um dos destinos culturais mais importantes do Paje\u00fa. \u201cO turismo e os eventos s\u00e3o ferramentas poderosas para o desenvolvimento econ\u00f4mico e cultural. Esse pr\u00eamio \u00e9 o reconhecimento de um trabalho feito com amor e dedica\u00e7\u00e3o\u201d, destacou Lucila.<\/span><\/p>\n<p style=\"text-align: justify;\"><span style=\"font-size: 14pt; font-family: arial, helvetica, sans-serif;\">Reconhecimento popular e legado de excel\u00eancia<\/span><\/p>\n<p style=\"text-align: justify;\"><span style=\"font-size: 14pt; font-family: arial, helvetica, sans-serif;\">A premia\u00e7\u00e3o promovida pela Ag\u00eancia MV4 tem grande relev\u00e2ncia na regi\u00e3o, pois reflete a opini\u00e3o dos internautas sobre os gestores que mais se destacaram em suas \u00e1reas. O reconhecimento de Marconi e Lucila Santana demonstra o impacto positivo que ambos deixaram na administra\u00e7\u00e3o p\u00fablica, servindo de inspira\u00e7\u00e3o para novas lideran\u00e7as.<\/span><\/p>\n<p style=\"text-align: justify;\"><span style=\"font-size: 14pt; font-family: arial, helvetica, sans-serif;\">A noite foi marcada por homenagens, discursos emocionantes e a certeza de que a boa pol\u00edtica e a gest\u00e3o eficiente fazem a diferen\u00e7a na vida das pessoas. Marconi e Lucila Santana saem do Pr\u00eamio Excel\u00eancia Pol\u00edtica e Administrativa 2024 ainda mais fortalecidos como refer\u00eancias de trabalho s\u00e9rio e comprometido.<\/span><\/p>\n","protected":false},"excerpt":{"rendered":"<p>A noite deste s&aacute;bado (29\/03), foi marcada por reconhecimento e celebra&ccedil;&atilde;o no Pr&ecirc;mio Excel&ecirc;ncia Pol&iacute;tica e Administrativa 2024, promovido pela Ag&ecirc;ncia MV4. O evento, realizado no Kabbanas Recep&ccedil;&otilde;es, em Afogados da Ingazeira, destacou l&iacute;deres que se sobressa&iacute;ram por sua atua&ccedil;&atilde;o exemplar no servi&ccedil;o p&uacute;blico. Entre os grandes nomes da premia&ccedil;&atilde;o, Marconi Santana e Lucila Santana brilharam como refer&ecirc;ncias de gest&atilde;o eficiente e compromisso com o desenvolvimento regional. Marconi Santana: lideran&ccedil;a que deixa legado Ex-prefeito de Flores, Marconi Santana reafirmou sua relev&acirc;ncia na pol&iacute;tica do Paje&uacute; ao ser duplamente premiado. Ele recebeu os t&iacute;tulos de &ldquo;Prefeito Mais Atuante do Paje&uacute;&rdquo; e &#8230; <\/p>\n<p class=\"read-more-container\"><a title=\"Marconi e Lucila Santana s\u00e3o destaques no Pr\u00eamio Excel\u00eancia Pol\u00edtica e Administrativa 2024\" class=\"read-more button\" href=\"https:\/\/blogdojuniorcavalcanti.com.br\/index.php\/2025\/03\/31\/marconi-e-lucila-santana-sao-destaques-no-premio-excelencia-politica-e-administrativa-2024\/#more-41997\" aria-label=\"More on Marconi e Lucila Santana s\u00e3o destaques no Pr\u00eamio Excel\u00eancia Pol\u00edtica e Administrativa 2024\">Leia mais<\/a><\/p>\n","protected":false},"author":2,"featured_media":41998,"comment_status":"open","ping_status":"open","sticky":false,"template":"","format":"standard","meta":{"footnotes":""},"categories":[25],"tags":[],"class_list":["post-41997","post","type-post","status-publish","format-standard","has-post-thumbnail","hentry","category-destaque","resize-featured-image"],"_links":{"self":[{"href":"https:\/\/blogdojuniorcavalcanti.com.br\/index.php\/wp-json\/wp\/v2\/posts\/41997","targetHints":{"allow":["GET"]}}],"collection":[{"href":"https:\/\/blogdojuniorcavalcanti.com.br\/index.php\/wp-json\/wp\/v2\/posts"}],"about":[{"href":"https:\/\/blogdojuniorcavalcanti.com.br\/index.php\/wp-json\/wp\/v2\/types\/post"}],"author":[{"embeddable":true,"href":"https:\/\/blogdojuniorcavalcanti.com.br\/index.php\/wp-json\/wp\/v2\/users\/2"}],"replies":[{"embeddable":true,"href":"https:\/\/blogdojuniorcavalcanti.com.br\/index.php\/wp-json\/wp\/v2\/comments?post=41997"}],"version-history":[{"count":1,"href":"https:\/\/blogdojuniorcavalcanti.com.br\/index.php\/wp-json\/wp\/v2\/posts\/41997\/revisions"}],"predecessor-version":[{"id":41999,"href":"https:\/\/blogdojuniorcavalcanti.com.br\/index.php\/wp-json\/wp\/v2\/posts\/41997\/revisions\/41999"}],"wp:featuredmedia":[{"embeddable":true,"href":"https:\/\/blogdojuniorcavalcanti.com.br\/index.php\/wp-json\/wp\/v2\/media\/41998"}],"wp:attachment":[{"href":"https:\/\/blogdojuniorcavalcanti.com.br\/index.php\/wp-json\/wp\/v2\/media?parent=41997"}],"wp:term":[{"taxonomy":"category","embeddable":true,"href":"https:\/\/blogdojuniorcavalcanti.com.br\/index.php\/wp-json\/wp\/v2\/categories?post=41997"},{"taxonomy":"post_tag","embeddable":true,"href":"https:\/\/blogdojuniorcavalcanti.com.br\/index.php\/wp-json\/wp\/v2\/tags?post=41997"}],"curies":[{"name":"wp","href":"https:\/\/api.w.org\/{rel}","templated":true}]}}