{"id":42017,"date":"2025-03-31T17:28:30","date_gmt":"2025-03-31T20:28:30","guid":{"rendered":"https:\/\/blogdojuniorcavalcanti.com.br\/?p=42017"},"modified":"2025-03-31T17:28:30","modified_gmt":"2025-03-31T20:28:30","slug":"caso-ingrid-vitoria-sds-investiga-acao-policial-que-resultou-na-morte-de-suspeito-do-crime","status":"publish","type":"post","link":"https:\/\/blogdojuniorcavalcanti.com.br\/index.php\/2025\/03\/31\/caso-ingrid-vitoria-sds-investiga-acao-policial-que-resultou-na-morte-de-suspeito-do-crime\/","title":{"rendered":"Caso Ingrid Vit\u00f3ria: SDS investiga a\u00e7\u00e3o policial que resultou na morte de suspeito do crime"},"content":{"rendered":"<p style=\"text-align: justify;\"><span style=\"font-size: 14pt; font-family: arial, helvetica, sans-serif;\"><img fetchpriority=\"high\" decoding=\"async\" class=\"aligncenter\" src=\"https:\/\/imagens.ne10.uol.com.br\/veiculos\/_midias\/png\/2025\/03\/27\/597x330\/1_ingrid_vitoriaa-34213354.png\" alt=\"De acordo com a SDS, Ingrid Vit&amp;oacute;ria foi encontrada sem vida, pr&amp;oacute;xima &amp;agrave; pista do distrito de Cara&amp;iacute;bas\" width=\"622\" height=\"344\" \/><\/span><\/p>\n<p style=\"text-align: justify;\"><span style=\"font-size: 14pt; font-family: arial, helvetica, sans-serif;\">A Corregedoria da Secretaria de Defesa Social (SDS) decidiu instaurar uma investiga\u00e7\u00e3o para apurar a conduta dos policiais militares envolvidos na abordagem que resultou na morte de Jocelmo Caldas da Silva, de 36 anos, suspeito de sequestrar e matar a adolescente Ingrid Vit\u00f3ria, de 13 anos, que estava desaparecida desde a \u00faltima ter\u00e7a-feira (25).<\/span><\/p>\n<p style=\"text-align: justify;\"><span style=\"font-size: 14pt; font-family: arial, helvetica, sans-serif;\">Segundo a vers\u00e3o oficial da Pol\u00edcia Militar, o suspeito foi encontrado na tarde do s\u00e1bado (29), em Cara\u00edbas, distrito de Santa Maria da Boa Vista, no Sert\u00e3o de Pernambuco. Ele teria reagido \u00e0 abordagem e, na troca de tiros, foi atingido na cabe\u00e7a. Jocelmo chegou a ser levado para um hospital, mas n\u00e3o resistiu.<\/span><\/p>\n<p style=\"text-align: justify;\"><span style=\"font-size: 14pt; font-family: arial, helvetica, sans-serif;\">A investiga\u00e7\u00e3o da Corregedoria quer confirmar se houve mesmo um confronto e a leg\u00edtima defesa. A Pol\u00edcia Civil tamb\u00e9m segue investigando o caso.<\/span><\/p>\n<p style=\"text-align: justify;\"><span style=\"font-size: 14pt; font-family: arial, helvetica, sans-serif;\">A coluna\u00a0<em>Seguran\u00e7a do Jornal do Commercio<\/em>\u00a0questionou \u00e0 SDS se os exames no Instituto de Medicina Legal (IML) de Petrolina indicaram que Ingrid Vit\u00f3ria sofreu algum tipo de viol\u00eancia sexual, mas a pasta estadual n\u00e3o respondeu.<\/span><\/p>\n<p style=\"text-align: justify;\"><span style=\"font-size: 14pt; font-family: arial, helvetica, sans-serif;\">Em nota, disse apenas que \u201cos documentos fazem parte do inqu\u00e9rito policial e nenhuma outra informa\u00e7\u00e3o pode ser divulgada para n\u00e3o atrapalhar as investiga\u00e7\u00f5es, que seguem com a Delegacia de Santa Maria da Boa Vista\u201d.<\/span><\/p>\n<p style=\"text-align: justify;\"><span style=\"font-size: 14pt; font-family: arial, helvetica, sans-serif;\">O corpo de Ingrid foi achado em uma regi\u00e3o de mata fechada, nas imedia\u00e7\u00f5es da fazenda Jequi, distrito de Cara\u00edbas, a cerca de sete quil\u00f4metros de uma base policial criada para dar apoio \u00e0s buscas pela adolescente.<\/span><\/p>\n<p style=\"text-align: justify;\"><span style=\"font-size: 14pt; font-family: arial, helvetica, sans-serif;\">Ingrid havia sido levada \u00e0 for\u00e7a enquanto voltava de Cura\u00e7\u00e1, na Bahia, acompanhada da m\u00e3e e do irm\u00e3o de tr\u00eas anos. De acordo com a m\u00e3e da adolescente, a fam\u00edlia estava de carona com Jocelmo quando o homem teria agredido e amarrado a mulher e, em seguida, sequestrado Ingrid.<\/span><\/p>\n<p style=\"text-align: justify;\"><span style=\"font-size: 14pt; font-family: arial, helvetica, sans-serif;\">A fam\u00edlia tinha se mudado recentemente para o munic\u00edpio de Floresta, no Sert\u00e3o de Pernambuco, e, no trajeto para casa, costumavam passar pelo povoado de Cara\u00edbas para visitar parentes. A motiva\u00e7\u00e3o do crime ainda n\u00e3o est\u00e1 esclarecida.<\/span><\/p>\n<p style=\"text-align: justify;\"><span style=\"font-size: 14pt; font-family: arial, helvetica, sans-serif;\">Neste domingo (30), o corpo da adolescente foi velado na Igreja de S\u00e3o Francisco de Assis, em Cara\u00edbas. \u00c0 noite, seguiu para ser enterrado no Cemit\u00e9rio de Floresta.<\/span><\/p>\n","protected":false},"excerpt":{"rendered":"<p>A Corregedoria da Secretaria de Defesa Social (SDS) decidiu instaurar uma investiga&ccedil;&atilde;o para apurar a conduta dos policiais militares envolvidos na abordagem que resultou na morte de Jocelmo Caldas da Silva, de 36 anos, suspeito de sequestrar e matar a adolescente Ingrid Vit&oacute;ria, de 13 anos, que estava desaparecida desde a &uacute;ltima ter&ccedil;a-feira (25). Segundo a vers&atilde;o oficial da Pol&iacute;cia Militar, o suspeito foi encontrado na tarde do s&aacute;bado (29), em Cara&iacute;bas, distrito de Santa Maria da Boa Vista, no Sert&atilde;o de Pernambuco. Ele teria reagido &agrave; abordagem e, na troca de tiros, foi atingido na cabe&ccedil;a. Jocelmo chegou a &#8230; <\/p>\n<p class=\"read-more-container\"><a title=\"Caso Ingrid Vit\u00f3ria: SDS investiga a\u00e7\u00e3o policial que resultou na morte de suspeito do crime\" class=\"read-more button\" href=\"https:\/\/blogdojuniorcavalcanti.com.br\/index.php\/2025\/03\/31\/caso-ingrid-vitoria-sds-investiga-acao-policial-que-resultou-na-morte-de-suspeito-do-crime\/#more-42017\" aria-label=\"More on Caso Ingrid Vit\u00f3ria: SDS investiga a\u00e7\u00e3o policial que resultou na morte de suspeito do crime\">Leia mais<\/a><\/p>\n","protected":false},"author":2,"featured_media":0,"comment_status":"open","ping_status":"open","sticky":false,"template":"","format":"standard","meta":{"footnotes":""},"categories":[26],"tags":[],"class_list":["post-42017","post","type-post","status-publish","format-standard","hentry","category-noticias"],"_links":{"self":[{"href":"https:\/\/blogdojuniorcavalcanti.com.br\/index.php\/wp-json\/wp\/v2\/posts\/42017","targetHints":{"allow":["GET"]}}],"collection":[{"href":"https:\/\/blogdojuniorcavalcanti.com.br\/index.php\/wp-json\/wp\/v2\/posts"}],"about":[{"href":"https:\/\/blogdojuniorcavalcanti.com.br\/index.php\/wp-json\/wp\/v2\/types\/post"}],"author":[{"embeddable":true,"href":"https:\/\/blogdojuniorcavalcanti.com.br\/index.php\/wp-json\/wp\/v2\/users\/2"}],"replies":[{"embeddable":true,"href":"https:\/\/blogdojuniorcavalcanti.com.br\/index.php\/wp-json\/wp\/v2\/comments?post=42017"}],"version-history":[{"count":1,"href":"https:\/\/blogdojuniorcavalcanti.com.br\/index.php\/wp-json\/wp\/v2\/posts\/42017\/revisions"}],"predecessor-version":[{"id":42018,"href":"https:\/\/blogdojuniorcavalcanti.com.br\/index.php\/wp-json\/wp\/v2\/posts\/42017\/revisions\/42018"}],"wp:attachment":[{"href":"https:\/\/blogdojuniorcavalcanti.com.br\/index.php\/wp-json\/wp\/v2\/media?parent=42017"}],"wp:term":[{"taxonomy":"category","embeddable":true,"href":"https:\/\/blogdojuniorcavalcanti.com.br\/index.php\/wp-json\/wp\/v2\/categories?post=42017"},{"taxonomy":"post_tag","embeddable":true,"href":"https:\/\/blogdojuniorcavalcanti.com.br\/index.php\/wp-json\/wp\/v2\/tags?post=42017"}],"curies":[{"name":"wp","href":"https:\/\/api.w.org\/{rel}","templated":true}]}}