{"id":4203,"date":"2019-04-29T06:44:24","date_gmt":"2019-04-29T09:44:24","guid":{"rendered":"http:\/\/blogdojuniorcavalcanti.com.br\/?p=4203"},"modified":"2019-04-29T06:44:24","modified_gmt":"2019-04-29T09:44:24","slug":"sertania-carne-sem-refrigeracao-e-apreendida-em-carro","status":"publish","type":"post","link":"https:\/\/blogdojuniorcavalcanti.com.br\/index.php\/2019\/04\/29\/sertania-carne-sem-refrigeracao-e-apreendida-em-carro\/","title":{"rendered":"Sert\u00e2nia: Carne sem refrigera\u00e7\u00e3o \u00e9 apreendida em carro"},"content":{"rendered":"<div id=\"attachment_148991\" class=\"wp-caption alignleft\"><span style=\"font-size: 14pt;\"><a href=\"https:\/\/i1.wp.com\/nilljunior.com.br\/wp-content\/uploads\/2019\/04\/20190427184012470818u.jpeg\"><img fetchpriority=\"high\" decoding=\"async\" class=\"size-medium wp-image-148991\" src=\"https:\/\/i1.wp.com\/nilljunior.com.br\/wp-content\/uploads\/2019\/04\/20190427184012470818u.jpeg?resize=300%2C180\" sizes=\"(max-width: 300px) 100vw, 300px\" srcset=\"https:\/\/i1.wp.com\/nilljunior.com.br\/wp-content\/uploads\/2019\/04\/20190427184012470818u.jpeg?resize=300%2C180 300w, https:\/\/i1.wp.com\/nilljunior.com.br\/wp-content\/uploads\/2019\/04\/20190427184012470818u.jpeg?resize=600%2C360 600w, https:\/\/i1.wp.com\/nilljunior.com.br\/wp-content\/uploads\/2019\/04\/20190427184012470818u.jpeg?w=700 700w\" alt=\"\" width=\"300\" height=\"180\" data-attachment-id=\"148991\" data-permalink=\"http:\/\/nilljunior.com.br\/sertania-carne-sem-refrigeracao-e-apreendida-em-carro\/20190427184012470818u\/\" data-orig-file=\"https:\/\/i1.wp.com\/nilljunior.com.br\/wp-content\/uploads\/2019\/04\/20190427184012470818u.jpeg?fit=700%2C420\" data-orig-size=\"700,420\" data-comments-opened=\"1\" data-image-meta=\"{&quot;aperture&quot;:&quot;0&quot;,&quot;credit&quot;:&quot;&quot;,&quot;camera&quot;:&quot;&quot;,&quot;caption&quot;:&quot;&quot;,&quot;created_timestamp&quot;:&quot;0&quot;,&quot;copyright&quot;:&quot;&quot;,&quot;focal_length&quot;:&quot;0&quot;,&quot;iso&quot;:&quot;0&quot;,&quot;shutter_speed&quot;:&quot;0&quot;,&quot;title&quot;:&quot;&quot;,&quot;orientation&quot;:&quot;0&quot;}\" data-image-title=\"20190427184012470818u\" data-image-description=\"\" data-medium-file=\"https:\/\/i1.wp.com\/nilljunior.com.br\/wp-content\/uploads\/2019\/04\/20190427184012470818u.jpeg?fit=300%2C180\" data-large-file=\"https:\/\/i1.wp.com\/nilljunior.com.br\/wp-content\/uploads\/2019\/04\/20190427184012470818u.jpeg?fit=600%2C360\" \/><\/a><\/span><\/p>\n<p class=\"wp-caption-text\" style=\"text-align: justify;\"><span style=\"font-size: 14pt; font-family: arial, helvetica, sans-serif;\">Foto: PRF\/Divulga\u00e7\u00e3o<\/span><\/p>\n<\/div>\n<p style=\"text-align: justify;\"><span style=\"font-size: 14pt; font-family: arial, helvetica, sans-serif;\">Uma carga de 100 quilos de carne bovina sem refrigera\u00e7\u00e3o foi apreendida pela Pol\u00edcia Rodovi\u00e1ria Federal (PRF), neste s\u00e1bado (27), em Sert\u00e2nia. A mercadoria estava sendo transportada ilegalmente dentro do porta-malas e em sacolas pl\u00e1sticas no interior de um carro.<\/span><\/p>\n<p style=\"text-align: justify;\"><span style=\"font-size: 14pt; font-family: arial, helvetica, sans-serif;\">De acordo com o motorista, de 32 anos, a mercadoria saiu do munic\u00edpio de Bu\u00edque, no Agreste de Pernambuco e seria comercializada em Ibimirim, tamb\u00e9m no Sert\u00e3o do estado.<\/span><\/p>\n<p style=\"text-align: justify;\"><span style=\"font-size: 14pt; font-family: arial, helvetica, sans-serif;\">A ocorr\u00eancia aconteceu ap\u00f3s policiais avistaram um autom\u00f3vel acessando um desvio na tentativa de n\u00e3o passar em frente ao posto da PRF. A abordagem foi realizada no quil\u00f4metro 278, da BR 232.<\/span><\/p>\n<p style=\"text-align: justify;\"><span style=\"font-size: 14pt; font-family: arial, helvetica, sans-serif;\">A ocorr\u00eancia foi encaminhada \u00e0 Ag\u00eancia de Defesa e Fiscaliza\u00e7\u00e3o Agropecu\u00e1ria do Estado de Pernambuco (Adagro-PE), que encaminhou o produto para descarte no aterro sanit\u00e1rio de Sert\u00e2nia.<\/span><\/p>\n","protected":false},"excerpt":{"rendered":"<p>Foto: PRF\/Divulga&ccedil;&atilde;o Uma carga de 100 quilos de carne bovina sem refrigera&ccedil;&atilde;o foi apreendida pela Pol&iacute;cia Rodovi&aacute;ria Federal (PRF), neste s&aacute;bado (27), em Sert&acirc;nia. A mercadoria estava sendo transportada ilegalmente dentro do porta-malas e em sacolas pl&aacute;sticas no interior de um carro. De acordo com o motorista, de 32 anos, a mercadoria saiu do munic&iacute;pio de Bu&iacute;que, no Agreste de Pernambuco e seria comercializada em Ibimirim, tamb&eacute;m no Sert&atilde;o do estado. A ocorr&ecirc;ncia aconteceu ap&oacute;s policiais avistaram um autom&oacute;vel acessando um desvio na tentativa de n&atilde;o passar em frente ao posto da PRF. A abordagem foi realizada no quil&ocirc;metro 278, &#8230; <\/p>\n<p class=\"read-more-container\"><a title=\"Sert\u00e2nia: Carne sem refrigera\u00e7\u00e3o \u00e9 apreendida em carro\" class=\"read-more button\" href=\"https:\/\/blogdojuniorcavalcanti.com.br\/index.php\/2019\/04\/29\/sertania-carne-sem-refrigeracao-e-apreendida-em-carro\/#more-4203\" aria-label=\"More on Sert\u00e2nia: Carne sem refrigera\u00e7\u00e3o \u00e9 apreendida em carro\">Leia mais<\/a><\/p>\n","protected":false},"author":2,"featured_media":0,"comment_status":"open","ping_status":"open","sticky":false,"template":"","format":"standard","meta":{"footnotes":""},"categories":[1],"tags":[],"class_list":["post-4203","post","type-post","status-publish","format-standard","hentry","category-sem-categoria"],"_links":{"self":[{"href":"https:\/\/blogdojuniorcavalcanti.com.br\/index.php\/wp-json\/wp\/v2\/posts\/4203","targetHints":{"allow":["GET"]}}],"collection":[{"href":"https:\/\/blogdojuniorcavalcanti.com.br\/index.php\/wp-json\/wp\/v2\/posts"}],"about":[{"href":"https:\/\/blogdojuniorcavalcanti.com.br\/index.php\/wp-json\/wp\/v2\/types\/post"}],"author":[{"embeddable":true,"href":"https:\/\/blogdojuniorcavalcanti.com.br\/index.php\/wp-json\/wp\/v2\/users\/2"}],"replies":[{"embeddable":true,"href":"https:\/\/blogdojuniorcavalcanti.com.br\/index.php\/wp-json\/wp\/v2\/comments?post=4203"}],"version-history":[{"count":1,"href":"https:\/\/blogdojuniorcavalcanti.com.br\/index.php\/wp-json\/wp\/v2\/posts\/4203\/revisions"}],"predecessor-version":[{"id":4204,"href":"https:\/\/blogdojuniorcavalcanti.com.br\/index.php\/wp-json\/wp\/v2\/posts\/4203\/revisions\/4204"}],"wp:attachment":[{"href":"https:\/\/blogdojuniorcavalcanti.com.br\/index.php\/wp-json\/wp\/v2\/media?parent=4203"}],"wp:term":[{"taxonomy":"category","embeddable":true,"href":"https:\/\/blogdojuniorcavalcanti.com.br\/index.php\/wp-json\/wp\/v2\/categories?post=4203"},{"taxonomy":"post_tag","embeddable":true,"href":"https:\/\/blogdojuniorcavalcanti.com.br\/index.php\/wp-json\/wp\/v2\/tags?post=4203"}],"curies":[{"name":"wp","href":"https:\/\/api.w.org\/{rel}","templated":true}]}}