{"id":42086,"date":"2025-04-02T07:55:07","date_gmt":"2025-04-02T10:55:07","guid":{"rendered":"https:\/\/blogdojuniorcavalcanti.com.br\/?p=42086"},"modified":"2025-04-02T07:55:07","modified_gmt":"2025-04-02T10:55:07","slug":"serra-talhada-intensifica-reciclagem-de-vidro-com-campanha-ambiental","status":"publish","type":"post","link":"https:\/\/blogdojuniorcavalcanti.com.br\/index.php\/2025\/04\/02\/serra-talhada-intensifica-reciclagem-de-vidro-com-campanha-ambiental\/","title":{"rendered":"Serra Talhada intensifica reciclagem de vidro com campanha ambiental"},"content":{"rendered":"<p style=\"text-align: justify;\"><span style=\"font-size: 14pt;\"><img fetchpriority=\"high\" decoding=\"async\" class=\"alignleft wp-image-302628 jetpack-lazy-image jetpack-lazy-image--handled\" src=\"https:\/\/i2.wp.com\/nilljunior.com.br\/wp-content\/uploads\/2025\/04\/coleta-vidro-serra-talhada-02.jpeg?resize=400%2C300&amp;ssl=1\" sizes=\"(max-width: 400px) 100vw, 400px\" srcset=\"https:\/\/i2.wp.com\/nilljunior.com.br\/wp-content\/uploads\/2025\/04\/coleta-vidro-serra-talhada-02.jpeg?w=1600&amp;ssl=1 1600w, https:\/\/i2.wp.com\/nilljunior.com.br\/wp-content\/uploads\/2025\/04\/coleta-vidro-serra-talhada-02.jpeg?resize=300%2C225&amp;ssl=1 300w, https:\/\/i2.wp.com\/nilljunior.com.br\/wp-content\/uploads\/2025\/04\/coleta-vidro-serra-talhada-02.jpeg?resize=768%2C576&amp;ssl=1 768w, https:\/\/i2.wp.com\/nilljunior.com.br\/wp-content\/uploads\/2025\/04\/coleta-vidro-serra-talhada-02.jpeg?resize=533%2C400&amp;ssl=1 533w\" alt=\"\" width=\"400\" height=\"300\" data-attachment-id=\"302628\" data-permalink=\"https:\/\/nilljunior.com.br\/serra-talhada-intensifica-reciclagem-de-vidro-com-campanha-ambiental\/coleta-vidro-serra-talhada-02\/\" data-orig-file=\"https:\/\/i2.wp.com\/nilljunior.com.br\/wp-content\/uploads\/2025\/04\/coleta-vidro-serra-talhada-02.jpeg?fit=1600%2C1200&amp;ssl=1\" data-orig-size=\"1600,1200\" data-comments-opened=\"1\" data-image-meta=\"{&quot;aperture&quot;:&quot;0&quot;,&quot;credit&quot;:&quot;&quot;,&quot;camera&quot;:&quot;&quot;,&quot;caption&quot;:&quot;&quot;,&quot;created_timestamp&quot;:&quot;0&quot;,&quot;copyright&quot;:&quot;&quot;,&quot;focal_length&quot;:&quot;0&quot;,&quot;iso&quot;:&quot;0&quot;,&quot;shutter_speed&quot;:&quot;0&quot;,&quot;title&quot;:&quot;&quot;,&quot;orientation&quot;:&quot;0&quot;}\" data-image-title=\"coleta-vidro-serra-talhada-02\" data-image-description=\"\" data-medium-file=\"https:\/\/i2.wp.com\/nilljunior.com.br\/wp-content\/uploads\/2025\/04\/coleta-vidro-serra-talhada-02.jpeg?fit=300%2C225&amp;ssl=1\" data-large-file=\"https:\/\/i2.wp.com\/nilljunior.com.br\/wp-content\/uploads\/2025\/04\/coleta-vidro-serra-talhada-02.jpeg?fit=533%2C400&amp;ssl=1\" data-recalc-dims=\"1\" data-lazy-loaded=\"1\" \/><img decoding=\"async\" class=\"alignleft wp-image-302629 jetpack-lazy-image jetpack-lazy-image--handled\" src=\"https:\/\/i2.wp.com\/nilljunior.com.br\/wp-content\/uploads\/2025\/04\/coleta-vidro-serra-talhada-01.jpeg?resize=400%2C229&amp;ssl=1\" sizes=\"(max-width: 400px) 100vw, 400px\" srcset=\"https:\/\/i2.wp.com\/nilljunior.com.br\/wp-content\/uploads\/2025\/04\/coleta-vidro-serra-talhada-01.jpeg?w=3000&amp;ssl=1 3000w, https:\/\/i2.wp.com\/nilljunior.com.br\/wp-content\/uploads\/2025\/04\/coleta-vidro-serra-talhada-01.jpeg?resize=300%2C172&amp;ssl=1 300w, https:\/\/i2.wp.com\/nilljunior.com.br\/wp-content\/uploads\/2025\/04\/coleta-vidro-serra-talhada-01.jpeg?resize=768%2C440&amp;ssl=1 768w, https:\/\/i2.wp.com\/nilljunior.com.br\/wp-content\/uploads\/2025\/04\/coleta-vidro-serra-talhada-01.jpeg?resize=600%2C343&amp;ssl=1 600w, https:\/\/i2.wp.com\/nilljunior.com.br\/wp-content\/uploads\/2025\/04\/coleta-vidro-serra-talhada-01.jpeg?w=2000&amp;ssl=1 2000w\" alt=\"\" width=\"400\" height=\"229\" data-attachment-id=\"302629\" data-permalink=\"https:\/\/nilljunior.com.br\/serra-talhada-intensifica-reciclagem-de-vidro-com-campanha-ambiental\/coleta-vidro-serra-talhada-01\/\" data-orig-file=\"https:\/\/i2.wp.com\/nilljunior.com.br\/wp-content\/uploads\/2025\/04\/coleta-vidro-serra-talhada-01.jpeg?fit=3000%2C1717&amp;ssl=1\" data-orig-size=\"3000,1717\" data-comments-opened=\"1\" data-image-meta=\"{&quot;aperture&quot;:&quot;0&quot;,&quot;credit&quot;:&quot;&quot;,&quot;camera&quot;:&quot;&quot;,&quot;caption&quot;:&quot;&quot;,&quot;created_timestamp&quot;:&quot;0&quot;,&quot;copyright&quot;:&quot;&quot;,&quot;focal_length&quot;:&quot;0&quot;,&quot;iso&quot;:&quot;0&quot;,&quot;shutter_speed&quot;:&quot;0&quot;,&quot;title&quot;:&quot;&quot;,&quot;orientation&quot;:&quot;0&quot;}\" data-image-title=\"coleta-vidro-serra-talhada-01\" data-image-description=\"\" data-medium-file=\"https:\/\/i2.wp.com\/nilljunior.com.br\/wp-content\/uploads\/2025\/04\/coleta-vidro-serra-talhada-01.jpeg?fit=300%2C172&amp;ssl=1\" data-large-file=\"https:\/\/i2.wp.com\/nilljunior.com.br\/wp-content\/uploads\/2025\/04\/coleta-vidro-serra-talhada-01.jpeg?fit=600%2C343&amp;ssl=1\" data-recalc-dims=\"1\" data-lazy-loaded=\"1\" \/><span style=\"font-family: arial, helvetica, sans-serif;\">A Prefeitura de Serra Talhada, por meio da Secretaria Municipal de Meio Ambiente (SEMMA-ST), est\u00e1 com a campanha \u201cEu Descarto Vidro de Forma Correta\u201d. A iniciativa, realizada em parceria com o Instituto Recicleiros e a Cooperativa Recicla Serra Talhada, promove a coleta seletiva de vidro, incluindo garrafas, potes e copos, garantindo que esses materiais sejam reciclados de maneira ambientalmente adequada.\u00a0<\/span><\/span><\/p>\n<p style=\"text-align: justify;\"><span style=\"font-size: 14pt; font-family: arial, helvetica, sans-serif;\">\u201cA a\u00e7\u00e3o contribui para a redu\u00e7\u00e3o dos impactos ambientais, fortalece a economia circular e auxilia na mitiga\u00e7\u00e3o das mudan\u00e7as clim\u00e1ticas, alinhando-se aos Objetivos de Desenvolvimento Sustent\u00e1vel (ODS) da ONU\u201d, destaca a assessoria de comunica\u00e7\u00e3o.<\/span><\/p>\n<p style=\"text-align: justify;\"><span style=\"font-size: 14pt; font-family: arial, helvetica, sans-serif;\">A prefeita M\u00e1rcia Conrado destacou a import\u00e2ncia da participa\u00e7\u00e3o da popula\u00e7\u00e3o nesse processo. \u201cSerra Talhada est\u00e1 dando um passo significativo em dire\u00e7\u00e3o a um futuro mais sustent\u00e1vel. A colabora\u00e7\u00e3o de todos os cidad\u00e3os \u00e9 essencial para que possamos continuar avan\u00e7ando na gest\u00e3o respons\u00e1vel dos res\u00edduos e na constru\u00e7\u00e3o de uma cidade mais limpa e resiliente\u201d, afirmou.<\/span><\/p>\n<p style=\"text-align: justify;\"><span style=\"font-size: 14pt; font-family: arial, helvetica, sans-serif;\">A campanha oferece coleta seletiva porta a porta em todos os bairros, de segunda a sexta-feira, al\u00e9m de pontos de entrega volunt\u00e1ria para estabelecimentos que geram grandes volumes de vidro.<\/span><\/p>\n<p style=\"text-align: justify;\"><span style=\"font-size: 14pt; font-family: arial, helvetica, sans-serif;\">A iniciativa j\u00e1 apresenta resultados: apenas em fevereiro, mais de 3 toneladas de vidro foram coletadas e destinadas corretamente, evitando que esses materiais fossem descartados em terrenos baldios ou no aterro sanit\u00e1rio. Al\u00e9m disso, empresas que aderem \u00e0 pr\u00e1tica de reciclagem podem obter o Certificado de Destina\u00e7\u00e3o Final (CDF), comprovando seu compromisso com a sustentabilidade e atendendo \u00e0s exig\u00eancias ambientais.<\/span><\/p>\n<p style=\"text-align: justify;\"><span style=\"font-size: 14pt; font-family: arial, helvetica, sans-serif;\">O secret\u00e1rio de Meio Ambiente, Sin\u00e9zio Rodrigues, refor\u00e7ou os benef\u00edcios da reciclagem do vidro. \u201cO vidro \u00e9 um material que pode ser 100% reciclado e reutilizado indefinidamente. Quando descartamos corretamente, n\u00e3o apenas preservamos o meio ambiente, mas tamb\u00e9m geramos renda para os cooperados da Recicla Serra Talhada e contribu\u00edmos para a mitiga\u00e7\u00e3o dos impactos das mudan\u00e7as clim\u00e1ticas\u201d, explicou.\u00a0<\/span><\/p>\n<p style=\"text-align: justify;\"><span style=\"font-size: 14pt; font-family: arial, helvetica, sans-serif;\">\u201cA campanha \u00e9 um chamado para que todos os cidad\u00e3os e empresas fa\u00e7am parte dessa transforma\u00e7\u00e3o, destinando o vidro de forma correta e ajudando a construir um futuro mais sustent\u00e1vel para Serra Talhada\u201d, refor\u00e7ou a assessoria.<\/span><\/p>\n<p style=\"text-align: justify;\"><span style=\"font-size: 14pt; font-family: arial, helvetica, sans-serif;\"><b>Como entrar em contato com a Secretaria de Meio Ambiente?<\/b><\/span><\/p>\n<p style=\"text-align: justify;\"><span style=\"font-size: 14pt; font-family: arial, helvetica, sans-serif;\">Os canais de comunica\u00e7\u00e3o da Secretaria de Meio Ambiente de Serra Talhada s\u00e3o: Disk Recicle+ (87) 98107-7749; Recicla Serra Talhada (87) 2156-0407.<\/span><\/p>\n","protected":false},"excerpt":{"rendered":"<p>A Prefeitura de Serra Talhada, por meio da Secretaria Municipal de Meio Ambiente (SEMMA-ST), est&aacute; com a campanha &ldquo;Eu Descarto Vidro de Forma Correta&rdquo;. A iniciativa, realizada em parceria com o Instituto Recicleiros e a Cooperativa Recicla Serra Talhada, promove a coleta seletiva de vidro, incluindo garrafas, potes e copos, garantindo que esses materiais sejam reciclados de maneira ambientalmente adequada.&nbsp; &ldquo;A a&ccedil;&atilde;o contribui para a redu&ccedil;&atilde;o dos impactos ambientais, fortalece a economia circular e auxilia na mitiga&ccedil;&atilde;o das mudan&ccedil;as clim&aacute;ticas, alinhando-se aos Objetivos de Desenvolvimento Sustent&aacute;vel (ODS) da ONU&rdquo;, destaca a assessoria de comunica&ccedil;&atilde;o. A prefeita M&aacute;rcia Conrado destacou a &#8230; <\/p>\n<p class=\"read-more-container\"><a title=\"Serra Talhada intensifica reciclagem de vidro com campanha ambiental\" class=\"read-more button\" href=\"https:\/\/blogdojuniorcavalcanti.com.br\/index.php\/2025\/04\/02\/serra-talhada-intensifica-reciclagem-de-vidro-com-campanha-ambiental\/#more-42086\" aria-label=\"More on Serra Talhada intensifica reciclagem de vidro com campanha ambiental\">Leia mais<\/a><\/p>\n","protected":false},"author":2,"featured_media":0,"comment_status":"open","ping_status":"open","sticky":false,"template":"","format":"standard","meta":{"footnotes":""},"categories":[26],"tags":[],"class_list":["post-42086","post","type-post","status-publish","format-standard","hentry","category-noticias"],"_links":{"self":[{"href":"https:\/\/blogdojuniorcavalcanti.com.br\/index.php\/wp-json\/wp\/v2\/posts\/42086","targetHints":{"allow":["GET"]}}],"collection":[{"href":"https:\/\/blogdojuniorcavalcanti.com.br\/index.php\/wp-json\/wp\/v2\/posts"}],"about":[{"href":"https:\/\/blogdojuniorcavalcanti.com.br\/index.php\/wp-json\/wp\/v2\/types\/post"}],"author":[{"embeddable":true,"href":"https:\/\/blogdojuniorcavalcanti.com.br\/index.php\/wp-json\/wp\/v2\/users\/2"}],"replies":[{"embeddable":true,"href":"https:\/\/blogdojuniorcavalcanti.com.br\/index.php\/wp-json\/wp\/v2\/comments?post=42086"}],"version-history":[{"count":1,"href":"https:\/\/blogdojuniorcavalcanti.com.br\/index.php\/wp-json\/wp\/v2\/posts\/42086\/revisions"}],"predecessor-version":[{"id":42087,"href":"https:\/\/blogdojuniorcavalcanti.com.br\/index.php\/wp-json\/wp\/v2\/posts\/42086\/revisions\/42087"}],"wp:attachment":[{"href":"https:\/\/blogdojuniorcavalcanti.com.br\/index.php\/wp-json\/wp\/v2\/media?parent=42086"}],"wp:term":[{"taxonomy":"category","embeddable":true,"href":"https:\/\/blogdojuniorcavalcanti.com.br\/index.php\/wp-json\/wp\/v2\/categories?post=42086"},{"taxonomy":"post_tag","embeddable":true,"href":"https:\/\/blogdojuniorcavalcanti.com.br\/index.php\/wp-json\/wp\/v2\/tags?post=42086"}],"curies":[{"name":"wp","href":"https:\/\/api.w.org\/{rel}","templated":true}]}}