{"id":42224,"date":"2025-04-06T09:01:55","date_gmt":"2025-04-06T12:01:55","guid":{"rendered":"https:\/\/blogdojuniorcavalcanti.com.br\/?p=42224"},"modified":"2025-04-06T09:01:55","modified_gmt":"2025-04-06T12:01:55","slug":"jovem-perde-a-vida-em-acidente-de-moto-entre-quixaba-e-lagoa-da-cruz","status":"publish","type":"post","link":"https:\/\/blogdojuniorcavalcanti.com.br\/index.php\/2025\/04\/06\/jovem-perde-a-vida-em-acidente-de-moto-entre-quixaba-e-lagoa-da-cruz\/","title":{"rendered":"Jovem perde a vida em acidente de moto entre Quixaba e Lagoa da Cruz"},"content":{"rendered":"<p style=\"text-align: justify;\"><span style=\"font-size: 14pt; font-family: arial, helvetica, sans-serif;\"><img decoding=\"async\" class=\"aligncenter\" src=\"https:\/\/i0.wp.com\/afogadosfm.com.br\/afogadosfm\/wp-content\/uploads\/2025\/04\/Imagem-do-WhatsApp-de-2025-04-06-as-07.40.31_13e4a72b.jpg?resize=636%2C480&amp;ssl=1\" \/>O Jovem Felipe Alves, de 27 anos, perdeu a vida ap\u00f3s ser v\u00edtima de um acidente na noite desse s\u00e1bado (04), na Rodovia Estadual PE 329, entre o Distrito de Lagoa da Cruz, onde residia, e a cidade de Quixaba, no interior de Pernambuco.<\/span><\/p>\n<p style=\"text-align: justify;\"><span style=\"font-size: 14pt; font-family: arial, helvetica, sans-serif;\">De acordo com informa\u00e7\u00f5es, Felipe trafegava pela referida rodovia quando perdeu o controle da sua motocicleta j\u00e1 nas proximidades da Lagoa da Cruz . Com o impacto da queda, Felipe acabou vindo a \u00f3bito no local.<\/span><\/p>\n<p style=\"text-align: justify;\"><span style=\"font-size: 14pt; font-family: arial, helvetica, sans-serif;\">Do Afogados Conectado<\/span><\/p>\n","protected":false},"excerpt":{"rendered":"<p>O Jovem Felipe Alves, de 27 anos, perdeu a vida ap&oacute;s ser v&iacute;tima de um acidente na noite desse s&aacute;bado (04), na Rodovia Estadual PE 329, entre o Distrito de Lagoa da Cruz, onde residia, e a cidade de Quixaba, no interior de Pernambuco. De acordo com informa&ccedil;&otilde;es, Felipe trafegava pela referida rodovia quando perdeu o controle da sua motocicleta j&aacute; nas proximidades da Lagoa da Cruz . Com o impacto da queda, Felipe acabou vindo a &oacute;bito no local. Do Afogados Conectado<\/p>\n","protected":false},"author":2,"featured_media":0,"comment_status":"open","ping_status":"open","sticky":false,"template":"","format":"standard","meta":{"footnotes":""},"categories":[26],"tags":[],"class_list":["post-42224","post","type-post","status-publish","format-standard","hentry","category-noticias"],"_links":{"self":[{"href":"https:\/\/blogdojuniorcavalcanti.com.br\/index.php\/wp-json\/wp\/v2\/posts\/42224","targetHints":{"allow":["GET"]}}],"collection":[{"href":"https:\/\/blogdojuniorcavalcanti.com.br\/index.php\/wp-json\/wp\/v2\/posts"}],"about":[{"href":"https:\/\/blogdojuniorcavalcanti.com.br\/index.php\/wp-json\/wp\/v2\/types\/post"}],"author":[{"embeddable":true,"href":"https:\/\/blogdojuniorcavalcanti.com.br\/index.php\/wp-json\/wp\/v2\/users\/2"}],"replies":[{"embeddable":true,"href":"https:\/\/blogdojuniorcavalcanti.com.br\/index.php\/wp-json\/wp\/v2\/comments?post=42224"}],"version-history":[{"count":1,"href":"https:\/\/blogdojuniorcavalcanti.com.br\/index.php\/wp-json\/wp\/v2\/posts\/42224\/revisions"}],"predecessor-version":[{"id":42225,"href":"https:\/\/blogdojuniorcavalcanti.com.br\/index.php\/wp-json\/wp\/v2\/posts\/42224\/revisions\/42225"}],"wp:attachment":[{"href":"https:\/\/blogdojuniorcavalcanti.com.br\/index.php\/wp-json\/wp\/v2\/media?parent=42224"}],"wp:term":[{"taxonomy":"category","embeddable":true,"href":"https:\/\/blogdojuniorcavalcanti.com.br\/index.php\/wp-json\/wp\/v2\/categories?post=42224"},{"taxonomy":"post_tag","embeddable":true,"href":"https:\/\/blogdojuniorcavalcanti.com.br\/index.php\/wp-json\/wp\/v2\/tags?post=42224"}],"curies":[{"name":"wp","href":"https:\/\/api.w.org\/{rel}","templated":true}]}}