{"id":4228,"date":"2019-04-30T18:30:26","date_gmt":"2019-04-30T21:30:26","guid":{"rendered":"http:\/\/blogdojuniorcavalcanti.com.br\/?p=4228"},"modified":"2019-04-30T18:30:26","modified_gmt":"2019-04-30T21:30:26","slug":"dengue-zika-e-chikungunya-ameacam-cidades-no-pajeu","status":"publish","type":"post","link":"https:\/\/blogdojuniorcavalcanti.com.br\/index.php\/2019\/04\/30\/dengue-zika-e-chikungunya-ameacam-cidades-no-pajeu\/","title":{"rendered":"Dengue, Zika e Chikungunya amea\u00e7am cidades no Paje\u00fa"},"content":{"rendered":"<p style=\"text-align: justify;\"><span style=\"font-size: 14pt;\"><em><strong><img fetchpriority=\"high\" decoding=\"async\" class=\"alignleft size-medium wp-image-149162\" src=\"https:\/\/i1.wp.com\/nilljunior.com.br\/wp-content\/uploads\/2019\/04\/1000316-aedes_0799.jpg?resize=300%2C200\" sizes=\"(max-width: 300px) 100vw, 300px\" srcset=\"https:\/\/i1.wp.com\/nilljunior.com.br\/wp-content\/uploads\/2019\/04\/1000316-aedes_0799.jpg?resize=300%2C200 300w, https:\/\/i1.wp.com\/nilljunior.com.br\/wp-content\/uploads\/2019\/04\/1000316-aedes_0799.jpg?resize=150%2C100 150w, https:\/\/i1.wp.com\/nilljunior.com.br\/wp-content\/uploads\/2019\/04\/1000316-aedes_0799.jpg?resize=768%2C512 768w, https:\/\/i1.wp.com\/nilljunior.com.br\/wp-content\/uploads\/2019\/04\/1000316-aedes_0799.jpg?resize=600%2C400 600w, https:\/\/i1.wp.com\/nilljunior.com.br\/wp-content\/uploads\/2019\/04\/1000316-aedes_0799.jpg?w=1140 1140w\" alt=\"\" width=\"300\" height=\"200\" data-attachment-id=\"149162\" data-permalink=\"http:\/\/nilljunior.com.br\/dengue-zika-e-chikungunya-ameacam-cidades-no-pajeu\/1000316-aedes_0799\/\" data-orig-file=\"https:\/\/i1.wp.com\/nilljunior.com.br\/wp-content\/uploads\/2019\/04\/1000316-aedes_0799.jpg?fit=1140%2C760\" data-orig-size=\"1140,760\" data-comments-opened=\"1\" data-image-meta=\"{&quot;aperture&quot;:&quot;1.8&quot;,&quot;credit&quot;:&quot;Marcelo Camargo\\\/Ag\\u00eancia Brasil&quot;,&quot;camera&quot;:&quot;NIKON D4&quot;,&quot;caption&quot;:&quot;Bras\\u00edlia - Agentes de combate distribuem panfletos e conscientizam moradores de Brazl\\u00e2ndia no Dia de Mobiliza\\u00e7\\u00e3o Nacional contra o Mosquito Aedes aegypti, transmissor da dengue, chikungunya e do v\\u00edrus Zika (Marcelo Camargo\\\/Ag\\u00eancia Brasil)&quot;,&quot;created_timestamp&quot;:&quot;1455356507&quot;,&quot;copyright&quot;:&quot;Agencia Brasil&quot;,&quot;focal_length&quot;:&quot;35&quot;,&quot;iso&quot;:&quot;320&quot;,&quot;shutter_speed&quot;:&quot;0.000625&quot;,&quot;title&quot;:&quot;&quot;,&quot;orientation&quot;:&quot;0&quot;}\" data-image-title=\"1000316-aedes_0799\" data-image-description=\"\" data-medium-file=\"https:\/\/i1.wp.com\/nilljunior.com.br\/wp-content\/uploads\/2019\/04\/1000316-aedes_0799.jpg?fit=300%2C200\" data-large-file=\"https:\/\/i1.wp.com\/nilljunior.com.br\/wp-content\/uploads\/2019\/04\/1000316-aedes_0799.jpg?fit=600%2C400\" \/><span style=\"font-family: arial, helvetica, sans-serif;\">Na regi\u00e3o, apenas Flores escapa<\/span><\/strong><\/em><\/span><\/p>\n<p style=\"text-align: justify;\"><span style=\"font-size: 14pt; font-family: arial, helvetica, sans-serif;\">Ag\u00eancia Brasil<\/span><\/p>\n<p style=\"text-align: justify;\"><span style=\"font-size: 14pt; font-family: arial, helvetica, sans-serif;\">Novecentos e noventa e quatro munic\u00edpios brasileiros apresentam alto \u00edndice de infesta\u00e7\u00e3o pelo mosquito Aedes aegypti e podem registrar surtos de dengue, zika e chikungunya.<\/span><\/p>\n<p style=\"text-align: justify;\"><span style=\"font-size: 14pt; font-family: arial, helvetica, sans-serif;\">Na regi\u00e3o do Paje\u00fa, sete munic\u00edpios est\u00e3o em estado de risco, nove em alerta e apenas Flores em situa\u00e7\u00e3o satisfat\u00f3ria.<\/span><\/p>\n<p style=\"text-align: justify;\"><span style=\"font-size: 14pt; font-family: arial, helvetica, sans-serif;\">O n\u00famero, de acordo com informa\u00e7\u00f5es do Minist\u00e9rio da Sa\u00fade, representa 20% das 5.214 cidades que realizaram algum tipo de estudo que classifica o risco do aumento de doen\u00e7as causadas pelo vetor.<\/span><\/p>\n<p style=\"text-align: justify;\"><span style=\"font-size: 14pt; font-family: arial, helvetica, sans-serif;\">O primeiro Levantamento R\u00e1pido de \u00cdndices de Infesta\u00e7\u00e3o pelo Aedes aegypti (LIRAa) de 2019 revela que a incid\u00eancia de casos de dengue no pa\u00eds entre janeiro e mar\u00e7o subiu 339,9% em rela\u00e7\u00e3o ao mesmo per\u00edodo de 2018.<\/span><\/p>\n<p style=\"text-align: justify;\"><span style=\"font-size: 14pt; font-family: arial, helvetica, sans-serif;\">Al\u00e9m da situa\u00e7\u00e3o de risco, o estudo identificou 2.160 munic\u00edpios em situa\u00e7\u00e3o de alerta e 1.804 com \u00edndices considerados satisfat\u00f3rios.<\/span><\/p>\n<p style=\"text-align: justify;\"><span style=\"font-size: 14pt; font-family: arial, helvetica, sans-serif;\">O minist\u00e9rio alertou nesta ter\u00e7a-feira (30), em Bras\u00edlia, para a necessidade de fortalecer a\u00e7\u00f5es de combate ao mosquito, mas avaliou que, mesmo com o aumento de casos de dengue, a taxa de incid\u00eancia est\u00e1 dentro do esperado para o per\u00edodo e o pa\u00eds n\u00e3o est\u00e1 em situa\u00e7\u00e3o de epidemia. O Minist\u00e9rio da Sa\u00fade admite, entretanto, que podem haver epidemias localizadas de dengue em alguns munic\u00edpios.<\/span><\/p>\n<p style=\"text-align: justify;\"><span style=\"font-size: 14pt; font-family: arial, helvetica, sans-serif;\">No Paje\u00fa, est\u00e3o\u00a0<strong>em risco<\/strong>\u00a0 Afogados da Ingazeira, Brejinho, Calumbi, Carna\u00edba, Santa Cruz da Baixa Verde, Serra Talhada e Tabira.\u00a0<strong>Em alerta<\/strong>\u00a0 Iguaraci, Ingazeira, Itapetim, Quixaba, Santa Terezinha, S\u00e3o Jos\u00e9 do Egito, Solid\u00e3o, Triunfo e Tuparetama. Em\u00a0<strong>situa\u00e7\u00e3o satisfat\u00f3ria<\/strong>, apenas Flores.<\/span><\/p>\n","protected":false},"excerpt":{"rendered":"<p>Na regi&atilde;o, apenas Flores escapa Ag&ecirc;ncia Brasil Novecentos e noventa e quatro munic&iacute;pios brasileiros apresentam alto &iacute;ndice de infesta&ccedil;&atilde;o pelo mosquito Aedes aegypti e podem registrar surtos de dengue, zika e chikungunya. Na regi&atilde;o do Paje&uacute;, sete munic&iacute;pios est&atilde;o em estado de risco, nove em alerta e apenas Flores em situa&ccedil;&atilde;o satisfat&oacute;ria. O n&uacute;mero, de acordo com informa&ccedil;&otilde;es do Minist&eacute;rio da Sa&uacute;de, representa 20% das 5.214 cidades que realizaram algum tipo de estudo que classifica o risco do aumento de doen&ccedil;as causadas pelo vetor. O primeiro Levantamento R&aacute;pido de &Iacute;ndices de Infesta&ccedil;&atilde;o pelo Aedes aegypti (LIRAa) de 2019 revela que &#8230; <\/p>\n<p class=\"read-more-container\"><a title=\"Dengue, Zika e Chikungunya amea\u00e7am cidades no Paje\u00fa\" class=\"read-more button\" href=\"https:\/\/blogdojuniorcavalcanti.com.br\/index.php\/2019\/04\/30\/dengue-zika-e-chikungunya-ameacam-cidades-no-pajeu\/#more-4228\" aria-label=\"More on Dengue, Zika e Chikungunya amea\u00e7am cidades no Paje\u00fa\">Leia mais<\/a><\/p>\n","protected":false},"author":2,"featured_media":0,"comment_status":"open","ping_status":"open","sticky":false,"template":"","format":"standard","meta":{"footnotes":""},"categories":[1],"tags":[],"class_list":["post-4228","post","type-post","status-publish","format-standard","hentry","category-sem-categoria"],"_links":{"self":[{"href":"https:\/\/blogdojuniorcavalcanti.com.br\/index.php\/wp-json\/wp\/v2\/posts\/4228","targetHints":{"allow":["GET"]}}],"collection":[{"href":"https:\/\/blogdojuniorcavalcanti.com.br\/index.php\/wp-json\/wp\/v2\/posts"}],"about":[{"href":"https:\/\/blogdojuniorcavalcanti.com.br\/index.php\/wp-json\/wp\/v2\/types\/post"}],"author":[{"embeddable":true,"href":"https:\/\/blogdojuniorcavalcanti.com.br\/index.php\/wp-json\/wp\/v2\/users\/2"}],"replies":[{"embeddable":true,"href":"https:\/\/blogdojuniorcavalcanti.com.br\/index.php\/wp-json\/wp\/v2\/comments?post=4228"}],"version-history":[{"count":1,"href":"https:\/\/blogdojuniorcavalcanti.com.br\/index.php\/wp-json\/wp\/v2\/posts\/4228\/revisions"}],"predecessor-version":[{"id":4229,"href":"https:\/\/blogdojuniorcavalcanti.com.br\/index.php\/wp-json\/wp\/v2\/posts\/4228\/revisions\/4229"}],"wp:attachment":[{"href":"https:\/\/blogdojuniorcavalcanti.com.br\/index.php\/wp-json\/wp\/v2\/media?parent=4228"}],"wp:term":[{"taxonomy":"category","embeddable":true,"href":"https:\/\/blogdojuniorcavalcanti.com.br\/index.php\/wp-json\/wp\/v2\/categories?post=4228"},{"taxonomy":"post_tag","embeddable":true,"href":"https:\/\/blogdojuniorcavalcanti.com.br\/index.php\/wp-json\/wp\/v2\/tags?post=4228"}],"curies":[{"name":"wp","href":"https:\/\/api.w.org\/{rel}","templated":true}]}}