{"id":42297,"date":"2025-04-09T08:50:11","date_gmt":"2025-04-09T11:50:11","guid":{"rendered":"https:\/\/blogdojuniorcavalcanti.com.br\/?p=42297"},"modified":"2025-04-09T08:50:11","modified_gmt":"2025-04-09T11:50:11","slug":"prefeitura-de-iguaracy-abre-jogos-escolares-2025","status":"publish","type":"post","link":"https:\/\/blogdojuniorcavalcanti.com.br\/index.php\/2025\/04\/09\/prefeitura-de-iguaracy-abre-jogos-escolares-2025\/","title":{"rendered":"Prefeitura de Iguaracy abre Jogos Escolares 2025"},"content":{"rendered":"<p style=\"text-align: justify;\"><span style=\"font-size: 14pt;\"><img fetchpriority=\"high\" decoding=\"async\" class=\"alignleft wp-image-303175 jetpack-lazy-image jetpack-lazy-image--handled\" src=\"https:\/\/i2.wp.com\/nilljunior.com.br\/wp-content\/uploads\/2025\/04\/pedro-alves-08-04-25.jpeg?resize=400%2C300&amp;ssl=1\" sizes=\"(max-width: 400px) 100vw, 400px\" srcset=\"https:\/\/i2.wp.com\/nilljunior.com.br\/wp-content\/uploads\/2025\/04\/pedro-alves-08-04-25.jpeg?w=4032&amp;ssl=1 4032w, https:\/\/i2.wp.com\/nilljunior.com.br\/wp-content\/uploads\/2025\/04\/pedro-alves-08-04-25.jpeg?resize=300%2C225&amp;ssl=1 300w, https:\/\/i2.wp.com\/nilljunior.com.br\/wp-content\/uploads\/2025\/04\/pedro-alves-08-04-25.jpeg?resize=768%2C576&amp;ssl=1 768w, https:\/\/i2.wp.com\/nilljunior.com.br\/wp-content\/uploads\/2025\/04\/pedro-alves-08-04-25.jpeg?resize=533%2C400&amp;ssl=1 533w, https:\/\/i2.wp.com\/nilljunior.com.br\/wp-content\/uploads\/2025\/04\/pedro-alves-08-04-25.jpeg?w=2000&amp;ssl=1 2000w, https:\/\/i2.wp.com\/nilljunior.com.br\/wp-content\/uploads\/2025\/04\/pedro-alves-08-04-25.jpeg?w=3000&amp;ssl=1 3000w\" alt=\"\" width=\"400\" height=\"300\" data-attachment-id=\"303175\" data-permalink=\"https:\/\/nilljunior.com.br\/prefeitura-de-iguaracy-abre-jogos-escolares-2025\/pedro-alves-08-04-25\/\" data-orig-file=\"https:\/\/i2.wp.com\/nilljunior.com.br\/wp-content\/uploads\/2025\/04\/pedro-alves-08-04-25.jpeg?fit=4032%2C3024&amp;ssl=1\" data-orig-size=\"4032,3024\" data-comments-opened=\"1\" data-image-meta=\"{&quot;aperture&quot;:&quot;0&quot;,&quot;credit&quot;:&quot;&quot;,&quot;camera&quot;:&quot;&quot;,&quot;caption&quot;:&quot;&quot;,&quot;created_timestamp&quot;:&quot;0&quot;,&quot;copyright&quot;:&quot;&quot;,&quot;focal_length&quot;:&quot;0&quot;,&quot;iso&quot;:&quot;0&quot;,&quot;shutter_speed&quot;:&quot;0&quot;,&quot;title&quot;:&quot;&quot;,&quot;orientation&quot;:&quot;0&quot;}\" data-image-title=\"pedro-alves-08-04-25\" data-image-description=\"\" data-medium-file=\"https:\/\/i2.wp.com\/nilljunior.com.br\/wp-content\/uploads\/2025\/04\/pedro-alves-08-04-25.jpeg?fit=300%2C225&amp;ssl=1\" data-large-file=\"https:\/\/i2.wp.com\/nilljunior.com.br\/wp-content\/uploads\/2025\/04\/pedro-alves-08-04-25.jpeg?fit=533%2C400&amp;ssl=1\" data-recalc-dims=\"1\" data-lazy-loaded=\"1\" \/><span style=\"font-family: arial, helvetica, sans-serif;\">O munic\u00edpio de Iguaracy vivenciou, na tarde desta ter\u00e7a-feira (8), a abertura oficial da edi\u00e7\u00e3o 2025 dos Jogos Escolares \u2013 Fase Municipal, em um evento que reuniu autoridades, educadores, estudantes, servidores e um grande p\u00fablico na celebra\u00e7\u00e3o do esporte e da educa\u00e7\u00e3o como ferramentas de transforma\u00e7\u00e3o social.<\/span><\/span><\/p>\n<p style=\"text-align: justify;\"><span style=\"font-size: 14pt; font-family: arial, helvetica, sans-serif;\">A cerim\u00f4nia contou com a presen\u00e7a do prefeito Dr. Pedro Alves, acompanhado do vice-prefeito Marcos Melo, que tamb\u00e9m responde pela Secretaria de Administra\u00e7\u00e3o e Desenvolvimento Econ\u00f4mico. Estiveram presentes ainda a secret\u00e1ria de Educa\u00e7\u00e3o e Esportes, Rita de C\u00e1ssia, e o diretor de Esportes, Matheus Veras, respons\u00e1veis pela coordena\u00e7\u00e3o dos jogos no munic\u00edpio.<\/span><\/p>\n<p style=\"text-align: justify;\"><span style=\"font-size: 14pt; font-family: arial, helvetica, sans-serif;\">Diversos secret\u00e1rios municipais prestigiaram a abertura: F\u00e1bio Torres (Via\u00e7\u00e3o, Obras e Servi\u00e7os P\u00fablicos), Helena Alves (Finan\u00e7as), Juliany Rabelo (Assist\u00eancia Social), Joaudeni Cavalcante (Sa\u00fade) e Maria Alves (Adjunta de Sa\u00fade), al\u00e9m de v\u00e1rios integrantes da equipe de governo foram presen\u00e7a, conselheiros tutelares e a procuradora do munic\u00edpio, Sinara Maranh\u00e3o, refor\u00e7ando o apoio institucional ao evento. Todas as secretarias municipais de governo estiveram envolvidas de forma integrada, garantindo o suporte necess\u00e1rio \u00e0 realiza\u00e7\u00e3o da programa\u00e7\u00e3o dos jogos.<\/span><\/p>\n<p style=\"text-align: justify;\"><span style=\"font-size: 14pt; font-family: arial, helvetica, sans-serif;\">A participa\u00e7\u00e3o ativa das dire\u00e7\u00f5es escolares, professores e alunos foi um dos destaques do evento. Representantes das escolas EREM Joaquim Alves de Freitas, EREF Dr. Diomedes Gomes Lopes, EREF Professora Judite Bezerra, EREM Professora Rosete Bezerra de Souza e Escola Municipal S\u00e3o Vicente (Caatingueira) marcaram presen\u00e7a com entusiasmo, celebrando a valoriza\u00e7\u00e3o do esporte no ambiente.<\/span><\/p>\n<p style=\"text-align: justify;\"><span style=\"font-size: 14pt; font-family: arial, helvetica, sans-serif;\">A cerim\u00f4nia contou ainda com a presen\u00e7a do presidente da C\u00e2mara de Vereadores, Everaldo Pereira, e dos vereadores Jos\u00e9 Alex, Bruna Torres, Amaury de Oliveira e R\u00f4mulo Henrique, que refor\u00e7aram o apoio do Legislativo \u00e0s iniciativas voltadas \u00e0 juventude. Representando a Ger\u00eancia Regional de Educa\u00e7\u00e3o (GRE), M\u00f4nica Marques parabenizou o munic\u00edpio pela organiza\u00e7\u00e3o e o envolvimento das escolas.<\/span><\/p>\n<p style=\"text-align: justify;\"><span style=\"font-size: 14pt; font-family: arial, helvetica, sans-serif;\">Durante seu pronunciamento, o prefeito Dr. Pedro Alves destacou a import\u00e2ncia do momento:<\/span><\/p>\n<p style=\"text-align: justify;\"><span style=\"font-size: 14pt; font-family: arial, helvetica, sans-serif;\">\u201cOs Jogos Escolares representam muito mais do que uma competi\u00e7\u00e3o esportiva. Eles simbolizam uni\u00e3o, supera\u00e7\u00e3o, esp\u00edrito de equipe e, acima de tudo, o investimento que fazemos no presente e no futuro dos nossos jovens. \u00c9 com alegria que vemos esse grande envolvimento de toda a rede escolar e das secretarias.\u201d<\/span><\/p>\n<p style=\"text-align: justify;\"><span style=\"font-size: 14pt; font-family: arial, helvetica, sans-serif;\">\u201cOs Jogos Escolares de Iguaracy 2025 t\u00eam como objetivo promover o esp\u00edrito esportivo, a inclus\u00e3o e o fortalecimento dos v\u00ednculos entre os estudantes da rede municipal e estadual. As competi\u00e7\u00f5es seguem nos pr\u00f3ximos dias, com diversas modalidades em disputa e classificat\u00f3rias para as etapas regional e estadual\u201d, destacou a assessoria de comunica\u00e7\u00e3o.<\/span><\/p>\n","protected":false},"excerpt":{"rendered":"<p>O munic&iacute;pio de Iguaracy vivenciou, na tarde desta ter&ccedil;a-feira (8), a abertura oficial da edi&ccedil;&atilde;o 2025 dos Jogos Escolares &ndash; Fase Municipal, em um evento que reuniu autoridades, educadores, estudantes, servidores e um grande p&uacute;blico na celebra&ccedil;&atilde;o do esporte e da educa&ccedil;&atilde;o como ferramentas de transforma&ccedil;&atilde;o social. A cerim&ocirc;nia contou com a presen&ccedil;a do prefeito Dr. Pedro Alves, acompanhado do vice-prefeito Marcos Melo, que tamb&eacute;m responde pela Secretaria de Administra&ccedil;&atilde;o e Desenvolvimento Econ&ocirc;mico. Estiveram presentes ainda a secret&aacute;ria de Educa&ccedil;&atilde;o e Esportes, Rita de C&aacute;ssia, e o diretor de Esportes, Matheus Veras, respons&aacute;veis pela coordena&ccedil;&atilde;o dos jogos no munic&iacute;pio. Diversos &#8230; <\/p>\n<p class=\"read-more-container\"><a title=\"Prefeitura de Iguaracy abre Jogos Escolares 2025\" class=\"read-more button\" href=\"https:\/\/blogdojuniorcavalcanti.com.br\/index.php\/2025\/04\/09\/prefeitura-de-iguaracy-abre-jogos-escolares-2025\/#more-42297\" aria-label=\"More on Prefeitura de Iguaracy abre Jogos Escolares 2025\">Leia mais<\/a><\/p>\n","protected":false},"author":2,"featured_media":0,"comment_status":"open","ping_status":"open","sticky":false,"template":"","format":"standard","meta":{"footnotes":""},"categories":[26],"tags":[],"class_list":["post-42297","post","type-post","status-publish","format-standard","hentry","category-noticias"],"_links":{"self":[{"href":"https:\/\/blogdojuniorcavalcanti.com.br\/index.php\/wp-json\/wp\/v2\/posts\/42297","targetHints":{"allow":["GET"]}}],"collection":[{"href":"https:\/\/blogdojuniorcavalcanti.com.br\/index.php\/wp-json\/wp\/v2\/posts"}],"about":[{"href":"https:\/\/blogdojuniorcavalcanti.com.br\/index.php\/wp-json\/wp\/v2\/types\/post"}],"author":[{"embeddable":true,"href":"https:\/\/blogdojuniorcavalcanti.com.br\/index.php\/wp-json\/wp\/v2\/users\/2"}],"replies":[{"embeddable":true,"href":"https:\/\/blogdojuniorcavalcanti.com.br\/index.php\/wp-json\/wp\/v2\/comments?post=42297"}],"version-history":[{"count":1,"href":"https:\/\/blogdojuniorcavalcanti.com.br\/index.php\/wp-json\/wp\/v2\/posts\/42297\/revisions"}],"predecessor-version":[{"id":42298,"href":"https:\/\/blogdojuniorcavalcanti.com.br\/index.php\/wp-json\/wp\/v2\/posts\/42297\/revisions\/42298"}],"wp:attachment":[{"href":"https:\/\/blogdojuniorcavalcanti.com.br\/index.php\/wp-json\/wp\/v2\/media?parent=42297"}],"wp:term":[{"taxonomy":"category","embeddable":true,"href":"https:\/\/blogdojuniorcavalcanti.com.br\/index.php\/wp-json\/wp\/v2\/categories?post=42297"},{"taxonomy":"post_tag","embeddable":true,"href":"https:\/\/blogdojuniorcavalcanti.com.br\/index.php\/wp-json\/wp\/v2\/tags?post=42297"}],"curies":[{"name":"wp","href":"https:\/\/api.w.org\/{rel}","templated":true}]}}