{"id":42374,"date":"2025-04-11T17:10:31","date_gmt":"2025-04-11T20:10:31","guid":{"rendered":"https:\/\/blogdojuniorcavalcanti.com.br\/?p=42374"},"modified":"2025-04-11T17:10:31","modified_gmt":"2025-04-11T20:10:31","slug":"justica-decide-que-acusado-de-esfaquear-angelo-ferreira-vai-a-juri-popular","status":"publish","type":"post","link":"https:\/\/blogdojuniorcavalcanti.com.br\/index.php\/2025\/04\/11\/justica-decide-que-acusado-de-esfaquear-angelo-ferreira-vai-a-juri-popular\/","title":{"rendered":"Justi\u00e7a decide que acusado de esfaquear \u00c2ngelo Ferreira vai a j\u00fari popular"},"content":{"rendered":"<p style=\"text-align: justify;\"><span style=\"font-size: 14pt;\"><img fetchpriority=\"high\" decoding=\"async\" class=\"alignleft wp-image-303318 jetpack-lazy-image jetpack-lazy-image--handled\" src=\"https:\/\/i0.wp.com\/nilljunior.com.br\/wp-content\/uploads\/2025\/04\/Screenshot_20250411_090042_Chrome.jpg?resize=400%2C318&amp;ssl=1\" sizes=\"(max-width: 400px) 100vw, 400px\" srcset=\"https:\/\/i0.wp.com\/nilljunior.com.br\/wp-content\/uploads\/2025\/04\/Screenshot_20250411_090042_Chrome.jpg?w=922&amp;ssl=1 922w, https:\/\/i0.wp.com\/nilljunior.com.br\/wp-content\/uploads\/2025\/04\/Screenshot_20250411_090042_Chrome.jpg?resize=300%2C239&amp;ssl=1 300w, https:\/\/i0.wp.com\/nilljunior.com.br\/wp-content\/uploads\/2025\/04\/Screenshot_20250411_090042_Chrome.jpg?resize=768%2C611&amp;ssl=1 768w, https:\/\/i0.wp.com\/nilljunior.com.br\/wp-content\/uploads\/2025\/04\/Screenshot_20250411_090042_Chrome.jpg?resize=503%2C400&amp;ssl=1 503w\" alt=\"\" width=\"400\" height=\"318\" data-attachment-id=\"303318\" data-permalink=\"https:\/\/nilljunior.com.br\/justica-decide-que-acusado-de-esfaquear-angelo-ferreira-vai-a-juri-popular\/screenshot_20250411_090042_chrome\/\" data-orig-file=\"https:\/\/i0.wp.com\/nilljunior.com.br\/wp-content\/uploads\/2025\/04\/Screenshot_20250411_090042_Chrome.jpg?fit=922%2C733&amp;ssl=1\" data-orig-size=\"922,733\" data-comments-opened=\"1\" data-image-meta=\"{&quot;aperture&quot;:&quot;0&quot;,&quot;credit&quot;:&quot;&quot;,&quot;camera&quot;:&quot;&quot;,&quot;caption&quot;:&quot;&quot;,&quot;created_timestamp&quot;:&quot;0&quot;,&quot;copyright&quot;:&quot;&quot;,&quot;focal_length&quot;:&quot;0&quot;,&quot;iso&quot;:&quot;0&quot;,&quot;shutter_speed&quot;:&quot;0&quot;,&quot;title&quot;:&quot;&quot;,&quot;orientation&quot;:&quot;1&quot;}\" data-image-title=\"Screenshot_20250411_090042_Chrome\" data-image-description=\"\" data-medium-file=\"https:\/\/i0.wp.com\/nilljunior.com.br\/wp-content\/uploads\/2025\/04\/Screenshot_20250411_090042_Chrome.jpg?fit=300%2C239&amp;ssl=1\" data-large-file=\"https:\/\/i0.wp.com\/nilljunior.com.br\/wp-content\/uploads\/2025\/04\/Screenshot_20250411_090042_Chrome.jpg?fit=503%2C400&amp;ssl=1\" data-recalc-dims=\"1\" data-lazy-loaded=\"1\" \/><span style=\"font-family: arial, helvetica, sans-serif;\">O Juiz de Direito da Comarca de Sert\u00e2nia, Gustavo Silva Hora, apresentou a senten\u00e7a de pron\u00fancia em rela\u00e7\u00e3o a den\u00fancia oferecida pelo Minist\u00e9rio P\u00fablico do Estado de Pernambuco contra Nelson Aleixo de Ara\u00fajo, acusado de esfaquear, em no dia 29 de agosto de 2024, o ent\u00e3o prefeito de Sert\u00e2nia, \u00c2ngelo Ferreira.<\/span><\/span><\/p>\n<p style=\"text-align: justify;\"><span style=\"font-size: 14pt; font-family: arial, helvetica, sans-serif;\">De acordo com a decis\u00e3o judicial, Nelson Aleixo vai \u00e0 j\u00fari popular, ainda se data definida. Na mesma senten\u00e7a, o Juiz acatou a den\u00fancia do Minist\u00e9rio p\u00fablico e pronunciou o acusado pela pr\u00e1tica do crime previsto no art. 121, \u00a72\u00ba, incisos I e IV, c\/c o art. 14, II, ou seja, tentativa de homic\u00eddio, por motivo torpe, \u00e0 trai\u00e7\u00e3o, de emboscada, tornando imposs\u00edvel a defesa do ofendido.<\/span><\/p>\n<p style=\"text-align: justify;\"><span style=\"font-size: 14pt; font-family: arial, helvetica, sans-serif;\">De acordo com a pron\u00fancia, os elementos de prova colhidos nos autos apresentam ind\u00edcios suficientes de autoria em rela\u00e7\u00e3o ao acusado que, inclusive, confessou ter desferido o golpe de faca contra a v\u00edtima.<\/span><\/p>\n<p style=\"text-align: justify;\"><span style=\"font-size: 14pt; font-family: arial, helvetica, sans-serif;\">Nelson Aleixo, est\u00e1 aguardando a tramita\u00e7\u00e3o do processo em pris\u00e3o domiciliar em raz\u00e3o de apresentar problemas de sa\u00fade cujo tratamento n\u00e3o \u00e9 realizado de forma regular no \u00e2mbito do sistema prisional do Estado, por este motivo o judici\u00e1rio converteu a pris\u00e3o preventiva do acusado em pris\u00e3o domiciliar, mediante o cumprimento das seguintes medidas cautelares cumulativas: comparecer a todos os atos do processo, sempre que intimado; n\u00e3o mudar de resid\u00eancia sem pr\u00e9via autoriza\u00e7\u00e3o da justi\u00e7a,; enviar trimestralmente ao ju\u00edzo declara\u00e7\u00f5es m\u00e9dicas da continuidade e o progresso do tratamento, declarando o estado de sa\u00fade do denunciado. Caso alguma medida seja descumprida, poder\u00e1 acarretar a cumula\u00e7\u00e3o de outras medidas ou mesmo a decreta\u00e7\u00e3o de pris\u00e3o preventiva do denunciado.<\/span><\/p>\n","protected":false},"excerpt":{"rendered":"<p>O Juiz de Direito da Comarca de Sert&acirc;nia, Gustavo Silva Hora, apresentou a senten&ccedil;a de pron&uacute;ncia em rela&ccedil;&atilde;o a den&uacute;ncia oferecida pelo Minist&eacute;rio P&uacute;blico do Estado de Pernambuco contra Nelson Aleixo de Ara&uacute;jo, acusado de esfaquear, em no dia 29 de agosto de 2024, o ent&atilde;o prefeito de Sert&acirc;nia, &Acirc;ngelo Ferreira. De acordo com a decis&atilde;o judicial, Nelson Aleixo vai &agrave; j&uacute;ri popular, ainda se data definida. Na mesma senten&ccedil;a, o Juiz acatou a den&uacute;ncia do Minist&eacute;rio p&uacute;blico e pronunciou o acusado pela pr&aacute;tica do crime previsto no art. 121, &sect;2&ordm;, incisos I e IV, c\/c o art. 14, II, &#8230; <\/p>\n<p class=\"read-more-container\"><a title=\"Justi\u00e7a decide que acusado de esfaquear \u00c2ngelo Ferreira vai a j\u00fari popular\" class=\"read-more button\" href=\"https:\/\/blogdojuniorcavalcanti.com.br\/index.php\/2025\/04\/11\/justica-decide-que-acusado-de-esfaquear-angelo-ferreira-vai-a-juri-popular\/#more-42374\" aria-label=\"More on Justi\u00e7a decide que acusado de esfaquear \u00c2ngelo Ferreira vai a j\u00fari popular\">Leia mais<\/a><\/p>\n","protected":false},"author":2,"featured_media":0,"comment_status":"open","ping_status":"open","sticky":false,"template":"","format":"standard","meta":{"footnotes":""},"categories":[26],"tags":[],"class_list":["post-42374","post","type-post","status-publish","format-standard","hentry","category-noticias"],"_links":{"self":[{"href":"https:\/\/blogdojuniorcavalcanti.com.br\/index.php\/wp-json\/wp\/v2\/posts\/42374","targetHints":{"allow":["GET"]}}],"collection":[{"href":"https:\/\/blogdojuniorcavalcanti.com.br\/index.php\/wp-json\/wp\/v2\/posts"}],"about":[{"href":"https:\/\/blogdojuniorcavalcanti.com.br\/index.php\/wp-json\/wp\/v2\/types\/post"}],"author":[{"embeddable":true,"href":"https:\/\/blogdojuniorcavalcanti.com.br\/index.php\/wp-json\/wp\/v2\/users\/2"}],"replies":[{"embeddable":true,"href":"https:\/\/blogdojuniorcavalcanti.com.br\/index.php\/wp-json\/wp\/v2\/comments?post=42374"}],"version-history":[{"count":1,"href":"https:\/\/blogdojuniorcavalcanti.com.br\/index.php\/wp-json\/wp\/v2\/posts\/42374\/revisions"}],"predecessor-version":[{"id":42375,"href":"https:\/\/blogdojuniorcavalcanti.com.br\/index.php\/wp-json\/wp\/v2\/posts\/42374\/revisions\/42375"}],"wp:attachment":[{"href":"https:\/\/blogdojuniorcavalcanti.com.br\/index.php\/wp-json\/wp\/v2\/media?parent=42374"}],"wp:term":[{"taxonomy":"category","embeddable":true,"href":"https:\/\/blogdojuniorcavalcanti.com.br\/index.php\/wp-json\/wp\/v2\/categories?post=42374"},{"taxonomy":"post_tag","embeddable":true,"href":"https:\/\/blogdojuniorcavalcanti.com.br\/index.php\/wp-json\/wp\/v2\/tags?post=42374"}],"curies":[{"name":"wp","href":"https:\/\/api.w.org\/{rel}","templated":true}]}}