{"id":4271,"date":"2019-05-07T14:35:33","date_gmt":"2019-05-07T17:35:33","guid":{"rendered":"http:\/\/blogdojuniorcavalcanti.com.br\/?p=4271"},"modified":"2019-05-07T14:35:33","modified_gmt":"2019-05-07T17:35:33","slug":"sebrae-realiza-empretec-no-sertao","status":"publish","type":"post","link":"https:\/\/blogdojuniorcavalcanti.com.br\/index.php\/2019\/05\/07\/sebrae-realiza-empretec-no-sertao\/","title":{"rendered":"Sebrae realiza Empretec no Sert\u00e3o"},"content":{"rendered":"<p class=\"x_MsoNormal\" style=\"text-align: justify;\"><span style=\"font-size: 14pt;\"><img fetchpriority=\"high\" decoding=\"async\" class=\"alignleft  wp-image-149571\" src=\"https:\/\/i1.wp.com\/nilljunior.com.br\/wp-content\/uploads\/2019\/05\/images.jpg?resize=300%2C200\" sizes=\"(max-width: 300px) 100vw, 300px\" srcset=\"https:\/\/i1.wp.com\/nilljunior.com.br\/wp-content\/uploads\/2019\/05\/images.jpg?w=275 275w, https:\/\/i1.wp.com\/nilljunior.com.br\/wp-content\/uploads\/2019\/05\/images.jpg?resize=150%2C100 150w\" alt=\"\" width=\"300\" height=\"200\" data-attachment-id=\"149571\" data-permalink=\"http:\/\/nilljunior.com.br\/sebrae-realiza-empretec-no-sertao\/images-154\/\" data-orig-file=\"https:\/\/i1.wp.com\/nilljunior.com.br\/wp-content\/uploads\/2019\/05\/images.jpg?fit=275%2C183\" data-orig-size=\"275,183\" data-comments-opened=\"1\" data-image-meta=\"{&quot;aperture&quot;:&quot;0&quot;,&quot;credit&quot;:&quot;&quot;,&quot;camera&quot;:&quot;&quot;,&quot;caption&quot;:&quot;&quot;,&quot;created_timestamp&quot;:&quot;0&quot;,&quot;copyright&quot;:&quot;&quot;,&quot;focal_length&quot;:&quot;0&quot;,&quot;iso&quot;:&quot;0&quot;,&quot;shutter_speed&quot;:&quot;0&quot;,&quot;title&quot;:&quot;&quot;,&quot;orientation&quot;:&quot;0&quot;}\" data-image-title=\"images\" data-image-description=\"\" data-medium-file=\"https:\/\/i1.wp.com\/nilljunior.com.br\/wp-content\/uploads\/2019\/05\/images.jpg?fit=275%2C183\" data-large-file=\"https:\/\/i1.wp.com\/nilljunior.com.br\/wp-content\/uploads\/2019\/05\/images.jpg?fit=275%2C183\" \/><span style=\"font-family: arial, helvetica, sans-serif;\">Com objetivo de estimular e desenvolver as caracter\u00edsticas individuais do empreendedor, de forma a propiciar sua competitividade e perman\u00eancia no mercado, a Unidade do Sebrae no Sert\u00e3o Central, Moxot\u00f3, Paje\u00fa e Itaparica, vai realizar o Empretec 2019.<u><\/u><u><\/u><\/span><\/span><\/p>\n<p class=\"x_MsoNormal\" style=\"text-align: justify;\"><span style=\"font-size: 14pt; font-family: arial, helvetica, sans-serif;\">Por meio de uma metodologia vivencial interativa, desenvolvida pela ONU, com jogos, exerc\u00edcios e debates, o participante ser\u00e1 motivado a promover mudan\u00e7as no seu comportamento, aperfei\u00e7oando suas habilidades de negocia\u00e7\u00e3o e de gest\u00e3o da empresa. Assim, adquire maior seguran\u00e7a nas decis\u00f5es, melhor planejamento e aumento das chances de sucesso do seu neg\u00f3cio.<u><\/u><u><\/u><\/span><\/p>\n<p class=\"x_MsoNormal\" style=\"text-align: justify;\"><span style=\"font-size: 14pt; font-family: arial, helvetica, sans-serif;\">Segundo a analista do Sebrae,\u00a0Unidade\u00a0em\u00a0Serra Talhada, Naidjanne Souza, ser\u00e3o discutidos dez temas durante o semin\u00e1rio. \u201cVamos abordar a busca de oportunidade e iniciativa, persist\u00eancia, correr riscos calculados, exig\u00eancia de qualidade e efici\u00eancia, comprometimento, busca de informa\u00e7\u00f5es, estabelecimento de metas, planejamento e monitoramento sistem\u00e1ticos, persuas\u00e3o e rede de contatos, al\u00e9m de independ\u00eancia e autoconfian\u00e7a\u201d, informa Naidjanne.<\/span><\/p>\n<div class=\"x_gmail-adL\">\n<div class=\"x_gmail-im\">\n<p class=\"x_MsoNormal\" style=\"text-align: justify;\"><span style=\"font-size: 14pt; font-family: arial, helvetica, sans-serif;\">Para participar do semin\u00e1rio os interessados dever\u00e3o passar por uma entrevista seletiva, que acontece entre os dias 07 e 10 de maio, com hora marcada. Ser\u00e3o oferecidas 35 vagas.<u><\/u><u><\/u>\u201cA entrevista \u00e9 a porta de entrada para o Semin\u00e1rio, que acontecer\u00e1 de 20 a 25 de maio, das 8h \u00e0s 18h\u201d, ressalta a analista, explicando o valor do investimento. \u201cPara participar desse evento, \u00e9 de seiscentos reais, podendo ser parcelado em at\u00e9 8 vezes no cart\u00e3o de cr\u00e9dito\u201d.\u00a0<u><\/u><u><\/u>Inscri\u00e7\u00f5es no Sebrae de Serra Talhada, Pra\u00e7a Bar\u00e3o do Paje\u00fa, n\u00ba 929. Maiores informa\u00e7\u00f5es pelo telefone (87) 3831-1552.<\/span><\/p>\n<\/div>\n<\/div>\n","protected":false},"excerpt":{"rendered":"<p>Com objetivo de estimular e desenvolver as caracter&iacute;sticas individuais do empreendedor, de forma a propiciar sua competitividade e perman&ecirc;ncia no mercado, a Unidade do Sebrae no Sert&atilde;o Central, Moxot&oacute;, Paje&uacute; e Itaparica, vai realizar o Empretec 2019. Por meio de uma metodologia vivencial interativa, desenvolvida pela ONU, com jogos, exerc&iacute;cios e debates, o participante ser&aacute; motivado a promover mudan&ccedil;as no seu comportamento, aperfei&ccedil;oando suas habilidades de negocia&ccedil;&atilde;o e de gest&atilde;o da empresa. Assim, adquire maior seguran&ccedil;a nas decis&otilde;es, melhor planejamento e aumento das chances de sucesso do seu neg&oacute;cio. Segundo a analista do Sebrae,&nbsp;Unidade&nbsp;em&nbsp;Serra Talhada, Naidjanne Souza, ser&atilde;o discutidos dez &#8230; <\/p>\n<p class=\"read-more-container\"><a title=\"Sebrae realiza Empretec no Sert\u00e3o\" class=\"read-more button\" href=\"https:\/\/blogdojuniorcavalcanti.com.br\/index.php\/2019\/05\/07\/sebrae-realiza-empretec-no-sertao\/#more-4271\" aria-label=\"More on Sebrae realiza Empretec no Sert\u00e3o\">Leia mais<\/a><\/p>\n","protected":false},"author":2,"featured_media":0,"comment_status":"open","ping_status":"open","sticky":false,"template":"","format":"standard","meta":{"footnotes":""},"categories":[1],"tags":[],"class_list":["post-4271","post","type-post","status-publish","format-standard","hentry","category-sem-categoria"],"_links":{"self":[{"href":"https:\/\/blogdojuniorcavalcanti.com.br\/index.php\/wp-json\/wp\/v2\/posts\/4271","targetHints":{"allow":["GET"]}}],"collection":[{"href":"https:\/\/blogdojuniorcavalcanti.com.br\/index.php\/wp-json\/wp\/v2\/posts"}],"about":[{"href":"https:\/\/blogdojuniorcavalcanti.com.br\/index.php\/wp-json\/wp\/v2\/types\/post"}],"author":[{"embeddable":true,"href":"https:\/\/blogdojuniorcavalcanti.com.br\/index.php\/wp-json\/wp\/v2\/users\/2"}],"replies":[{"embeddable":true,"href":"https:\/\/blogdojuniorcavalcanti.com.br\/index.php\/wp-json\/wp\/v2\/comments?post=4271"}],"version-history":[{"count":1,"href":"https:\/\/blogdojuniorcavalcanti.com.br\/index.php\/wp-json\/wp\/v2\/posts\/4271\/revisions"}],"predecessor-version":[{"id":4272,"href":"https:\/\/blogdojuniorcavalcanti.com.br\/index.php\/wp-json\/wp\/v2\/posts\/4271\/revisions\/4272"}],"wp:attachment":[{"href":"https:\/\/blogdojuniorcavalcanti.com.br\/index.php\/wp-json\/wp\/v2\/media?parent=4271"}],"wp:term":[{"taxonomy":"category","embeddable":true,"href":"https:\/\/blogdojuniorcavalcanti.com.br\/index.php\/wp-json\/wp\/v2\/categories?post=4271"},{"taxonomy":"post_tag","embeddable":true,"href":"https:\/\/blogdojuniorcavalcanti.com.br\/index.php\/wp-json\/wp\/v2\/tags?post=4271"}],"curies":[{"name":"wp","href":"https:\/\/api.w.org\/{rel}","templated":true}]}}