{"id":42847,"date":"2025-04-28T08:12:43","date_gmt":"2025-04-28T11:12:43","guid":{"rendered":"https:\/\/blogdojuniorcavalcanti.com.br\/?p=42847"},"modified":"2025-04-28T08:12:43","modified_gmt":"2025-04-28T11:12:43","slug":"andre-de-paula-diz-que-raquel-lyra-sera-reeleita-independentemente-do-adversario","status":"publish","type":"post","link":"https:\/\/blogdojuniorcavalcanti.com.br\/index.php\/2025\/04\/28\/andre-de-paula-diz-que-raquel-lyra-sera-reeleita-independentemente-do-adversario\/","title":{"rendered":"Andr\u00e9 de Paula diz que Raquel Lyra ser\u00e1 reeleita independentemente do advers\u00e1rio"},"content":{"rendered":"<p style=\"text-align: justify;\"><span style=\"font-size: 14pt;\"><img fetchpriority=\"high\" decoding=\"async\" class=\"alignleft wp-image-304343 jetpack-lazy-image jetpack-lazy-image--handled\" src=\"https:\/\/i1.wp.com\/nilljunior.com.br\/wp-content\/uploads\/2025\/04\/IMG_9817.jpeg?resize=400%2C402&amp;ssl=1\" sizes=\"(max-width: 400px) 100vw, 400px\" srcset=\"https:\/\/i1.wp.com\/nilljunior.com.br\/wp-content\/uploads\/2025\/04\/IMG_9817.jpeg?w=1170&amp;ssl=1 1170w, https:\/\/i1.wp.com\/nilljunior.com.br\/wp-content\/uploads\/2025\/04\/IMG_9817.jpeg?resize=249%2C250&amp;ssl=1 249w, https:\/\/i1.wp.com\/nilljunior.com.br\/wp-content\/uploads\/2025\/04\/IMG_9817.jpeg?resize=768%2C772&amp;ssl=1 768w, https:\/\/i1.wp.com\/nilljunior.com.br\/wp-content\/uploads\/2025\/04\/IMG_9817.jpeg?resize=398%2C400&amp;ssl=1 398w\" alt=\"\" width=\"400\" height=\"402\" data-attachment-id=\"304343\" data-permalink=\"https:\/\/nilljunior.com.br\/andre-de-paula-diz-que-raquel-lyra-sera-reeleita-independentemente-do-adversario\/img_9817\/\" data-orig-file=\"https:\/\/i1.wp.com\/nilljunior.com.br\/wp-content\/uploads\/2025\/04\/IMG_9817.jpeg?fit=1170%2C1176&amp;ssl=1\" data-orig-size=\"1170,1176\" data-comments-opened=\"1\" data-image-meta=\"{&quot;aperture&quot;:&quot;0&quot;,&quot;credit&quot;:&quot;&quot;,&quot;camera&quot;:&quot;&quot;,&quot;caption&quot;:&quot;&quot;,&quot;created_timestamp&quot;:&quot;0&quot;,&quot;copyright&quot;:&quot;&quot;,&quot;focal_length&quot;:&quot;0&quot;,&quot;iso&quot;:&quot;0&quot;,&quot;shutter_speed&quot;:&quot;0&quot;,&quot;title&quot;:&quot;&quot;,&quot;orientation&quot;:&quot;1&quot;}\" data-image-title=\"IMG_9817\" data-image-description=\"\" data-medium-file=\"https:\/\/i1.wp.com\/nilljunior.com.br\/wp-content\/uploads\/2025\/04\/IMG_9817.jpeg?fit=249%2C250&amp;ssl=1\" data-large-file=\"https:\/\/i1.wp.com\/nilljunior.com.br\/wp-content\/uploads\/2025\/04\/IMG_9817.jpeg?fit=398%2C400&amp;ssl=1\" data-recalc-dims=\"1\" data-lazy-loaded=\"1\" \/><span style=\"font-family: arial, helvetica, sans-serif;\">O ministro da Pesca e Aquicultura, Andr\u00e9 de Paula, afirmou neste domingo (27) que acredita na reelei\u00e7\u00e3o da governadora Raquel Lyra (PSD) em 2026, independentemente de quem seja seu advers\u00e1rio.<\/span><\/span><\/p>\n<p style=\"text-align: justify;\"><span style=\"font-size: 14pt; font-family: arial, helvetica, sans-serif;\">A declara\u00e7\u00e3o foi dada durante entrevista ao programa Ponto de Encontro, apresentado pelo jornalista Elielson Lima.<\/span><\/p>\n<p style=\"text-align: justify;\"><span style=\"font-size: 14pt; font-family: arial, helvetica, sans-serif;\">Questionado sobre a possibilidade do prefeito do Recife, Jo\u00e3o Campos (PSB), disputar o governo do Estado, Andr\u00e9 de Paula elogiou o gestor, mas refor\u00e7ou sua confian\u00e7a na vit\u00f3ria de Raquel.<\/span><\/p>\n<p style=\"text-align: justify;\"><span style=\"font-size: 14pt; font-family: arial, helvetica, sans-serif;\">\u201cO bom time n\u00e3o escolhe advers\u00e1rio. Ao contr\u00e1rio, eu advogo que a gente deva sempre enfrentar o advers\u00e1rio mais valoroso. E eu reconhe\u00e7o que o prefeito Jo\u00e3o Campos \u00e9 um jovem talentoso, de muito futuro, um belo advers\u00e1rio para enfrentar\u201d, disse.<\/span><\/p>\n<p style=\"text-align: justify;\"><span style=\"font-size: 14pt; font-family: arial, helvetica, sans-serif;\">O ministro destacou que a elei\u00e7\u00e3o ser\u00e1 decidida com base na avalia\u00e7\u00e3o da gest\u00e3o de Raquel Lyra. \u201cEu n\u00e3o tenho nenhuma d\u00favida de que ele [Jo\u00e3o Campos] tem uma bela trajet\u00f3ria pela frente, mas o sonho de chegar ao governo de Pernambuco ser\u00e1 adiado. Raquel ser\u00e1 reeleita\u201d, afirmou.<\/span><\/p>\n<p style=\"text-align: justify;\"><span style=\"font-size: 14pt; font-family: arial, helvetica, sans-serif;\">Segundo Andr\u00e9 de Paula, o eleitor far\u00e1 seu julgamento a partir das entregas do atual governo. \u201cEla ser\u00e1 reeleita. Quer o candidato seja Jo\u00e3o, Roberto, Jos\u00e9 ou Maria, ela vai ser reeleita porque o povo vai julgar o governo que ela est\u00e1 fazendo, as entregas que ela est\u00e1 fazendo\u201d, afirmou.<\/span><\/p>\n<p style=\"text-align: justify;\"><span style=\"font-size: 14pt; font-family: arial, helvetica, sans-serif;\">Para ele, a decis\u00e3o nas urnas passar\u00e1 por uma reflex\u00e3o natural do eleitor: \u201cQuando voc\u00ea tem a reelei\u00e7\u00e3o, voc\u00ea como eleitor tem que responder: eu quero que o governo siga? N\u00f3s avan\u00e7amos? Ou quero correr risco de retrocesso? Quando o eleitor fizer essa pergunta, vai dar Raquel.\u201d<\/span><\/p>\n","protected":false},"excerpt":{"rendered":"<p>O ministro da Pesca e Aquicultura, Andr&eacute; de Paula, afirmou neste domingo (27) que acredita na reelei&ccedil;&atilde;o da governadora Raquel Lyra (PSD) em 2026, independentemente de quem seja seu advers&aacute;rio. A declara&ccedil;&atilde;o foi dada durante entrevista ao programa Ponto de Encontro, apresentado pelo jornalista Elielson Lima. Questionado sobre a possibilidade do prefeito do Recife, Jo&atilde;o Campos (PSB), disputar o governo do Estado, Andr&eacute; de Paula elogiou o gestor, mas refor&ccedil;ou sua confian&ccedil;a na vit&oacute;ria de Raquel. &ldquo;O bom time n&atilde;o escolhe advers&aacute;rio. Ao contr&aacute;rio, eu advogo que a gente deva sempre enfrentar o advers&aacute;rio mais valoroso. E eu reconhe&ccedil;o que &#8230; <\/p>\n<p class=\"read-more-container\"><a title=\"Andr\u00e9 de Paula diz que Raquel Lyra ser\u00e1 reeleita independentemente do advers\u00e1rio\" class=\"read-more button\" href=\"https:\/\/blogdojuniorcavalcanti.com.br\/index.php\/2025\/04\/28\/andre-de-paula-diz-que-raquel-lyra-sera-reeleita-independentemente-do-adversario\/#more-42847\" aria-label=\"More on Andr\u00e9 de Paula diz que Raquel Lyra ser\u00e1 reeleita independentemente do advers\u00e1rio\">Leia mais<\/a><\/p>\n","protected":false},"author":2,"featured_media":0,"comment_status":"open","ping_status":"open","sticky":false,"template":"","format":"standard","meta":{"footnotes":""},"categories":[26],"tags":[],"class_list":["post-42847","post","type-post","status-publish","format-standard","hentry","category-noticias"],"_links":{"self":[{"href":"https:\/\/blogdojuniorcavalcanti.com.br\/index.php\/wp-json\/wp\/v2\/posts\/42847","targetHints":{"allow":["GET"]}}],"collection":[{"href":"https:\/\/blogdojuniorcavalcanti.com.br\/index.php\/wp-json\/wp\/v2\/posts"}],"about":[{"href":"https:\/\/blogdojuniorcavalcanti.com.br\/index.php\/wp-json\/wp\/v2\/types\/post"}],"author":[{"embeddable":true,"href":"https:\/\/blogdojuniorcavalcanti.com.br\/index.php\/wp-json\/wp\/v2\/users\/2"}],"replies":[{"embeddable":true,"href":"https:\/\/blogdojuniorcavalcanti.com.br\/index.php\/wp-json\/wp\/v2\/comments?post=42847"}],"version-history":[{"count":1,"href":"https:\/\/blogdojuniorcavalcanti.com.br\/index.php\/wp-json\/wp\/v2\/posts\/42847\/revisions"}],"predecessor-version":[{"id":42848,"href":"https:\/\/blogdojuniorcavalcanti.com.br\/index.php\/wp-json\/wp\/v2\/posts\/42847\/revisions\/42848"}],"wp:attachment":[{"href":"https:\/\/blogdojuniorcavalcanti.com.br\/index.php\/wp-json\/wp\/v2\/media?parent=42847"}],"wp:term":[{"taxonomy":"category","embeddable":true,"href":"https:\/\/blogdojuniorcavalcanti.com.br\/index.php\/wp-json\/wp\/v2\/categories?post=42847"},{"taxonomy":"post_tag","embeddable":true,"href":"https:\/\/blogdojuniorcavalcanti.com.br\/index.php\/wp-json\/wp\/v2\/tags?post=42847"}],"curies":[{"name":"wp","href":"https:\/\/api.w.org\/{rel}","templated":true}]}}