{"id":4297,"date":"2019-05-08T08:23:20","date_gmt":"2019-05-08T11:23:20","guid":{"rendered":"http:\/\/blogdojuniorcavalcanti.com.br\/?p=4297"},"modified":"2019-05-08T08:23:20","modified_gmt":"2019-05-08T11:23:20","slug":"contingenciamento-de-recursos-do-ibge-nao-atinge-censo-2020","status":"publish","type":"post","link":"https:\/\/blogdojuniorcavalcanti.com.br\/index.php\/2019\/05\/08\/contingenciamento-de-recursos-do-ibge-nao-atinge-censo-2020\/","title":{"rendered":"Contingenciamento de recursos do IBGE n\u00e3o atinge Censo 2020"},"content":{"rendered":"<div class=\"col m6 l6 s12 medium-matler\">\n<figure><span style=\"font-size: 14pt;\"><img decoding=\"async\" class=\"aligncenter\" src=\"https:\/\/www.folhape.com.br\/obj\/0\/321967,475,80,0,0,475,365,0,0,0,0.jpg\" alt=\"Censo de 2020 n\u00e3o ser\u00e1 afetado.\" \/><\/span><\/p>\n<div class=\"caption\" style=\"text-align: justify;\"><span style=\"font-size: 14pt; font-family: arial, helvetica, sans-serif;\">\u00a0 \u00a0 \u00a0 \u00a0 \u00a0 \u00a0 \u00a0Censo de 2020 n\u00e3o ser\u00e1 afetado.\u00a0<em>Foto: Reprodu\u00e7\u00e3o\/ Internet<\/em><\/span><\/div>\n<\/figure>\n<\/div>\n<p style=\"text-align: justify;\"><span style=\"font-size: 14pt; font-family: arial, helvetica, sans-serif;\">A presidente do Instituto Brasileiro de Geografia e Estat\u00edstica (IBGE), Susana Cordeiro Guerra, disse que o contingenciamento de recursos, que ser\u00e1 aplicado ao \u00f3rg\u00e3o pelo Minist\u00e9rio da Economia, n\u00e3o vai atingir a prepara\u00e7\u00e3o do Censo 2020. Em entrevista \u00e0 Ag\u00eancia Brasil, ela ressaltou que o contingenciamento n\u00e3o significa cortes no or\u00e7amento do IBGE. \u201cContingenciamento n\u00e3o \u00e9 corte. Houve esse an\u00fancio, sim, mas eu tenho uma sinaliza\u00e7\u00e3o do minist\u00e9rio de que esse corte n\u00e3o procede para o IBGE no censo. O IBGE vai ter o contingenciamento de 22%, mas o censo, em si, n\u00e3o vai ter. Essa informa\u00e7\u00e3o n\u00e3o procede\u201d, afirmou.<\/span><\/p>\n<p><span style=\"font-size: 14pt; font-family: arial, helvetica, sans-serif;\">\u201cA medida \u00e9 algo que acontece quando o governo libera os recursos aos poucos. O contingenciamento mais forte [feito pela \u00e1rea econ\u00f4mica] no in\u00edcio [do ano] \u00e9 praxe do governo e \u00e9 o que est\u00e1 acontecendo agora. Na quest\u00e3o do censo, tenho forte sinaliza\u00e7\u00e3o do Minist\u00e9rio da Economia de que ele vai ser poupado, ent\u00e3o a opera\u00e7\u00e3o segue o cronograma\u201d, assegurou.<\/span><\/p>\n<p style=\"text-align: justify;\"><span style=\"font-size: 14pt; font-family: arial, helvetica, sans-serif;\">Para refor\u00e7ar que a prepara\u00e7\u00e3o do Censo 2020 n\u00e3o ser\u00e1 comprometida pelo bloqueio na libera\u00e7\u00e3o de recursos or\u00e7ament\u00e1rios, a presidente lembrou que foram aprovadas contrata\u00e7\u00f5es tempor\u00e1rias de profissionais. \u201cS\u00e3o mais de 236 mil profissionais que tiveram as contrata\u00e7\u00f5es aprovadas. Mais 400 tamb\u00e9m foram aprovados para entrar em setembro, ent\u00e3o, a opera\u00e7\u00e3o segue em curso e no cronograma normal de 2020\u201d, disse Susana, acrescentando que entre os contratados est\u00e3o recenseadores e supervisores em v\u00e1rias categorias, que comp\u00f5em a opera\u00e7\u00e3o censit\u00e1ria.<\/span><br \/>\n<span style=\"font-size: 14pt; font-family: arial, helvetica, sans-serif;\"><strong><br \/>\nExonera\u00e7\u00f5es<\/strong><\/span><\/p>\n<p><span style=\"font-size: 14pt; font-family: arial, helvetica, sans-serif;\">Susana Cordeiro Guerra garantiu que as exonera\u00e7\u00f5es dos diretores de Pesquisas, Cl\u00e1udio Dutra Crespo, e de Inform\u00e1tica, Jos\u00e9 Santana Bevil\u00e1qua, n\u00e3o v\u00e3o interferir no trabalho do Censo 2020. No lugar de Cl\u00e1udio Crespo, vai assumir o dem\u00f3grafo e economista Eduardo Rios-Neto. Para substituir Jos\u00e9 Santana Bevil\u00e1qua, ela indicou o economista David Wu Tai. Segundo a presidente, as exonera\u00e7\u00f5es representam uma renova\u00e7\u00e3o na equipe com a qual vai trabalhar, especialmente na \u00e1rea de demografia. \u201cS\u00e3o as duas primeiras pessoas que estou trazendo\u201d, disse.<\/span><\/p>\n<p><span style=\"font-size: 14pt; font-family: arial, helvetica, sans-serif;\">\u201cO Eduardo Rios-Neto, poderia dizer que ele \u00e9 de fora da casa, mas a vida inteira trabalhou em contato com o IBGE, tanto na vida acad\u00eamica quanto na participa\u00e7\u00e3o em comiss\u00f5es, inclusive na comiss\u00e3o do tempo. Ele participou da \u00faltima, est\u00e1 inteiramente por dentro de todos os trabalhos e tem colaborado ativamente com a equipe t\u00e9cnica. A nomea\u00e7\u00e3o dele n\u00e3o vai comprometer de nenhuma forma o processo do censo\u201d, garantiu.<\/span><\/p>\n<p><span style=\"font-size: 14pt; font-family: arial, helvetica, sans-serif;\">Segundo o IBGE, o novo diretor de Pesquisas \u00e9 professor titular aposentado na Universidade Federal de Minas Gerais (UFMG) e pesquisador do Centro de Desenvolvimento e Planejamento Regional da Faculdade de Ci\u00eancias Econ\u00f4micas da institui\u00e7\u00e3o (Cedeplar\/UFMG). Al\u00e9m disso, Rios-Neto presidiu a Associa\u00e7\u00e3o Brasileira de Estudos Populacionais (Abep) entre 1998 e 2002 e \u00e9 membro titular da Academia Brasileira de Ci\u00eancias. O professor tamb\u00e9m foi presidente da Comiss\u00e3o Nacional de Popula\u00e7\u00e3o e Desenvolvimento (2004-2010) e vice-presidente do comit\u00ea organizador da \u201cCommission on Population and Development\u201d do \u201cEconomic and Social Council\u201d da Organiza\u00e7\u00e3o das Na\u00e7\u00f5es Unidas (ONU) em 2010. Rios-Neto \u00e9 PhD em Demografia pela Universidade da Calif\u00f3rnia\/Berkeley e p\u00f3s-doutor pela Universidade do Texas-Austin.<\/span><\/p>\n<p><span style=\"font-size: 14pt; font-family: arial, helvetica, sans-serif;\">J\u00e1 o novo diretor de Inform\u00e1tica, David Wu Tai, \u00e9 funcion\u00e1rio do IBGE h\u00e1 40 anos, onde ocupou os cargos de coordenador de Contas Consolidadas do Setor P\u00fablico, Coordenador do Censo no Estado de S\u00e3o Paulo, chefe de Divis\u00e3o de Coleta e delegado da Unidade Estadual de S\u00e3o Paulo. David Wu Tai foi ainda diretor-geral e coordenador operacional dos Censos e atuava como coordenador-geral do Centro de Documenta\u00e7\u00e3o e Dissemina\u00e7\u00e3o de Informa\u00e7\u00f5es (CDDI). David Wu Tai preside o Comit\u00ea de Sigilo do IBGE e \u00e9 graduado em Ci\u00eancias Econ\u00f4micas pela FAAP\/SP e mestre em Administra\u00e7\u00e3o aplicada \u00e0 Economia pela FGV\/SP.<\/span><\/p>\n<p><span style=\"font-size: 14pt; font-family: arial, helvetica, sans-serif;\">A presidente nomeou ainda a atual assessora no Centro de Documenta\u00e7\u00e3o e Dissemina\u00e7\u00e3o de Informa\u00e7\u00f5es, Marise Maria Ferreira, para o cargo de coordenadora-geral do CDDI.<\/span><\/p>\n<p><span style=\"font-size: 14pt; font-family: arial, helvetica, sans-serif;\"><strong>Processo natural<\/strong><\/span><\/p>\n<p><span style=\"font-size: 14pt; font-family: arial, helvetica, sans-serif;\">Para Susana, as mudan\u00e7as na equipe s\u00e3o um processo natural. \u201c\u00c9 uma renova\u00e7\u00e3o natural e faz parte de um movimento da gest\u00e3o de fortalecer e potencializar o trabalho de excel\u00eancia da equipe t\u00e9cnica do IBGE, que est\u00e1 em momento desafiador\u201d, afirmou.<\/span><\/p>\n<p><span style=\"font-size: 14pt; font-family: arial, helvetica, sans-serif;\">\u201cN\u00f3s vamos, cada vez mais, caminhar para conseguir cumprir a miss\u00e3o do IBGE, da forma como ela sempre foi feita, aderindo \u00e0s melhores pr\u00e1ticas internacionais e conforme os rituais de excel\u00eancia da casa. Nosso comprometimento \u00e9 com a produtividade do IBGE.<\/span><\/p>\n","protected":false},"excerpt":{"rendered":"<p>&nbsp; &nbsp; &nbsp; &nbsp; &nbsp; &nbsp; &nbsp;Censo de 2020 n&atilde;o ser&aacute; afetado.&nbsp;Foto: Reprodu&ccedil;&atilde;o\/ Internet A presidente do Instituto Brasileiro de Geografia e Estat&iacute;stica (IBGE), Susana Cordeiro Guerra, disse que o contingenciamento de recursos, que ser&aacute; aplicado ao &oacute;rg&atilde;o pelo Minist&eacute;rio da Economia, n&atilde;o vai atingir a prepara&ccedil;&atilde;o do Censo 2020. Em entrevista &agrave; Ag&ecirc;ncia Brasil, ela ressaltou que o contingenciamento n&atilde;o significa cortes no or&ccedil;amento do IBGE. &ldquo;Contingenciamento n&atilde;o &eacute; corte. Houve esse an&uacute;ncio, sim, mas eu tenho uma sinaliza&ccedil;&atilde;o do minist&eacute;rio de que esse corte n&atilde;o procede para o IBGE no censo. O IBGE vai ter o contingenciamento de &#8230; <\/p>\n<p class=\"read-more-container\"><a title=\"Contingenciamento de recursos do IBGE n\u00e3o atinge Censo 2020\" class=\"read-more button\" href=\"https:\/\/blogdojuniorcavalcanti.com.br\/index.php\/2019\/05\/08\/contingenciamento-de-recursos-do-ibge-nao-atinge-censo-2020\/#more-4297\" aria-label=\"More on Contingenciamento de recursos do IBGE n\u00e3o atinge Censo 2020\">Leia mais<\/a><\/p>\n","protected":false},"author":2,"featured_media":0,"comment_status":"open","ping_status":"open","sticky":false,"template":"","format":"standard","meta":{"footnotes":""},"categories":[1],"tags":[],"class_list":["post-4297","post","type-post","status-publish","format-standard","hentry","category-sem-categoria"],"_links":{"self":[{"href":"https:\/\/blogdojuniorcavalcanti.com.br\/index.php\/wp-json\/wp\/v2\/posts\/4297","targetHints":{"allow":["GET"]}}],"collection":[{"href":"https:\/\/blogdojuniorcavalcanti.com.br\/index.php\/wp-json\/wp\/v2\/posts"}],"about":[{"href":"https:\/\/blogdojuniorcavalcanti.com.br\/index.php\/wp-json\/wp\/v2\/types\/post"}],"author":[{"embeddable":true,"href":"https:\/\/blogdojuniorcavalcanti.com.br\/index.php\/wp-json\/wp\/v2\/users\/2"}],"replies":[{"embeddable":true,"href":"https:\/\/blogdojuniorcavalcanti.com.br\/index.php\/wp-json\/wp\/v2\/comments?post=4297"}],"version-history":[{"count":1,"href":"https:\/\/blogdojuniorcavalcanti.com.br\/index.php\/wp-json\/wp\/v2\/posts\/4297\/revisions"}],"predecessor-version":[{"id":4298,"href":"https:\/\/blogdojuniorcavalcanti.com.br\/index.php\/wp-json\/wp\/v2\/posts\/4297\/revisions\/4298"}],"wp:attachment":[{"href":"https:\/\/blogdojuniorcavalcanti.com.br\/index.php\/wp-json\/wp\/v2\/media?parent=4297"}],"wp:term":[{"taxonomy":"category","embeddable":true,"href":"https:\/\/blogdojuniorcavalcanti.com.br\/index.php\/wp-json\/wp\/v2\/categories?post=4297"},{"taxonomy":"post_tag","embeddable":true,"href":"https:\/\/blogdojuniorcavalcanti.com.br\/index.php\/wp-json\/wp\/v2\/tags?post=4297"}],"curies":[{"name":"wp","href":"https:\/\/api.w.org\/{rel}","templated":true}]}}