{"id":4305,"date":"2019-05-08T08:27:33","date_gmt":"2019-05-08T11:27:33","guid":{"rendered":"http:\/\/blogdojuniorcavalcanti.com.br\/?p=4305"},"modified":"2019-05-08T08:27:33","modified_gmt":"2019-05-08T11:27:33","slug":"gambiarras-podem-justificar-incendio-na-feira-da-sulanca-em-caruaru","status":"publish","type":"post","link":"https:\/\/blogdojuniorcavalcanti.com.br\/index.php\/2019\/05\/08\/gambiarras-podem-justificar-incendio-na-feira-da-sulanca-em-caruaru\/","title":{"rendered":"Gambiarras podem justificar inc\u00eandio na Feira da Sulanca em Caruaru"},"content":{"rendered":"<div class=\"col m6 l6 s12 medium-matler\">\n<figure><span style=\"font-size: 14pt;\"><img decoding=\"async\" class=\"aligncenter\" src=\"https:\/\/www.folhape.com.br\/obj\/1075\/325546,475,80,0,0,475,365,0,0,0,0.jpg\" alt=\"De acordo com a per\u00edcia, as instala\u00e7\u00f5es el\u00e9tricas de 4 mil barracas n\u00e3o seguem normas da ABNT\" \/><\/span><\/p>\n<div class=\"caption\" style=\"text-align: justify;\"><span style=\"font-size: 14pt; font-family: arial, helvetica, sans-serif;\">De acordo com a per\u00edcia, as instala\u00e7\u00f5es el\u00e9tricas de 4 mil barracas n\u00e3o seguem normas da ABNT\u00a0<em>Foto: JORGE FARIAS\/CORTESIA<\/em><\/span><\/div>\n<\/figure>\n<\/div>\n<p style=\"text-align: justify;\"><span style=\"font-size: 14pt; font-family: arial, helvetica, sans-serif;\">O\u00a0<strong><a class=\"contentLink\" title=\"veja tamb\u00e9m: Inc\u00eandio atinge parte da Feira da Sulanca de Caruaru\" href=\"https:\/\/www.folhape.com.br\/noticias\/noticias\/pernambuco\/2019\/05\/06\/NWS,104158,70,772,NOTICIAS,2190-INCENDIO-ATINGE-PARTE-FEIRA-SULANCA-CARUARU.aspx\" target=\"_blank\" rel=\"noopener\">inc\u00eandio que atingiu uma \u00e1rea de cerca de 300 m\u00b2 da Feira da Sulanca, em Caruaru<\/a>,\u00a0<\/strong>no Agreste de Pernambuco, pode ter sido provocado por um curto circuito causado pelo uso de gambiarras no local. Peritos realizaram nesta ter\u00e7a-feira (7) o rescaldo e o material coletado foi levado para o laborat\u00f3rio do Instituto de Criminal\u00edstica (IC) da cidade. Segundo informa\u00e7\u00f5es preliminares, o fogo teve in\u00edcio nas ruas 15 e 16 da Pra\u00e7a 18 de Maio, onde funciona a feira, e acabou atingindo com o calor as ruas 14 e 17.<\/span><\/p>\n<p><span style=\"font-size: 14pt; font-family: arial, helvetica, sans-serif;\">Ainda segundo a per\u00edcia, as instala\u00e7\u00f5es el\u00e9tricas das\u00a0\u00a0quatro\u00a0mil barracas presentes na sulanca n\u00e3o seguem as recomenda\u00e7\u00f5es t\u00e9cnicas da ABNT e s\u00e3o compostas, em sua maioria, por improvisos. \u201cO que mais verifiquei foram fios inapropriados para equipamentos de alta pot\u00eancia, onde deveriam ser ligadas apenas l\u00e2mpadas, mas que eram utilizados, tamb\u00e9m, para fazer tomadas\u201d, apontou o perito criminal, Meirere L\u00facio.\u00a0<\/span><\/p>\n<p><span style=\"font-size: 14pt; font-family: arial, helvetica, sans-serif;\">Durante a per\u00edcia, um ferro el\u00e9trico derretido foi encontrado na \u00e1rea afetada. \u201cO risco de inc\u00eandio desse tipo de instala\u00e7\u00e3o \u00e9 de 100%. Se usado fio para baixa amperagem &#8211; de 1,5mm, que suporta at\u00e9 15 amperes &#8211; e voc\u00ea utilizar um ferro de passar, com certeza vai esquentar e iniciar um inc\u00eandio\u201d, destacou o perito. A hip\u00f3tese das chamas terem sido provocadas n\u00e3o \u00e9 descartada pelo IC, que s\u00f3 deve divulgar o laudo pericial em at\u00e9 dez dias, com possibilidade de prorroga\u00e7\u00e3o.<\/span><\/p>\n<p style=\"text-align: justify;\">\n<span style=\"font-size: 14pt; font-family: arial, helvetica, sans-serif;\">Se confirmado o curto circuito, as medidas dever\u00e3o ser tomadas pelo Corpo de Bombeiros e Defesa Civil do munic\u00edpio. Caso se configure crime intencional, a Delegacia de Caruaru assumir\u00e1 as investiga\u00e7\u00f5es. \u201cN\u00e3o quero me precipitar no julgamento. A Pol\u00edcia Civil ir\u00e1 aguardar o resultado do laudo t\u00e9cnico\u201d, ponderou o delegado Bruno Vital.<\/span><\/p>\n<p><span style=\"font-size: 14pt; font-family: arial, helvetica, sans-serif;\">De acordo com o secret\u00e1rio extraordin\u00e1rio da Feira de Caruaru, Jos\u00e9 Pereira Sousa, h\u00e1 mais de 27 anos o equipamento n\u00e3o recebia qualquer melhoria. S\u00f3 no \u00faltimo ano foi iniciada uma requalifica\u00e7\u00e3o, ap\u00f3s a prefeita Raquel Lyra captar R$ 8 mil do extinto Minist\u00e9rio das Cidades. \u201cEst\u00e1vamos discutindo com a Celpe um projeto de engenharia el\u00e9trica\u201d, contou o secret\u00e1rio da pasta, que reconheceu a exist\u00eancia das gambiarras.<\/span><\/p>\n<p><span style=\"font-size: 14pt; font-family: arial, helvetica, sans-serif;\"><strong>Feirantes<\/strong><\/span><br \/>\n<span style=\"font-size: 14pt; font-family: arial, helvetica, sans-serif;\">Um\u00a0<strong><a class=\"contentLink\" title=\"veja tamb\u00e9m: Prefeitura cadastra comerciantes afetados por inc\u00eandio na Feira da Sulanca, em Caruaru\" href=\"https:\/\/www.folhape.com.br\/noticias\/noticias\/caruaru\/2019\/05\/07\/NWS,104196,70,859,NOTICIAS,2190-PREFEITURA-CADASTRA-COMERCIANTES-AFETADOS-POR-INCENDIO-FEIRA-SULANCA-CARUARU.aspx\" target=\"_blank\" rel=\"noopener\">cadastramento para os feirantes que tiveram bancos destru\u00eddos no inc\u00eandio foi iniciado na ter\u00e7a-feira<\/a><\/strong>\u00a0para saber quantos pontos foram atingidos e os preju\u00edzos. At\u00e9 o momento, 18 comerciantes compareceram ao local. A Prefeitura de Caruaru informou que bancos foram alugados e est\u00e3o sendo disponibilizados para os feirantes atingidos. A limpeza do local tamb\u00e9m foi iniciada.\u00a0<\/span><\/p>\n<p><span style=\"font-size: 14pt; font-family: arial, helvetica, sans-serif;\">Segundo informa\u00e7\u00f5es recebidas pela Secretaria do Trabalho, Emprego e Qualifica\u00e7\u00e3o de Pernambuco, pelo menos 50 bancos foram atingidos pelas chamas. O preju\u00edzo financeiro estimado pode chegar a R$ 2 milh\u00f5es. \u201cA partir do cadastramento dos feirantes, a Ag\u00eancia de Fomento de Pernambuco vai analisar caso a caso para liberar uma linha de microcr\u00e9dito direcionada aos comerciantes que sofreram perdas\u201d, informou o secret\u00e1rio.<\/span><\/p>\n","protected":false},"excerpt":{"rendered":"<p>De acordo com a per&iacute;cia, as instala&ccedil;&otilde;es el&eacute;tricas de 4 mil barracas n&atilde;o seguem normas da ABNT&nbsp;Foto: JORGE FARIAS\/CORTESIA O&nbsp;inc&ecirc;ndio que atingiu uma &aacute;rea de cerca de 300 m&sup2; da Feira da Sulanca, em Caruaru,&nbsp;no Agreste de Pernambuco, pode ter sido provocado por um curto circuito causado pelo uso de gambiarras no local. Peritos realizaram nesta ter&ccedil;a-feira (7) o rescaldo e o material coletado foi levado para o laborat&oacute;rio do Instituto de Criminal&iacute;stica (IC) da cidade. Segundo informa&ccedil;&otilde;es preliminares, o fogo teve in&iacute;cio nas ruas 15 e 16 da Pra&ccedil;a 18 de Maio, onde funciona a feira, e acabou atingindo &#8230; <\/p>\n<p class=\"read-more-container\"><a title=\"Gambiarras podem justificar inc\u00eandio na Feira da Sulanca em Caruaru\" class=\"read-more button\" href=\"https:\/\/blogdojuniorcavalcanti.com.br\/index.php\/2019\/05\/08\/gambiarras-podem-justificar-incendio-na-feira-da-sulanca-em-caruaru\/#more-4305\" aria-label=\"More on Gambiarras podem justificar inc\u00eandio na Feira da Sulanca em Caruaru\">Leia mais<\/a><\/p>\n","protected":false},"author":2,"featured_media":0,"comment_status":"open","ping_status":"open","sticky":false,"template":"","format":"standard","meta":{"footnotes":""},"categories":[1],"tags":[],"class_list":["post-4305","post","type-post","status-publish","format-standard","hentry","category-sem-categoria"],"_links":{"self":[{"href":"https:\/\/blogdojuniorcavalcanti.com.br\/index.php\/wp-json\/wp\/v2\/posts\/4305","targetHints":{"allow":["GET"]}}],"collection":[{"href":"https:\/\/blogdojuniorcavalcanti.com.br\/index.php\/wp-json\/wp\/v2\/posts"}],"about":[{"href":"https:\/\/blogdojuniorcavalcanti.com.br\/index.php\/wp-json\/wp\/v2\/types\/post"}],"author":[{"embeddable":true,"href":"https:\/\/blogdojuniorcavalcanti.com.br\/index.php\/wp-json\/wp\/v2\/users\/2"}],"replies":[{"embeddable":true,"href":"https:\/\/blogdojuniorcavalcanti.com.br\/index.php\/wp-json\/wp\/v2\/comments?post=4305"}],"version-history":[{"count":1,"href":"https:\/\/blogdojuniorcavalcanti.com.br\/index.php\/wp-json\/wp\/v2\/posts\/4305\/revisions"}],"predecessor-version":[{"id":4306,"href":"https:\/\/blogdojuniorcavalcanti.com.br\/index.php\/wp-json\/wp\/v2\/posts\/4305\/revisions\/4306"}],"wp:attachment":[{"href":"https:\/\/blogdojuniorcavalcanti.com.br\/index.php\/wp-json\/wp\/v2\/media?parent=4305"}],"wp:term":[{"taxonomy":"category","embeddable":true,"href":"https:\/\/blogdojuniorcavalcanti.com.br\/index.php\/wp-json\/wp\/v2\/categories?post=4305"},{"taxonomy":"post_tag","embeddable":true,"href":"https:\/\/blogdojuniorcavalcanti.com.br\/index.php\/wp-json\/wp\/v2\/tags?post=4305"}],"curies":[{"name":"wp","href":"https:\/\/api.w.org\/{rel}","templated":true}]}}