{"id":43401,"date":"2025-05-16T10:41:54","date_gmt":"2025-05-16T13:41:54","guid":{"rendered":"https:\/\/blogdojuniorcavalcanti.com.br\/?p=43401"},"modified":"2025-05-16T10:41:54","modified_gmt":"2025-05-16T13:41:54","slug":"iguaracy-tera-1a-corrida-de-sao-sebastiao","status":"publish","type":"post","link":"https:\/\/blogdojuniorcavalcanti.com.br\/index.php\/2025\/05\/16\/iguaracy-tera-1a-corrida-de-sao-sebastiao\/","title":{"rendered":"Iguaracy ter\u00e1 1\u00aa Corrida de S\u00e3o Sebasti\u00e3o"},"content":{"rendered":"<p style=\"text-align: justify;\"><span style=\"font-size: 14pt; font-family: arial, helvetica, sans-serif;\"><img fetchpriority=\"high\" decoding=\"async\" class=\"size-medium wp-image-43402 alignleft\" src=\"https:\/\/blogdojuniorcavalcanti.com.br\/wp-content\/uploads\/2025\/05\/WhatsApp-Image-2025-05-16-at-08.43.27-300x300.jpeg\" alt=\"\" width=\"300\" height=\"300\" srcset=\"https:\/\/blogdojuniorcavalcanti.com.br\/wp-content\/uploads\/2025\/05\/WhatsApp-Image-2025-05-16-at-08.43.27-300x300.jpeg 300w, https:\/\/blogdojuniorcavalcanti.com.br\/wp-content\/uploads\/2025\/05\/WhatsApp-Image-2025-05-16-at-08.43.27-150x150.jpeg 150w, https:\/\/blogdojuniorcavalcanti.com.br\/wp-content\/uploads\/2025\/05\/WhatsApp-Image-2025-05-16-at-08.43.27.jpeg 600w\" sizes=\"(max-width: 300px) 100vw, 300px\" \/>Domingo, dia 27 de julho, Iguaracy, ser\u00e1 palco da 1\u00aa Corrida de S\u00e3o Sebasti\u00e3o, promovida Rota Atetlas e com apoio da Prefeitura Municipal de Iguaracy, atrav\u00e9s da Secretaria de Educa\u00e7\u00e3o e Esportes \/ Secretaria de Administra\u00e7\u00e3o e Desenvolvimento Econ\u00f4mico. O evento acontecer\u00e1 com concentra\u00e7\u00e3o e largada \u00e0s 6h30 na cidade, reunindo atletas e comunidade para uma manh\u00e3 de sa\u00fade e esporte.<\/span><\/p>\n<p style=\"text-align: justify;\"><span style=\"font-size: 14pt; font-family: arial, helvetica, sans-serif;\">A corrida, que tem como objetivo incentivar a pr\u00e1tica de atividades f\u00edsicas e fortalecer a cultura local, oferece duas modalidades: uma caminhada de 3 km e uma corrida de 5 km. Os participantes podem se inscrever previamente e receber\u00e1 um kit atleta.<\/span><\/p>\n<p style=\"text-align: justify;\"><span style=\"font-size: 14pt; font-family: arial, helvetica, sans-serif;\">Quem desejar mais informa\u00e7\u00f5es pode entrar em contato pelo telefone (81) 99913-1753. A organiza\u00e7\u00e3o do evento refor\u00e7a que os atletas masculinos que completarem o percurso de 10 km concorrer\u00e3o ao trof\u00e9u de primeiro colocado na categoria.<\/span><\/p>\n<p style=\"text-align: justify;\"><span style=\"font-size: 14pt; font-family: arial, helvetica, sans-serif;\">Participe e celebre a f\u00e9, o esporte e a cultura.<\/span><\/p>\n<p style=\"text-align: justify;\"><span style=\"font-size: 14pt; font-family: arial, helvetica, sans-serif;\">Inscri\u00e7\u00f5es no TICKET SPORTS.<\/span><\/p>\n","protected":false},"excerpt":{"rendered":"<p>Domingo, dia 27 de julho, Iguaracy, ser&aacute; palco da 1&ordf; Corrida de S&atilde;o Sebasti&atilde;o, promovida Rota Atetlas e com apoio da Prefeitura Municipal de Iguaracy, atrav&eacute;s da Secretaria de Educa&ccedil;&atilde;o e Esportes \/ Secretaria de Administra&ccedil;&atilde;o e Desenvolvimento Econ&ocirc;mico. O evento acontecer&aacute; com concentra&ccedil;&atilde;o e largada &agrave;s 6h30 na cidade, reunindo atletas e comunidade para uma manh&atilde; de sa&uacute;de e esporte. A corrida, que tem como objetivo incentivar a pr&aacute;tica de atividades f&iacute;sicas e fortalecer a cultura local, oferece duas modalidades: uma caminhada de 3 km e uma corrida de 5 km. Os participantes podem se inscrever previamente e receber&aacute; &#8230; <\/p>\n<p class=\"read-more-container\"><a title=\"Iguaracy ter\u00e1 1\u00aa Corrida de S\u00e3o Sebasti\u00e3o\" class=\"read-more button\" href=\"https:\/\/blogdojuniorcavalcanti.com.br\/index.php\/2025\/05\/16\/iguaracy-tera-1a-corrida-de-sao-sebastiao\/#more-43401\" aria-label=\"More on Iguaracy ter\u00e1 1\u00aa Corrida de S\u00e3o Sebasti\u00e3o\">Leia mais<\/a><\/p>\n","protected":false},"author":2,"featured_media":0,"comment_status":"open","ping_status":"open","sticky":false,"template":"","format":"standard","meta":{"footnotes":""},"categories":[26],"tags":[],"class_list":["post-43401","post","type-post","status-publish","format-standard","hentry","category-noticias"],"_links":{"self":[{"href":"https:\/\/blogdojuniorcavalcanti.com.br\/index.php\/wp-json\/wp\/v2\/posts\/43401","targetHints":{"allow":["GET"]}}],"collection":[{"href":"https:\/\/blogdojuniorcavalcanti.com.br\/index.php\/wp-json\/wp\/v2\/posts"}],"about":[{"href":"https:\/\/blogdojuniorcavalcanti.com.br\/index.php\/wp-json\/wp\/v2\/types\/post"}],"author":[{"embeddable":true,"href":"https:\/\/blogdojuniorcavalcanti.com.br\/index.php\/wp-json\/wp\/v2\/users\/2"}],"replies":[{"embeddable":true,"href":"https:\/\/blogdojuniorcavalcanti.com.br\/index.php\/wp-json\/wp\/v2\/comments?post=43401"}],"version-history":[{"count":1,"href":"https:\/\/blogdojuniorcavalcanti.com.br\/index.php\/wp-json\/wp\/v2\/posts\/43401\/revisions"}],"predecessor-version":[{"id":43403,"href":"https:\/\/blogdojuniorcavalcanti.com.br\/index.php\/wp-json\/wp\/v2\/posts\/43401\/revisions\/43403"}],"wp:attachment":[{"href":"https:\/\/blogdojuniorcavalcanti.com.br\/index.php\/wp-json\/wp\/v2\/media?parent=43401"}],"wp:term":[{"taxonomy":"category","embeddable":true,"href":"https:\/\/blogdojuniorcavalcanti.com.br\/index.php\/wp-json\/wp\/v2\/categories?post=43401"},{"taxonomy":"post_tag","embeddable":true,"href":"https:\/\/blogdojuniorcavalcanti.com.br\/index.php\/wp-json\/wp\/v2\/tags?post=43401"}],"curies":[{"name":"wp","href":"https:\/\/api.w.org\/{rel}","templated":true}]}}