{"id":43564,"date":"2025-05-21T18:12:11","date_gmt":"2025-05-21T21:12:11","guid":{"rendered":"https:\/\/blogdojuniorcavalcanti.com.br\/?p=43564"},"modified":"2025-05-21T18:12:11","modified_gmt":"2025-05-21T21:12:11","slug":"ccj-do-senado-aprova-fim-da-reeleicao-mandato-de-cinco-anos-e-eleicoes-unificadas","status":"publish","type":"post","link":"https:\/\/blogdojuniorcavalcanti.com.br\/index.php\/2025\/05\/21\/ccj-do-senado-aprova-fim-da-reeleicao-mandato-de-cinco-anos-e-eleicoes-unificadas\/","title":{"rendered":"CCJ do Senado aprova fim da reelei\u00e7\u00e3o, mandato de cinco anos e elei\u00e7\u00f5es unificadas"},"content":{"rendered":"<p style=\"text-align: justify;\"><span style=\"font-size: 14pt;\"><img fetchpriority=\"high\" decoding=\"async\" class=\"alignleft wp-image-305841 jetpack-lazy-image jetpack-lazy-image--handled\" src=\"https:\/\/i1.wp.com\/nilljunior.com.br\/wp-content\/uploads\/2025\/05\/IMG_0425.jpeg?resize=400%2C265&amp;ssl=1\" sizes=\"(max-width: 400px) 100vw, 400px\" srcset=\"https:\/\/i1.wp.com\/nilljunior.com.br\/wp-content\/uploads\/2025\/05\/IMG_0425.jpeg?w=860&amp;ssl=1 860w, https:\/\/i1.wp.com\/nilljunior.com.br\/wp-content\/uploads\/2025\/05\/IMG_0425.jpeg?resize=150%2C100&amp;ssl=1 150w, https:\/\/i1.wp.com\/nilljunior.com.br\/wp-content\/uploads\/2025\/05\/IMG_0425.jpeg?resize=300%2C199&amp;ssl=1 300w, https:\/\/i1.wp.com\/nilljunior.com.br\/wp-content\/uploads\/2025\/05\/IMG_0425.jpeg?resize=768%2C509&amp;ssl=1 768w, https:\/\/i1.wp.com\/nilljunior.com.br\/wp-content\/uploads\/2025\/05\/IMG_0425.jpeg?resize=600%2C398&amp;ssl=1 600w\" alt=\"\" width=\"400\" height=\"265\" data-attachment-id=\"305841\" data-permalink=\"https:\/\/nilljunior.com.br\/ccj-do-senado-aprova-fim-da-reeleicao-mandato-de-cinco-anos-e-eleicoes-unificadas\/img_0425-2\/\" data-orig-file=\"https:\/\/i1.wp.com\/nilljunior.com.br\/wp-content\/uploads\/2025\/05\/IMG_0425.jpeg?fit=860%2C570&amp;ssl=1\" data-orig-size=\"860,570\" data-comments-opened=\"1\" data-image-meta=\"{&quot;aperture&quot;:&quot;0&quot;,&quot;credit&quot;:&quot;&quot;,&quot;camera&quot;:&quot;&quot;,&quot;caption&quot;:&quot;&quot;,&quot;created_timestamp&quot;:&quot;0&quot;,&quot;copyright&quot;:&quot;&quot;,&quot;focal_length&quot;:&quot;0&quot;,&quot;iso&quot;:&quot;0&quot;,&quot;shutter_speed&quot;:&quot;0&quot;,&quot;title&quot;:&quot;&quot;,&quot;orientation&quot;:&quot;0&quot;}\" data-image-title=\"IMG_0425\" data-image-description=\"\" data-medium-file=\"https:\/\/i1.wp.com\/nilljunior.com.br\/wp-content\/uploads\/2025\/05\/IMG_0425.jpeg?fit=300%2C199&amp;ssl=1\" data-large-file=\"https:\/\/i1.wp.com\/nilljunior.com.br\/wp-content\/uploads\/2025\/05\/IMG_0425.jpeg?fit=600%2C398&amp;ssl=1\" data-recalc-dims=\"1\" data-lazy-loaded=\"1\" \/><span style=\"font-family: arial, helvetica, sans-serif;\">A Comiss\u00e3o de Constitui\u00e7\u00e3o e Justi\u00e7a (CCJ) do Senado aprovou nesta quarta-feira (21) a Proposta de Emenda \u00e0 Constitui\u00e7\u00e3o (PEC 12\/2022) que extingue a reelei\u00e7\u00e3o para cargos do Executivo, estabelece mandatos de cinco anos e unifica as elei\u00e7\u00f5es a partir de 2034. O texto segue agora para vota\u00e7\u00e3o em Plen\u00e1rio, com pedido de urg\u00eancia.<\/span><\/span><\/p>\n<p style=\"text-align: justify;\"><span style=\"font-size: 14pt; font-family: arial, helvetica, sans-serif;\">A proposta, relatada pelo senador Marcelo Castro (MDB-PI), acaba com a possibilidade de reelei\u00e7\u00e3o para presidente, governadores e prefeitos. Em troca, o mandato passa de quatro para cinco anos. A mudan\u00e7a tamb\u00e9m valer\u00e1 para deputados federais, estaduais, distritais, vereadores e senadores.<\/span><\/p>\n<p style=\"text-align: justify;\"><span style=\"font-size: 14pt; font-family: arial, helvetica, sans-serif;\">O Senado, que atualmente renova seus quadros em partes alternadas, tamb\u00e9m passar\u00e1 a eleger todos os 81 senadores no mesmo pleito, a partir de 2039. O mandato desses parlamentares ser\u00e1 de cinco anos, ap\u00f3s acordo que alterou a proposta inicial, que previa dez anos.<\/span><\/p>\n<p style=\"text-align: justify;\"><span style=\"font-size: 14pt; font-family: arial, helvetica, sans-serif;\">As elei\u00e7\u00f5es municipais, estaduais e federais ocorrer\u00e3o simultaneamente a cada cinco anos. Segundo o relator, a unifica\u00e7\u00e3o trar\u00e1 economia e maior clareza para os eleitores.<\/span><\/p>\n<p style=\"text-align: justify;\"><span style=\"font-size: 14pt; font-family: arial, helvetica, sans-serif;\">O fim da reelei\u00e7\u00e3o foi defendido por senadores como Otto Alencar (PSD-BA) e Marcelo Castro, que consideram a pr\u00e1tica prejudicial \u00e0 democracia brasileira. A mudan\u00e7a, no entanto, n\u00e3o afetar\u00e1 os atuais mandat\u00e1rios, que poder\u00e3o disputar a reelei\u00e7\u00e3o em 2026, se estiverem no primeiro mandato.<\/span><\/p>\n<p style=\"text-align: justify;\"><span style=\"font-size: 14pt; font-family: arial, helvetica, sans-serif;\">A proposta tamb\u00e9m modifica as regras das mesas diretoras do Congresso, que passar\u00e3o a ter mandatos de tr\u00eas e dois anos, respectivamente, dentro de cada legislatura de cinco anos.<\/span><\/p>\n<p style=\"text-align: justify;\"><span style=\"font-size: 14pt; font-family: arial, helvetica, sans-serif;\">Outras emendas, como a que pretendia vedar a reelei\u00e7\u00e3o n\u00e3o-consecutiva e a que limitava a idade para candidatura presidencial, foram rejeitadas.<\/span><\/p>\n","protected":false},"excerpt":{"rendered":"<p>A Comiss&atilde;o de Constitui&ccedil;&atilde;o e Justi&ccedil;a (CCJ) do Senado aprovou nesta quarta-feira (21) a Proposta de Emenda &agrave; Constitui&ccedil;&atilde;o (PEC 12\/2022) que extingue a reelei&ccedil;&atilde;o para cargos do Executivo, estabelece mandatos de cinco anos e unifica as elei&ccedil;&otilde;es a partir de 2034. O texto segue agora para vota&ccedil;&atilde;o em Plen&aacute;rio, com pedido de urg&ecirc;ncia. A proposta, relatada pelo senador Marcelo Castro (MDB-PI), acaba com a possibilidade de reelei&ccedil;&atilde;o para presidente, governadores e prefeitos. Em troca, o mandato passa de quatro para cinco anos. A mudan&ccedil;a tamb&eacute;m valer&aacute; para deputados federais, estaduais, distritais, vereadores e senadores. O Senado, que atualmente renova &#8230; <\/p>\n<p class=\"read-more-container\"><a title=\"CCJ do Senado aprova fim da reelei\u00e7\u00e3o, mandato de cinco anos e elei\u00e7\u00f5es unificadas\" class=\"read-more button\" href=\"https:\/\/blogdojuniorcavalcanti.com.br\/index.php\/2025\/05\/21\/ccj-do-senado-aprova-fim-da-reeleicao-mandato-de-cinco-anos-e-eleicoes-unificadas\/#more-43564\" aria-label=\"More on CCJ do Senado aprova fim da reelei\u00e7\u00e3o, mandato de cinco anos e elei\u00e7\u00f5es unificadas\">Leia mais<\/a><\/p>\n","protected":false},"author":2,"featured_media":0,"comment_status":"open","ping_status":"open","sticky":false,"template":"","format":"standard","meta":{"footnotes":""},"categories":[26],"tags":[],"class_list":["post-43564","post","type-post","status-publish","format-standard","hentry","category-noticias"],"_links":{"self":[{"href":"https:\/\/blogdojuniorcavalcanti.com.br\/index.php\/wp-json\/wp\/v2\/posts\/43564","targetHints":{"allow":["GET"]}}],"collection":[{"href":"https:\/\/blogdojuniorcavalcanti.com.br\/index.php\/wp-json\/wp\/v2\/posts"}],"about":[{"href":"https:\/\/blogdojuniorcavalcanti.com.br\/index.php\/wp-json\/wp\/v2\/types\/post"}],"author":[{"embeddable":true,"href":"https:\/\/blogdojuniorcavalcanti.com.br\/index.php\/wp-json\/wp\/v2\/users\/2"}],"replies":[{"embeddable":true,"href":"https:\/\/blogdojuniorcavalcanti.com.br\/index.php\/wp-json\/wp\/v2\/comments?post=43564"}],"version-history":[{"count":1,"href":"https:\/\/blogdojuniorcavalcanti.com.br\/index.php\/wp-json\/wp\/v2\/posts\/43564\/revisions"}],"predecessor-version":[{"id":43565,"href":"https:\/\/blogdojuniorcavalcanti.com.br\/index.php\/wp-json\/wp\/v2\/posts\/43564\/revisions\/43565"}],"wp:attachment":[{"href":"https:\/\/blogdojuniorcavalcanti.com.br\/index.php\/wp-json\/wp\/v2\/media?parent=43564"}],"wp:term":[{"taxonomy":"category","embeddable":true,"href":"https:\/\/blogdojuniorcavalcanti.com.br\/index.php\/wp-json\/wp\/v2\/categories?post=43564"},{"taxonomy":"post_tag","embeddable":true,"href":"https:\/\/blogdojuniorcavalcanti.com.br\/index.php\/wp-json\/wp\/v2\/tags?post=43564"}],"curies":[{"name":"wp","href":"https:\/\/api.w.org\/{rel}","templated":true}]}}