{"id":44094,"date":"2025-06-07T09:28:16","date_gmt":"2025-06-07T12:28:16","guid":{"rendered":"https:\/\/blogdojuniorcavalcanti.com.br\/?p=44094"},"modified":"2025-06-07T09:28:16","modified_gmt":"2025-06-07T12:28:16","slug":"prefeitura-de-afogados-divulga-lista-com-nomes-de-novos-convocados-em-concurso-publico","status":"publish","type":"post","link":"https:\/\/blogdojuniorcavalcanti.com.br\/index.php\/2025\/06\/07\/prefeitura-de-afogados-divulga-lista-com-nomes-de-novos-convocados-em-concurso-publico\/","title":{"rendered":"Prefeitura de Afogados divulga lista com nomes de novos convocados em concurso p\u00fablico"},"content":{"rendered":"<p style=\"text-align: justify;\"><span style=\"font-size: 14pt; font-family: arial, helvetica, sans-serif;\">A Prefeitura de Afogados informa a rela\u00e7\u00e3o com os nomes dos novos convocados do concurso p\u00fablico realizado pela gest\u00e3o municipal.<\/span><\/p>\n<p style=\"text-align: justify;\"><span style=\"font-size: 14pt; font-family: arial, helvetica, sans-serif;\">Conforme anunciado na semana passada pelo Prefeito Sandrinho Palmeira, a gest\u00e3o est\u00e1 convocando quase o dobro do as vagas inicialmente anunciadas, 83. O chamamento atende \u00e0s necessidades da gest\u00e3o e contempla aprovados inseridos no cadastro de reservas.<\/span><\/p>\n<p style=\"text-align: justify;\"><span style=\"font-size: 14pt; font-family: arial, helvetica, sans-serif;\">De acordo com o an\u00fancio, est\u00e3o sendo convocados 85 professores \u2013 dos anos iniciais e finais do ensino fundamental -, 08 agentes de tr\u00e2nsito, 10 agentes administrativos, 01 psic\u00f3logo e 01 assistente social.<\/span><\/p>\n<p style=\"text-align: justify;\"><span style=\"font-size: 14pt; font-family: arial, helvetica, sans-serif;\">Quando somadas os 52 concursados que j\u00e1 tomaram posse a esses 108 convocados, a Prefeitura de Afogados passar\u00e1 a contar com 160 novos profissionais concursados.<\/span><\/p>\n<p style=\"text-align: justify;\"><span style=\"font-size: 14pt; font-family: arial, helvetica, sans-serif;\"><a href=\"https:\/\/cloud.it-solucoes.inf.br\/transparenciaMunicipal\/download\/43-20250606144926.pdf\" target=\"_blank\" rel=\"noopener\"><strong>Confira a rela\u00e7\u00e3o clicando aqui.<\/strong><\/a><\/span><\/p>\n","protected":false},"excerpt":{"rendered":"<p>A Prefeitura de Afogados informa a rela&ccedil;&atilde;o com os nomes dos novos convocados do concurso p&uacute;blico realizado pela gest&atilde;o municipal. Conforme anunciado na semana passada pelo Prefeito Sandrinho Palmeira, a gest&atilde;o est&aacute; convocando quase o dobro do as vagas inicialmente anunciadas, 83. O chamamento atende &agrave;s necessidades da gest&atilde;o e contempla aprovados inseridos no cadastro de reservas. De acordo com o an&uacute;ncio, est&atilde;o sendo convocados 85 professores &ndash; dos anos iniciais e finais do ensino fundamental -, 08 agentes de tr&acirc;nsito, 10 agentes administrativos, 01 psic&oacute;logo e 01 assistente social. Quando somadas os 52 concursados que j&aacute; tomaram posse a &#8230; <\/p>\n<p class=\"read-more-container\"><a title=\"Prefeitura de Afogados divulga lista com nomes de novos convocados em concurso p\u00fablico\" class=\"read-more button\" href=\"https:\/\/blogdojuniorcavalcanti.com.br\/index.php\/2025\/06\/07\/prefeitura-de-afogados-divulga-lista-com-nomes-de-novos-convocados-em-concurso-publico\/#more-44094\" aria-label=\"More on Prefeitura de Afogados divulga lista com nomes de novos convocados em concurso p\u00fablico\">Leia mais<\/a><\/p>\n","protected":false},"author":2,"featured_media":44095,"comment_status":"open","ping_status":"open","sticky":false,"template":"","format":"standard","meta":{"footnotes":""},"categories":[25],"tags":[],"class_list":["post-44094","post","type-post","status-publish","format-standard","has-post-thumbnail","hentry","category-destaque","resize-featured-image"],"_links":{"self":[{"href":"https:\/\/blogdojuniorcavalcanti.com.br\/index.php\/wp-json\/wp\/v2\/posts\/44094","targetHints":{"allow":["GET"]}}],"collection":[{"href":"https:\/\/blogdojuniorcavalcanti.com.br\/index.php\/wp-json\/wp\/v2\/posts"}],"about":[{"href":"https:\/\/blogdojuniorcavalcanti.com.br\/index.php\/wp-json\/wp\/v2\/types\/post"}],"author":[{"embeddable":true,"href":"https:\/\/blogdojuniorcavalcanti.com.br\/index.php\/wp-json\/wp\/v2\/users\/2"}],"replies":[{"embeddable":true,"href":"https:\/\/blogdojuniorcavalcanti.com.br\/index.php\/wp-json\/wp\/v2\/comments?post=44094"}],"version-history":[{"count":1,"href":"https:\/\/blogdojuniorcavalcanti.com.br\/index.php\/wp-json\/wp\/v2\/posts\/44094\/revisions"}],"predecessor-version":[{"id":44096,"href":"https:\/\/blogdojuniorcavalcanti.com.br\/index.php\/wp-json\/wp\/v2\/posts\/44094\/revisions\/44096"}],"wp:featuredmedia":[{"embeddable":true,"href":"https:\/\/blogdojuniorcavalcanti.com.br\/index.php\/wp-json\/wp\/v2\/media\/44095"}],"wp:attachment":[{"href":"https:\/\/blogdojuniorcavalcanti.com.br\/index.php\/wp-json\/wp\/v2\/media?parent=44094"}],"wp:term":[{"taxonomy":"category","embeddable":true,"href":"https:\/\/blogdojuniorcavalcanti.com.br\/index.php\/wp-json\/wp\/v2\/categories?post=44094"},{"taxonomy":"post_tag","embeddable":true,"href":"https:\/\/blogdojuniorcavalcanti.com.br\/index.php\/wp-json\/wp\/v2\/tags?post=44094"}],"curies":[{"name":"wp","href":"https:\/\/api.w.org\/{rel}","templated":true}]}}