{"id":44103,"date":"2025-06-07T09:37:27","date_gmt":"2025-06-07T12:37:27","guid":{"rendered":"https:\/\/blogdojuniorcavalcanti.com.br\/?p=44103"},"modified":"2025-06-07T09:37:27","modified_gmt":"2025-06-07T12:37:27","slug":"anotacao-do-careca-do-inss-sugere-propina-a-juizes","status":"publish","type":"post","link":"https:\/\/blogdojuniorcavalcanti.com.br\/index.php\/2025\/06\/07\/anotacao-do-careca-do-inss-sugere-propina-a-juizes\/","title":{"rendered":"Anota\u00e7\u00e3o do Careca do INSS sugere propina a ju\u00edzes"},"content":{"rendered":"<div>\n<p style=\"text-align: justify;\"><span style=\"font-size: 14pt;\"><span class=\"capitalize\"><img fetchpriority=\"high\" decoding=\"async\" class=\"alignleft wp-image-307011 jetpack-lazy-image jetpack-lazy-image--handled\" src=\"https:\/\/i0.wp.com\/nilljunior.com.br\/wp-content\/uploads\/2025\/06\/images-32-30.jpeg?resize=400%2C284&amp;ssl=1\" sizes=\"(max-width: 400px) 100vw, 400px\" srcset=\"https:\/\/i0.wp.com\/nilljunior.com.br\/wp-content\/uploads\/2025\/06\/images-32-30.jpeg?w=589&amp;ssl=1 589w, https:\/\/i0.wp.com\/nilljunior.com.br\/wp-content\/uploads\/2025\/06\/images-32-30.jpeg?resize=300%2C213&amp;ssl=1 300w, https:\/\/i0.wp.com\/nilljunior.com.br\/wp-content\/uploads\/2025\/06\/images-32-30.jpeg?resize=564%2C400&amp;ssl=1 564w\" alt=\"\" width=\"400\" height=\"284\" data-attachment-id=\"307011\" data-permalink=\"https:\/\/nilljunior.com.br\/anotacao-do-careca-do-inss-sugere-propina-a-juizes\/images-32-30\/\" data-orig-file=\"https:\/\/i0.wp.com\/nilljunior.com.br\/wp-content\/uploads\/2025\/06\/images-32-30.jpeg?fit=589%2C418&amp;ssl=1\" data-orig-size=\"589,418\" data-comments-opened=\"1\" data-image-meta=\"{&quot;aperture&quot;:&quot;0&quot;,&quot;credit&quot;:&quot;&quot;,&quot;camera&quot;:&quot;&quot;,&quot;caption&quot;:&quot;&quot;,&quot;created_timestamp&quot;:&quot;0&quot;,&quot;copyright&quot;:&quot;&quot;,&quot;focal_length&quot;:&quot;0&quot;,&quot;iso&quot;:&quot;0&quot;,&quot;shutter_speed&quot;:&quot;0&quot;,&quot;title&quot;:&quot;&quot;,&quot;orientation&quot;:&quot;1&quot;}\" data-image-title=\"images (32) (30)\" data-image-description=\"\" data-medium-file=\"https:\/\/i0.wp.com\/nilljunior.com.br\/wp-content\/uploads\/2025\/06\/images-32-30.jpeg?fit=300%2C213&amp;ssl=1\" data-large-file=\"https:\/\/i0.wp.com\/nilljunior.com.br\/wp-content\/uploads\/2025\/06\/images-32-30.jpeg?fit=564%2C400&amp;ssl=1\" data-recalc-dims=\"1\" data-lazy-loaded=\"1\" \/><span style=\"font-family: arial, helvetica, sans-serif;\">O\u00a0<\/span><\/span><span style=\"font-family: arial, helvetica, sans-serif;\">esquema de fraudes que drenou bilh\u00f5es de reais das aposentadorias dos brasileiros atravessou tr\u00eas governos e resistiu a sucessivas tentativas de conten\u00e7\u00e3o.<\/span><\/span><\/p>\n<p style=\"text-align: justify;\"><span style=\"font-size: 14pt; font-family: arial, helvetica, sans-serif;\">No centro da engrenagem, operavam servidores do alto escal\u00e3o do INSS e entidades de fachada que lucravam com descontos indevidos em folha. Mas uma anota\u00e7\u00e3o descoberta pela Pol\u00edcia Federal pode elevar a gravidade do caso a outro patamar.<\/span><\/p>\n<\/div>\n<div style=\"text-align: justify;\">\n<p><span style=\"font-size: 14pt; font-family: arial, helvetica, sans-serif;\">A\u00a0<strong>Piau\u00ed<\/strong>\u00a0apurou que, entre os mais de dez cadernos apreendidos com Antonio Carlos Camilo Antunes \u2013 o \u201cCareca do INSS\u201d, operador financeiro do esquema \u2013, h\u00e1 uma anota\u00e7\u00e3o que menciona a \u201cJusti\u00e7a do DF\u201d, associada a um percentual.<\/span><\/p>\n<p><span style=\"font-size: 14pt; font-family: arial, helvetica, sans-serif;\">O registro foi feito por sua secret\u00e1ria, a mesma que escreveu, nessa folha de caderno, os nomes \u201cStefanutto 30%\u201d e \u201cVirg\u00edlio 30%\u201d, em prov\u00e1vel refer\u00eancia ao ent\u00e3o presidente do INSS, Alessandro Stefanutto, e ao procurador-geral da autarquia, Virg\u00edlio de Oliveira Filho, ambos investigados e afastados de seus cargos.<\/span><\/p>\n<p><span style=\"font-size: 14pt; font-family: arial, helvetica, sans-serif;\">Uma reportagem publicada pela\u00a0<b>piau\u00ed<\/b>\u00a0h\u00e1 poucos dias detalhou o\u00a0<a href=\"https:\/\/piaui.folha.uol.com.br\/inss-ano-2022-virgilio-oliveira-filho\/\" target=\"_blank\" rel=\"noopener\">pagamento de propinas<\/a>\u00a0a Oliveira Filho.<\/span><\/p>\n<\/div>\n<div>\n<p style=\"text-align: justify;\"><span style=\"font-size: 14pt; font-family: arial, helvetica, sans-serif;\">A\u00a0<b>piau\u00ed<\/b>\u00a0ouviu quatro autoridades que tiveram acesso ao material apreendido na opera\u00e7\u00e3o. Todas confirmam a cita\u00e7\u00e3o ao bra\u00e7o do Judici\u00e1rio do DF, mas h\u00e1 diverg\u00eancias em rela\u00e7\u00e3o ao percentual. Para uns, a anota\u00e7\u00e3o informa \u201cJusti\u00e7a do DF 15%\u201d. Para outros, \u201cJusti\u00e7a do DF 40%\u201d. Os cadernos foram encontrados na sede da Prospect, empresa de consultoria pertencente ao Careca do INSS e localizada em Taguatinga (DF).<\/span><\/p>\n<p style=\"text-align: justify;\"><span style=\"font-size: 14pt; font-family: arial, helvetica, sans-serif;\">A Pol\u00edcia Federal est\u00e1 debru\u00e7ada sobre essa informa\u00e7\u00e3o. At\u00e9 agora, trabalha com duas hip\u00f3teses: os percentuais podem se referir a despesas judiciais ou, numa leitura grave, indicar um repasse de propina.<\/span><\/p>\n<p style=\"text-align: justify;\"><span style=\"font-size: 14pt; font-family: arial, helvetica, sans-serif;\">Os documentos que agora v\u00eam \u00e0 tona foram apreendidos na Opera\u00e7\u00e3o Sem Desconto, deflagrada pela Pol\u00edcia Federal na manh\u00e3 de 23 de abril. Em 34 cidades, 628 policiais federais cumpriram 211 mandados de busca e apreens\u00e3o e 6 mandados de pris\u00e3o tempor\u00e1ria. Em maio, os policiais voltaram a campo e apreenderam ve\u00edculos de luxo atribu\u00eddos ao Careca do INSS. Estima-se que o esquema roubou cerca de 6 bilh\u00f5es de reais de pelo menos 1 milh\u00e3o de aposentados e pensionistas.<\/span><\/p>\n<p style=\"text-align: justify;\"><span style=\"font-size: 14pt; font-family: arial, helvetica, sans-serif;\">Enquanto os repasses suspeitos e os percentuais se multiplicavam, propostas de controle e auditorias internas eram sistematicamente engavetadas. A proposta de coopera\u00e7\u00e3o da CGU com o INSS para prevenir fraudes, por exemplo, foi arquivada sem explica\u00e7\u00f5es em janeiro de 2024. Um servidor da autarquia ouvido pela piau\u00ed atribui o sepultamento da medida a Stefanutto: \u201cEle enterrou o assunto.\u201d<\/span><\/p>\n<\/div>\n","protected":false},"excerpt":{"rendered":"<p>O&nbsp;esquema de fraudes que drenou bilh&otilde;es de reais das aposentadorias dos brasileiros atravessou tr&ecirc;s governos e resistiu a sucessivas tentativas de conten&ccedil;&atilde;o. No centro da engrenagem, operavam servidores do alto escal&atilde;o do INSS e entidades de fachada que lucravam com descontos indevidos em folha. Mas uma anota&ccedil;&atilde;o descoberta pela Pol&iacute;cia Federal pode elevar a gravidade do caso a outro patamar. A&nbsp;Piau&iacute;&nbsp;apurou que, entre os mais de dez cadernos apreendidos com Antonio Carlos Camilo Antunes &ndash; o &ldquo;Careca do INSS&rdquo;, operador financeiro do esquema &ndash;, h&aacute; uma anota&ccedil;&atilde;o que menciona a &ldquo;Justi&ccedil;a do DF&rdquo;, associada a um percentual. O registro foi &#8230; <\/p>\n<p class=\"read-more-container\"><a title=\"Anota\u00e7\u00e3o do Careca do INSS sugere propina a ju\u00edzes\" class=\"read-more button\" href=\"https:\/\/blogdojuniorcavalcanti.com.br\/index.php\/2025\/06\/07\/anotacao-do-careca-do-inss-sugere-propina-a-juizes\/#more-44103\" aria-label=\"More on Anota\u00e7\u00e3o do Careca do INSS sugere propina a ju\u00edzes\">Leia mais<\/a><\/p>\n","protected":false},"author":2,"featured_media":0,"comment_status":"open","ping_status":"open","sticky":false,"template":"","format":"standard","meta":{"footnotes":""},"categories":[1],"tags":[],"class_list":["post-44103","post","type-post","status-publish","format-standard","hentry","category-sem-categoria"],"_links":{"self":[{"href":"https:\/\/blogdojuniorcavalcanti.com.br\/index.php\/wp-json\/wp\/v2\/posts\/44103","targetHints":{"allow":["GET"]}}],"collection":[{"href":"https:\/\/blogdojuniorcavalcanti.com.br\/index.php\/wp-json\/wp\/v2\/posts"}],"about":[{"href":"https:\/\/blogdojuniorcavalcanti.com.br\/index.php\/wp-json\/wp\/v2\/types\/post"}],"author":[{"embeddable":true,"href":"https:\/\/blogdojuniorcavalcanti.com.br\/index.php\/wp-json\/wp\/v2\/users\/2"}],"replies":[{"embeddable":true,"href":"https:\/\/blogdojuniorcavalcanti.com.br\/index.php\/wp-json\/wp\/v2\/comments?post=44103"}],"version-history":[{"count":1,"href":"https:\/\/blogdojuniorcavalcanti.com.br\/index.php\/wp-json\/wp\/v2\/posts\/44103\/revisions"}],"predecessor-version":[{"id":44104,"href":"https:\/\/blogdojuniorcavalcanti.com.br\/index.php\/wp-json\/wp\/v2\/posts\/44103\/revisions\/44104"}],"wp:attachment":[{"href":"https:\/\/blogdojuniorcavalcanti.com.br\/index.php\/wp-json\/wp\/v2\/media?parent=44103"}],"wp:term":[{"taxonomy":"category","embeddable":true,"href":"https:\/\/blogdojuniorcavalcanti.com.br\/index.php\/wp-json\/wp\/v2\/categories?post=44103"},{"taxonomy":"post_tag","embeddable":true,"href":"https:\/\/blogdojuniorcavalcanti.com.br\/index.php\/wp-json\/wp\/v2\/tags?post=44103"}],"curies":[{"name":"wp","href":"https:\/\/api.w.org\/{rel}","templated":true}]}}