{"id":44149,"date":"2025-06-10T08:06:15","date_gmt":"2025-06-10T11:06:15","guid":{"rendered":"https:\/\/blogdojuniorcavalcanti.com.br\/?p=44149"},"modified":"2025-06-10T08:06:15","modified_gmt":"2025-06-10T11:06:15","slug":"prefeitura-de-iguaracy-se-prepara-para-a-noite-no-parque-com-vacina-e-diversao-nesta-quarta-11-de-junho","status":"publish","type":"post","link":"https:\/\/blogdojuniorcavalcanti.com.br\/index.php\/2025\/06\/10\/prefeitura-de-iguaracy-se-prepara-para-a-noite-no-parque-com-vacina-e-diversao-nesta-quarta-11-de-junho\/","title":{"rendered":"Prefeitura de Iguaracy se prepara para a Noite no Parque com vacina e divers\u00e3o nesta quarta, 11 de junho"},"content":{"rendered":"<p style=\"text-align: justify;\"><span style=\"font-size: 14pt; font-family: arial, helvetica, sans-serif;\">A Prefeitura de Iguaracy e a Secretaria Municipal de Sa\u00fade programa uma noite especial com: alegria e cuidado com a sa\u00fade. Na pr\u00f3ximo quarta-feira, 11 de junho, o Parque Florestal em Iguaracy receber\u00e1 a iniciativa \u201cNoite no Parque com Vacina e Divers\u00e3o\u201d, promovida pela Prefeitura de Iguaracy, por meio da Secretaria Municipal de Sa\u00fade.<\/span><\/p>\n<p style=\"text-align: justify;\"><span style=\"font-size: 14pt; font-family: arial, helvetica, sans-serif;\">A partir das 17h, moradores de todas as idades poder\u00e3o desfrutar de uma programa\u00e7\u00e3o repleta de atividades recreativas, incluindo pula-pula, algod\u00e3o doce, sorvete, brincadeiras, al\u00e9m de sorteios de brindes. Mas, al\u00e9m da divers\u00e3o, o evento tamb\u00e9m ser\u00e1 uma oportunidade importante para a atualiza\u00e7\u00e3o da vacina\u00e7\u00e3o contra diversas doen\u00e7as, refor\u00e7ando o compromisso da administra\u00e7\u00e3o com a sa\u00fade da popula\u00e7\u00e3o.<\/span><\/p>\n<p style=\"text-align: justify;\"><span style=\"font-size: 14pt; font-family: arial, helvetica, sans-serif;\">O prefeito de Iguaracy, Dr. Pedro Alves, refor\u00e7a o papel do evento na promo\u00e7\u00e3o da sa\u00fade e do bem-estar da comunidade. \u201cVamos aproveitar essa oportunidade para nos divertir e, ao mesmo tempo, nos proteger. A sa\u00fade \u00e9 prioridade, e a\u00e7\u00f5es como essa fortalecem a nossa comunidade\u201d, afirmou.<\/span><\/p>\n<p style=\"text-align: justify;\"><span style=\"font-size: 14pt; font-family: arial, helvetica, sans-serif;\">Para garantir a imuniza\u00e7\u00e3o, \u00e9 necess\u00e1rio levar o cart\u00e3o de vacina\u00e7\u00e3o, CPF e o Cart\u00e3o do SUS. A iniciativa visa facilitar o acesso \u00e0s vacinas e estimular a popula\u00e7\u00e3o a ficar em dia com a sa\u00fade.<\/span><\/p>\n","protected":false},"excerpt":{"rendered":"<p>A Prefeitura de Iguaracy e a Secretaria Municipal de Sa&uacute;de programa uma noite especial com: alegria e cuidado com a sa&uacute;de. Na pr&oacute;ximo quarta-feira, 11 de junho, o Parque Florestal em Iguaracy receber&aacute; a iniciativa &ldquo;Noite no Parque com Vacina e Divers&atilde;o&rdquo;, promovida pela Prefeitura de Iguaracy, por meio da Secretaria Municipal de Sa&uacute;de. A partir das 17h, moradores de todas as idades poder&atilde;o desfrutar de uma programa&ccedil;&atilde;o repleta de atividades recreativas, incluindo pula-pula, algod&atilde;o doce, sorvete, brincadeiras, al&eacute;m de sorteios de brindes. Mas, al&eacute;m da divers&atilde;o, o evento tamb&eacute;m ser&aacute; uma oportunidade importante para a atualiza&ccedil;&atilde;o da vacina&ccedil;&atilde;o contra &#8230; <\/p>\n<p class=\"read-more-container\"><a title=\"Prefeitura de Iguaracy se prepara para a Noite no Parque com vacina e divers\u00e3o nesta quarta, 11 de junho\" class=\"read-more button\" href=\"https:\/\/blogdojuniorcavalcanti.com.br\/index.php\/2025\/06\/10\/prefeitura-de-iguaracy-se-prepara-para-a-noite-no-parque-com-vacina-e-diversao-nesta-quarta-11-de-junho\/#more-44149\" aria-label=\"More on Prefeitura de Iguaracy se prepara para a Noite no Parque com vacina e divers\u00e3o nesta quarta, 11 de junho\">Leia mais<\/a><\/p>\n","protected":false},"author":2,"featured_media":44150,"comment_status":"open","ping_status":"open","sticky":false,"template":"","format":"standard","meta":{"footnotes":""},"categories":[25],"tags":[],"class_list":["post-44149","post","type-post","status-publish","format-standard","has-post-thumbnail","hentry","category-destaque","resize-featured-image"],"_links":{"self":[{"href":"https:\/\/blogdojuniorcavalcanti.com.br\/index.php\/wp-json\/wp\/v2\/posts\/44149","targetHints":{"allow":["GET"]}}],"collection":[{"href":"https:\/\/blogdojuniorcavalcanti.com.br\/index.php\/wp-json\/wp\/v2\/posts"}],"about":[{"href":"https:\/\/blogdojuniorcavalcanti.com.br\/index.php\/wp-json\/wp\/v2\/types\/post"}],"author":[{"embeddable":true,"href":"https:\/\/blogdojuniorcavalcanti.com.br\/index.php\/wp-json\/wp\/v2\/users\/2"}],"replies":[{"embeddable":true,"href":"https:\/\/blogdojuniorcavalcanti.com.br\/index.php\/wp-json\/wp\/v2\/comments?post=44149"}],"version-history":[{"count":1,"href":"https:\/\/blogdojuniorcavalcanti.com.br\/index.php\/wp-json\/wp\/v2\/posts\/44149\/revisions"}],"predecessor-version":[{"id":44151,"href":"https:\/\/blogdojuniorcavalcanti.com.br\/index.php\/wp-json\/wp\/v2\/posts\/44149\/revisions\/44151"}],"wp:featuredmedia":[{"embeddable":true,"href":"https:\/\/blogdojuniorcavalcanti.com.br\/index.php\/wp-json\/wp\/v2\/media\/44150"}],"wp:attachment":[{"href":"https:\/\/blogdojuniorcavalcanti.com.br\/index.php\/wp-json\/wp\/v2\/media?parent=44149"}],"wp:term":[{"taxonomy":"category","embeddable":true,"href":"https:\/\/blogdojuniorcavalcanti.com.br\/index.php\/wp-json\/wp\/v2\/categories?post=44149"},{"taxonomy":"post_tag","embeddable":true,"href":"https:\/\/blogdojuniorcavalcanti.com.br\/index.php\/wp-json\/wp\/v2\/tags?post=44149"}],"curies":[{"name":"wp","href":"https:\/\/api.w.org\/{rel}","templated":true}]}}