{"id":4429,"date":"2019-05-25T08:22:08","date_gmt":"2019-05-25T11:22:08","guid":{"rendered":"http:\/\/blogdojuniorcavalcanti.com.br\/?p=4429"},"modified":"2019-05-25T08:22:08","modified_gmt":"2019-05-25T11:22:08","slug":"custodia-equipes-da-secretaria-de-saude-intensificam-vacinacao-contra-a-gripe-na-reta-final-campanha-nacional","status":"publish","type":"post","link":"https:\/\/blogdojuniorcavalcanti.com.br\/index.php\/2019\/05\/25\/custodia-equipes-da-secretaria-de-saude-intensificam-vacinacao-contra-a-gripe-na-reta-final-campanha-nacional\/","title":{"rendered":"Cust\u00f3dia: Equipes da Secret\u00e1ria de Sa\u00fade intensificam vacina\u00e7\u00e3o contra \u00e0 gripe na reta final Campanha Nacional"},"content":{"rendered":"<p style=\"text-align: justify;\"><span style=\"font-size: 14pt; font-family: arial, helvetica, sans-serif;\"><img decoding=\"async\" class=\"alignleft\" src=\"https:\/\/scontent.frec1-2.fna.fbcdn.net\/v\/t1.0-9\/61168544_857718101240938_6843013243431026688_n.jpg?_nc_cat=104&amp;_nc_ht=scontent.frec1-2.fna&amp;oh=493b8d1325f44a971fe976ca4fbd2b63&amp;oe=5D9EBF10\" alt=\"A imagem pode conter: 1 pessoa, em p\u00c3\u00a9\" width=\"171\" height=\"228\" \/>Equipes da Secretaria de Sa\u00fade, se mobilizam na reta final da campanha nacional de vacina\u00e7\u00e3o contra \u00e0 gripe, para atingir o objetivo e o p\u00fablico alvo. O PNI (Programa Nacional de Imuniza\u00e7\u00e3o), atrav\u00e9s da sua coordena\u00e7\u00e3o, mobilizou as equipes e est\u00e1 vacinando pessoas que comp\u00f5em grupos priorit\u00e1rios da Campanha de Vacina\u00e7\u00e3o Contra a Influenza podem se vacinar com mais facilidade, na zona urbana e rural as equipes est\u00e3o realizando vacina\u00e7\u00e3o porta a porta, nos lugares mais long\u00ednquos.<\/span><\/p>\n<p style=\"text-align: justify;\"><span style=\"font-size: 14pt; font-family: arial, helvetica, sans-serif;\">Governo &#8211; Reconstruindo com amor.<\/span><\/p>\n","protected":false},"excerpt":{"rendered":"<p>Equipes da Secretaria de Sa&uacute;de, se mobilizam na reta final da campanha nacional de vacina&ccedil;&atilde;o contra &agrave; gripe, para atingir o objetivo e o p&uacute;blico alvo. O PNI (Programa Nacional de Imuniza&ccedil;&atilde;o), atrav&eacute;s da sua coordena&ccedil;&atilde;o, mobilizou as equipes e est&aacute; vacinando pessoas que comp&otilde;em grupos priorit&aacute;rios da Campanha de Vacina&ccedil;&atilde;o Contra a Influenza podem se vacinar com mais facilidade, na zona urbana e rural as equipes est&atilde;o realizando vacina&ccedil;&atilde;o porta a porta, nos lugares mais long&iacute;nquos. Governo &ndash; Reconstruindo com amor.<\/p>\n","protected":false},"author":2,"featured_media":0,"comment_status":"open","ping_status":"open","sticky":false,"template":"","format":"standard","meta":{"footnotes":""},"categories":[1],"tags":[],"class_list":["post-4429","post","type-post","status-publish","format-standard","hentry","category-sem-categoria"],"_links":{"self":[{"href":"https:\/\/blogdojuniorcavalcanti.com.br\/index.php\/wp-json\/wp\/v2\/posts\/4429","targetHints":{"allow":["GET"]}}],"collection":[{"href":"https:\/\/blogdojuniorcavalcanti.com.br\/index.php\/wp-json\/wp\/v2\/posts"}],"about":[{"href":"https:\/\/blogdojuniorcavalcanti.com.br\/index.php\/wp-json\/wp\/v2\/types\/post"}],"author":[{"embeddable":true,"href":"https:\/\/blogdojuniorcavalcanti.com.br\/index.php\/wp-json\/wp\/v2\/users\/2"}],"replies":[{"embeddable":true,"href":"https:\/\/blogdojuniorcavalcanti.com.br\/index.php\/wp-json\/wp\/v2\/comments?post=4429"}],"version-history":[{"count":1,"href":"https:\/\/blogdojuniorcavalcanti.com.br\/index.php\/wp-json\/wp\/v2\/posts\/4429\/revisions"}],"predecessor-version":[{"id":4430,"href":"https:\/\/blogdojuniorcavalcanti.com.br\/index.php\/wp-json\/wp\/v2\/posts\/4429\/revisions\/4430"}],"wp:attachment":[{"href":"https:\/\/blogdojuniorcavalcanti.com.br\/index.php\/wp-json\/wp\/v2\/media?parent=4429"}],"wp:term":[{"taxonomy":"category","embeddable":true,"href":"https:\/\/blogdojuniorcavalcanti.com.br\/index.php\/wp-json\/wp\/v2\/categories?post=4429"},{"taxonomy":"post_tag","embeddable":true,"href":"https:\/\/blogdojuniorcavalcanti.com.br\/index.php\/wp-json\/wp\/v2\/tags?post=4429"}],"curies":[{"name":"wp","href":"https:\/\/api.w.org\/{rel}","templated":true}]}}