{"id":44543,"date":"2025-06-26T08:10:51","date_gmt":"2025-06-26T11:10:51","guid":{"rendered":"https:\/\/blogdojuniorcavalcanti.com.br\/?p=44543"},"modified":"2025-06-26T08:10:51","modified_gmt":"2025-06-26T11:10:51","slug":"afogados-nota-oficial","status":"publish","type":"post","link":"https:\/\/blogdojuniorcavalcanti.com.br\/index.php\/2025\/06\/26\/afogados-nota-oficial\/","title":{"rendered":"Afogados: Nota Oficial"},"content":{"rendered":"<p style=\"text-align: justify;\"><span style=\"font-size: 14pt; font-family: arial, helvetica, sans-serif;\">A Prefeitura de Afogados da Ingazeira informa que n\u00e3o houve, em nenhum momento, distribui\u00e7\u00e3o de brindes ao p\u00fablico durante nenhuma etapa do projeto arraial do meu bairro 2025.<\/span><\/p>\n<p style=\"text-align: justify;\"><span style=\"font-size: 14pt; font-family: arial, helvetica, sans-serif;\">O que houve foi a iniciativa individual de uma cidad\u00e3, que encomendou uma arte em xilogravura para presentear o Prefeito, numa iniciativa individual, absolutamente pessoal, custeada do seu pr\u00f3prio bolso, sem nenhuma utiliza\u00e7\u00e3o de recursos p\u00fablico como, de forma enganosa, tenta aludir a mat\u00e9ria publicada em alguns blogs locais, de claro vi\u00e9s oposicionista.<\/span><\/p>\n<p style=\"text-align: justify;\"><span style=\"font-size: 14pt; font-family: arial, helvetica, sans-serif;\">Informamos ainda que estamos providenciando toda a documenta\u00e7\u00e3o solicitada para encaminharmos ao MPPE, corroborando a absoluta licitude do Arraial do meu bairro, projeto que levou as melhores tradi\u00e7\u00f5es do nosso S\u00e3o Jo\u00e3o para os bairros de Afogados da Ingazeira.<\/span><\/p>\n","protected":false},"excerpt":{"rendered":"<p>A Prefeitura de Afogados da Ingazeira informa que n&atilde;o houve, em nenhum momento, distribui&ccedil;&atilde;o de brindes ao p&uacute;blico durante nenhuma etapa do projeto arraial do meu bairro 2025. O que houve foi a iniciativa individual de uma cidad&atilde;, que encomendou uma arte em xilogravura para presentear o Prefeito, numa iniciativa individual, absolutamente pessoal, custeada do seu pr&oacute;prio bolso, sem nenhuma utiliza&ccedil;&atilde;o de recursos p&uacute;blico como, de forma enganosa, tenta aludir a mat&eacute;ria publicada em alguns blogs locais, de claro vi&eacute;s oposicionista. Informamos ainda que estamos providenciando toda a documenta&ccedil;&atilde;o solicitada para encaminharmos ao MPPE, corroborando a absoluta licitude do Arraial &#8230; <\/p>\n<p class=\"read-more-container\"><a title=\"Afogados: Nota Oficial\" class=\"read-more button\" href=\"https:\/\/blogdojuniorcavalcanti.com.br\/index.php\/2025\/06\/26\/afogados-nota-oficial\/#more-44543\" aria-label=\"More on Afogados: Nota Oficial\">Leia mais<\/a><\/p>\n","protected":false},"author":2,"featured_media":44544,"comment_status":"open","ping_status":"open","sticky":false,"template":"","format":"standard","meta":{"footnotes":""},"categories":[25],"tags":[],"class_list":["post-44543","post","type-post","status-publish","format-standard","has-post-thumbnail","hentry","category-destaque","resize-featured-image"],"_links":{"self":[{"href":"https:\/\/blogdojuniorcavalcanti.com.br\/index.php\/wp-json\/wp\/v2\/posts\/44543","targetHints":{"allow":["GET"]}}],"collection":[{"href":"https:\/\/blogdojuniorcavalcanti.com.br\/index.php\/wp-json\/wp\/v2\/posts"}],"about":[{"href":"https:\/\/blogdojuniorcavalcanti.com.br\/index.php\/wp-json\/wp\/v2\/types\/post"}],"author":[{"embeddable":true,"href":"https:\/\/blogdojuniorcavalcanti.com.br\/index.php\/wp-json\/wp\/v2\/users\/2"}],"replies":[{"embeddable":true,"href":"https:\/\/blogdojuniorcavalcanti.com.br\/index.php\/wp-json\/wp\/v2\/comments?post=44543"}],"version-history":[{"count":1,"href":"https:\/\/blogdojuniorcavalcanti.com.br\/index.php\/wp-json\/wp\/v2\/posts\/44543\/revisions"}],"predecessor-version":[{"id":44545,"href":"https:\/\/blogdojuniorcavalcanti.com.br\/index.php\/wp-json\/wp\/v2\/posts\/44543\/revisions\/44545"}],"wp:featuredmedia":[{"embeddable":true,"href":"https:\/\/blogdojuniorcavalcanti.com.br\/index.php\/wp-json\/wp\/v2\/media\/44544"}],"wp:attachment":[{"href":"https:\/\/blogdojuniorcavalcanti.com.br\/index.php\/wp-json\/wp\/v2\/media?parent=44543"}],"wp:term":[{"taxonomy":"category","embeddable":true,"href":"https:\/\/blogdojuniorcavalcanti.com.br\/index.php\/wp-json\/wp\/v2\/categories?post=44543"},{"taxonomy":"post_tag","embeddable":true,"href":"https:\/\/blogdojuniorcavalcanti.com.br\/index.php\/wp-json\/wp\/v2\/tags?post=44543"}],"curies":[{"name":"wp","href":"https:\/\/api.w.org\/{rel}","templated":true}]}}