{"id":44821,"date":"2025-07-08T18:37:22","date_gmt":"2025-07-08T21:37:22","guid":{"rendered":"https:\/\/blogdojuniorcavalcanti.com.br\/?p=44821"},"modified":"2025-07-08T18:37:22","modified_gmt":"2025-07-08T21:37:22","slug":"horario-de-verao-podera-ser-necessario-devido-a-deficit-na-capacidade-de-energia-diz-ons","status":"publish","type":"post","link":"https:\/\/blogdojuniorcavalcanti.com.br\/index.php\/2025\/07\/08\/horario-de-verao-podera-ser-necessario-devido-a-deficit-na-capacidade-de-energia-diz-ons\/","title":{"rendered":"Hor\u00e1rio de ver\u00e3o poder\u00e1 ser necess\u00e1rio devido a d\u00e9ficit na capacidade de energia, diz ONS"},"content":{"rendered":"<p><span style=\"font-size: 14pt; font-family: arial, helvetica, sans-serif;\"><img fetchpriority=\"high\" decoding=\"async\" class=\"wp-image-18611 alignleft\" src=\"https:\/\/afogadosonline.com.br\/wp-content\/uploads\/2020\/10\/energia_eletrica.jpg\" sizes=\"(max-width: 637px) 100vw, 637px\" srcset=\"https:\/\/afogadosonline.com.br\/wp-content\/uploads\/2020\/10\/energia_eletrica.jpg 800w, https:\/\/afogadosonline.com.br\/wp-content\/uploads\/2020\/10\/energia_eletrica-300x199.jpg 300w, https:\/\/afogadosonline.com.br\/wp-content\/uploads\/2020\/10\/energia_eletrica-768x510.jpg 768w\" alt=\"\" width=\"343\" height=\"228\" \/><\/span><\/p>\n<p style=\"text-align: left;\"><span style=\"font-size: 14pt; font-family: arial, helvetica, sans-serif;\">A preocupa\u00e7\u00e3o do Operador Nacional do Sistema El\u00e9trico (ONS) com o atendimento da ponta de consumo de energia el\u00e9trica no pa\u00eds se agravou no Plano de Opera\u00e7\u00e3o Energ\u00e9tica (PEN) para o per\u00edodo de 2025-2029, disse ao Estad\u00e3o\/Broadcast o diretor de Planejamento do ONS, Alexandre Zucarato.<\/span><\/p>\n<p style=\"text-align: left;\"><span style=\"font-size: 14pt; font-family: arial, helvetica, sans-serif;\">Segundo ele, \u00e9 poss\u00edvel que este ano seja recomendado ao governo o uso do Hor\u00e1rio de Ver\u00e3o para obter pelo menos mais 2 gigawatts (GW) de refor\u00e7o no Sistema Interligado Nacional (SIN).<\/span><\/p>\n<p style=\"text-align: left;\"><span style=\"font-size: 14pt; font-family: arial, helvetica, sans-serif;\">A decis\u00e3o precisa ser tomada em agosto, j\u00e1 que a medida requer tr\u00eas meses de anteced\u00eancia para ser implantada.<\/span><\/p>\n<p style=\"text-align: left;\"><span style=\"font-size: 14pt; font-family: arial, helvetica, sans-serif;\">\u201cO PEN olha se a quantidade de gera\u00e7\u00e3o dispon\u00edvel, no sentido amplo, se os recursos que temos atendem o consumo do Brasil. O PEN 2025-2029 confirmou o diagn\u00f3stico do ano passado e mostrou agravamento do d\u00e9ficit de pot\u00eancia\u201d, disse Zucarato.<\/span><\/p>\n","protected":false},"excerpt":{"rendered":"<p>A preocupa&ccedil;&atilde;o do Operador Nacional do Sistema El&eacute;trico (ONS) com o atendimento da ponta de consumo de energia el&eacute;trica no pa&iacute;s se agravou no Plano de Opera&ccedil;&atilde;o Energ&eacute;tica (PEN) para o per&iacute;odo de 2025-2029, disse ao Estad&atilde;o\/Broadcast o diretor de Planejamento do ONS, Alexandre Zucarato. Segundo ele, &eacute; poss&iacute;vel que este ano seja recomendado ao governo o uso do Hor&aacute;rio de Ver&atilde;o para obter pelo menos mais 2 gigawatts (GW) de refor&ccedil;o no Sistema Interligado Nacional (SIN). A decis&atilde;o precisa ser tomada em agosto, j&aacute; que a medida requer tr&ecirc;s meses de anteced&ecirc;ncia para ser implantada. &ldquo;O PEN olha se &#8230; <\/p>\n<p class=\"read-more-container\"><a title=\"Hor\u00e1rio de ver\u00e3o poder\u00e1 ser necess\u00e1rio devido a d\u00e9ficit na capacidade de energia, diz ONS\" class=\"read-more button\" href=\"https:\/\/blogdojuniorcavalcanti.com.br\/index.php\/2025\/07\/08\/horario-de-verao-podera-ser-necessario-devido-a-deficit-na-capacidade-de-energia-diz-ons\/#more-44821\" aria-label=\"More on Hor\u00e1rio de ver\u00e3o poder\u00e1 ser necess\u00e1rio devido a d\u00e9ficit na capacidade de energia, diz ONS\">Leia mais<\/a><\/p>\n","protected":false},"author":2,"featured_media":0,"comment_status":"open","ping_status":"open","sticky":false,"template":"","format":"standard","meta":{"footnotes":""},"categories":[26],"tags":[],"class_list":["post-44821","post","type-post","status-publish","format-standard","hentry","category-noticias"],"_links":{"self":[{"href":"https:\/\/blogdojuniorcavalcanti.com.br\/index.php\/wp-json\/wp\/v2\/posts\/44821","targetHints":{"allow":["GET"]}}],"collection":[{"href":"https:\/\/blogdojuniorcavalcanti.com.br\/index.php\/wp-json\/wp\/v2\/posts"}],"about":[{"href":"https:\/\/blogdojuniorcavalcanti.com.br\/index.php\/wp-json\/wp\/v2\/types\/post"}],"author":[{"embeddable":true,"href":"https:\/\/blogdojuniorcavalcanti.com.br\/index.php\/wp-json\/wp\/v2\/users\/2"}],"replies":[{"embeddable":true,"href":"https:\/\/blogdojuniorcavalcanti.com.br\/index.php\/wp-json\/wp\/v2\/comments?post=44821"}],"version-history":[{"count":1,"href":"https:\/\/blogdojuniorcavalcanti.com.br\/index.php\/wp-json\/wp\/v2\/posts\/44821\/revisions"}],"predecessor-version":[{"id":44822,"href":"https:\/\/blogdojuniorcavalcanti.com.br\/index.php\/wp-json\/wp\/v2\/posts\/44821\/revisions\/44822"}],"wp:attachment":[{"href":"https:\/\/blogdojuniorcavalcanti.com.br\/index.php\/wp-json\/wp\/v2\/media?parent=44821"}],"wp:term":[{"taxonomy":"category","embeddable":true,"href":"https:\/\/blogdojuniorcavalcanti.com.br\/index.php\/wp-json\/wp\/v2\/categories?post=44821"},{"taxonomy":"post_tag","embeddable":true,"href":"https:\/\/blogdojuniorcavalcanti.com.br\/index.php\/wp-json\/wp\/v2\/tags?post=44821"}],"curies":[{"name":"wp","href":"https:\/\/api.w.org\/{rel}","templated":true}]}}