{"id":44945,"date":"2025-07-16T07:59:56","date_gmt":"2025-07-16T10:59:56","guid":{"rendered":"https:\/\/blogdojuniorcavalcanti.com.br\/?p=44945"},"modified":"2025-07-16T07:59:56","modified_gmt":"2025-07-16T10:59:56","slug":"governo-de-pernambuco-diz-que-estado-tem-queda-nos-homicidios-pelo-14o-mes-consecutivo","status":"publish","type":"post","link":"https:\/\/blogdojuniorcavalcanti.com.br\/index.php\/2025\/07\/16\/governo-de-pernambuco-diz-que-estado-tem-queda-nos-homicidios-pelo-14o-mes-consecutivo\/","title":{"rendered":"Governo de Pernambuco diz que Estado tem queda nos homic\u00eddios pelo 14\u00ba m\u00eas consecutivo"},"content":{"rendered":"<p style=\"text-align: justify;\"><span style=\"font-size: 14pt; font-family: arial, helvetica, sans-serif;\"><img fetchpriority=\"high\" decoding=\"async\" class=\"alignleft\" src=\"https:\/\/www.diariodepernambuco.com.br\/_midias\/jpg\/2025\/07\/15\/1200x800\/1_whatsapp_image_2025_07_15_at_19_16_10-683820.jpeg\" alt=\"Popula\u00e7\u00e3o pode ter celular recuperado pelo Programa Recupera, do governo do estado\/Foto: Divulga\u00e7\u00e3o\/SDS-PE\" width=\"381\" height=\"254\" \/><\/span><\/p>\n<p style=\"text-align: justify;\"><span style=\"font-size: 14pt; font-family: arial, helvetica, sans-serif;\">Pernambuco registrou, em junho deste ano, 251 casos de Mortes Violentas Intencionais (MVI), o que representa uma queda de 1,2% em rela\u00e7\u00e3o ao mesmo per\u00edodo do ano passado, segundo o balan\u00e7o do governo do estado. Ainda de acordo com os dados, este \u00e9 o segundo melhor junho da s\u00e9rie hist\u00f3rica, iniciada em 2004, e o 14\u00ba m\u00eas com queda nos homic\u00eddios.<\/span><\/p>\n<p style=\"text-align: justify;\"><span style=\"font-size: 14pt; font-family: arial, helvetica, sans-serif;\">As mortes violentas intencionais abrangem os casos de homic\u00eddio doloso, como v\u00edtimas feminic\u00eddios, latroc\u00ednio, les\u00e3o corporal seguida de morte e mortes decorrentes de interven\u00e7\u00f5es policiais.<\/span><\/p>\n<p style=\"text-align: justify;\"><span style=\"font-size: 14pt; font-family: arial, helvetica, sans-serif;\">\u201cEssa continuidade na redu\u00e7\u00e3o dos homic\u00eddios \u00e9 resultado direto da integra\u00e7\u00e3o entre as for\u00e7as de seguran\u00e7a, da an\u00e1lise estrat\u00e9gica dos territ\u00f3rios e do investimento em intelig\u00eancia policial e a\u00e7\u00f5es coordenadas\u201d, afirmou o secret\u00e1rio de Defesa Social, Alessandro Carvalho.<\/span><\/p>\n<p style=\"text-align: justify;\"><span style=\"font-size: 14pt; font-family: arial, helvetica, sans-serif;\">para o m\u00eas de junho, com 3.563 ocorr\u00eancias, sinalizando progresso no enfrentamento a roubos e furtos em todo o estado.<\/span><\/p>\n<p style=\"text-align: justify;\"><span style=\"font-size: 14pt; font-family: arial, helvetica, sans-serif;\">Houve, ainda, queda de 8,1% nos furtos de ve\u00edculos, com 54 registros a menos do que no mesmo m\u00eas de 2024. Ao todo foram recuperados 654 ve\u00edculos, o que representa 42,44% do total subtra\u00eddo.<\/span><\/p>\n<p style=\"text-align: justify;\"><span style=\"font-size: 14pt; font-family: arial, helvetica, sans-serif;\">Os casos de roubos e furtos de celulares ca\u00edram em 7,4%. \u201cAinda temos muitos desafios, mas o caminho est\u00e1 tra\u00e7ado com integra\u00e7\u00e3o entre as pol\u00edcias, uso estrat\u00e9gico de dados e tecnologia e, principalmente, compromisso com a vida e com a paz social no nosso Estado\u201d, finalizou o secret\u00e1rio da SDS.<\/span><\/p>\n","protected":false},"excerpt":{"rendered":"<p>Pernambuco registrou, em junho deste ano, 251 casos de Mortes Violentas Intencionais (MVI), o que representa uma queda de 1,2% em rela&ccedil;&atilde;o ao mesmo per&iacute;odo do ano passado, segundo o balan&ccedil;o do governo do estado. Ainda de acordo com os dados, este &eacute; o segundo melhor junho da s&eacute;rie hist&oacute;rica, iniciada em 2004, e o 14&ordm; m&ecirc;s com queda nos homic&iacute;dios. As mortes violentas intencionais abrangem os casos de homic&iacute;dio doloso, como v&iacute;timas feminic&iacute;dios, latroc&iacute;nio, les&atilde;o corporal seguida de morte e mortes decorrentes de interven&ccedil;&otilde;es policiais. &ldquo;Essa continuidade na redu&ccedil;&atilde;o dos homic&iacute;dios &eacute; resultado direto da integra&ccedil;&atilde;o entre as for&ccedil;as &#8230; <\/p>\n<p class=\"read-more-container\"><a title=\"Governo de Pernambuco diz que Estado tem queda nos homic\u00eddios pelo 14\u00ba m\u00eas consecutivo\" class=\"read-more button\" href=\"https:\/\/blogdojuniorcavalcanti.com.br\/index.php\/2025\/07\/16\/governo-de-pernambuco-diz-que-estado-tem-queda-nos-homicidios-pelo-14o-mes-consecutivo\/#more-44945\" aria-label=\"More on Governo de Pernambuco diz que Estado tem queda nos homic\u00eddios pelo 14\u00ba m\u00eas consecutivo\">Leia mais<\/a><\/p>\n","protected":false},"author":2,"featured_media":0,"comment_status":"open","ping_status":"open","sticky":false,"template":"","format":"standard","meta":{"footnotes":""},"categories":[26],"tags":[],"class_list":["post-44945","post","type-post","status-publish","format-standard","hentry","category-noticias"],"_links":{"self":[{"href":"https:\/\/blogdojuniorcavalcanti.com.br\/index.php\/wp-json\/wp\/v2\/posts\/44945","targetHints":{"allow":["GET"]}}],"collection":[{"href":"https:\/\/blogdojuniorcavalcanti.com.br\/index.php\/wp-json\/wp\/v2\/posts"}],"about":[{"href":"https:\/\/blogdojuniorcavalcanti.com.br\/index.php\/wp-json\/wp\/v2\/types\/post"}],"author":[{"embeddable":true,"href":"https:\/\/blogdojuniorcavalcanti.com.br\/index.php\/wp-json\/wp\/v2\/users\/2"}],"replies":[{"embeddable":true,"href":"https:\/\/blogdojuniorcavalcanti.com.br\/index.php\/wp-json\/wp\/v2\/comments?post=44945"}],"version-history":[{"count":1,"href":"https:\/\/blogdojuniorcavalcanti.com.br\/index.php\/wp-json\/wp\/v2\/posts\/44945\/revisions"}],"predecessor-version":[{"id":44946,"href":"https:\/\/blogdojuniorcavalcanti.com.br\/index.php\/wp-json\/wp\/v2\/posts\/44945\/revisions\/44946"}],"wp:attachment":[{"href":"https:\/\/blogdojuniorcavalcanti.com.br\/index.php\/wp-json\/wp\/v2\/media?parent=44945"}],"wp:term":[{"taxonomy":"category","embeddable":true,"href":"https:\/\/blogdojuniorcavalcanti.com.br\/index.php\/wp-json\/wp\/v2\/categories?post=44945"},{"taxonomy":"post_tag","embeddable":true,"href":"https:\/\/blogdojuniorcavalcanti.com.br\/index.php\/wp-json\/wp\/v2\/tags?post=44945"}],"curies":[{"name":"wp","href":"https:\/\/api.w.org\/{rel}","templated":true}]}}