{"id":44991,"date":"2025-07-17T18:16:29","date_gmt":"2025-07-17T21:16:29","guid":{"rendered":"https:\/\/blogdojuniorcavalcanti.com.br\/?p=44991"},"modified":"2025-07-17T18:16:29","modified_gmt":"2025-07-17T21:16:29","slug":"saiba-quais-pernambucanos-votaram-a-favor-da-pl-da-devastacao","status":"publish","type":"post","link":"https:\/\/blogdojuniorcavalcanti.com.br\/index.php\/2025\/07\/17\/saiba-quais-pernambucanos-votaram-a-favor-da-pl-da-devastacao\/","title":{"rendered":"Saiba quais pernambucanos votaram a favor da PL da Devasta\u00e7\u00e3o"},"content":{"rendered":"<p style=\"text-align: justify;\"><span style=\"font-size: 14pt;\"><img fetchpriority=\"high\" decoding=\"async\" class=\"alignleft wp-image-309437 jetpack-lazy-image jetpack-lazy-image--handled\" src=\"https:\/\/i0.wp.com\/nilljunior.com.br\/wp-content\/uploads\/2025\/07\/pl-devasta%C3%A7%C3%A3o-PE.jpg?resize=400%2C403&amp;ssl=1\" sizes=\"(max-width: 400px) 100vw, 400px\" srcset=\"https:\/\/i0.wp.com\/nilljunior.com.br\/wp-content\/uploads\/2025\/07\/pl-devasta\u00e7\u00e3o-PE.jpg?w=1410&amp;ssl=1 1410w, https:\/\/i0.wp.com\/nilljunior.com.br\/wp-content\/uploads\/2025\/07\/pl-devasta\u00e7\u00e3o-PE.jpg?resize=248%2C250&amp;ssl=1 248w, https:\/\/i0.wp.com\/nilljunior.com.br\/wp-content\/uploads\/2025\/07\/pl-devasta\u00e7\u00e3o-PE.jpg?resize=768%2C773&amp;ssl=1 768w, https:\/\/i0.wp.com\/nilljunior.com.br\/wp-content\/uploads\/2025\/07\/pl-devasta\u00e7\u00e3o-PE.jpg?resize=397%2C400&amp;ssl=1 397w\" alt=\"\" width=\"400\" height=\"403\" data-attachment-id=\"309437\" data-permalink=\"https:\/\/nilljunior.com.br\/saiba-quais-pernambucanos-votaram-a-favor-da-pl-da-devastacao\/pl-devastacao-pe\/\" data-orig-file=\"https:\/\/i0.wp.com\/nilljunior.com.br\/wp-content\/uploads\/2025\/07\/pl-devasta\u00e7\u00e3o-PE.jpg?fit=1410%2C1420&amp;ssl=1\" data-orig-size=\"1410,1420\" data-comments-opened=\"1\" data-image-meta=\"{&quot;aperture&quot;:&quot;0&quot;,&quot;credit&quot;:&quot;&quot;,&quot;camera&quot;:&quot;&quot;,&quot;caption&quot;:&quot;&quot;,&quot;created_timestamp&quot;:&quot;0&quot;,&quot;copyright&quot;:&quot;&quot;,&quot;focal_length&quot;:&quot;0&quot;,&quot;iso&quot;:&quot;0&quot;,&quot;shutter_speed&quot;:&quot;0&quot;,&quot;title&quot;:&quot;&quot;,&quot;orientation&quot;:&quot;1&quot;}\" data-image-title=\"pl devasta\u00e7\u00e3o PE\" data-image-description=\"\" data-medium-file=\"https:\/\/i0.wp.com\/nilljunior.com.br\/wp-content\/uploads\/2025\/07\/pl-devasta\u00e7\u00e3o-PE.jpg?fit=248%2C250&amp;ssl=1\" data-large-file=\"https:\/\/i0.wp.com\/nilljunior.com.br\/wp-content\/uploads\/2025\/07\/pl-devasta\u00e7\u00e3o-PE.jpg?fit=397%2C400&amp;ssl=1\" data-recalc-dims=\"1\" data-lazy-loaded=\"1\" \/><span style=\"font-family: arial, helvetica, sans-serif;\">\u201cUma vergonha!\u201d Com um plen\u00e1rio vazio, muitos parlamentares votando \u00e0 dist\u00e2ncia e sem os debates que um tema t\u00e3o caro exige, os deputados provaram mais uma vez por que o Congresso vem sendo cada vez mais visto como inimigo do povo.<\/span><\/span><\/p>\n<p style=\"text-align: justify;\"><span style=\"font-size: 14pt; font-family: arial, helvetica, sans-serif;\">Enquanto brasileiras e brasileiros dormiam, os parlamentares implodiram o licenciamento ambiental no Brasil \u00e0s 1h53, por 267 votos a favor e 116 contra. E em 17 de julho, Dia Nacional das Florestas e do Curupira, s\u00edmbolo da COP30. O que refor\u00e7a o desprezo do parlamento pelo meio ambiente e pelo clima.<\/span><\/p>\n<p style=\"text-align: justify;\"><span style=\"font-size: 14pt; font-family: arial, helvetica, sans-serif;\">Dias antes, M\u00edriam Leit\u00e3o alertou n\u2019O Globo\u00a0que o presidente da C\u00e2mara dos Deputados, Hugo Motta (Republicanos-PB), corria o risco de inaugurar sua atua\u00e7\u00e3o na \u00e1rea ambiental provocando destrui\u00e7\u00e3o. A previs\u00e3o se confirmou. Ignorando estudos e apelos de especialistas, organiza\u00e7\u00f5es da sociedade civil e empresariais, bem como protestos nas redes e nas ruas, Motta manteve na pauta o projeto. A C\u00e2mara foi c\u00e9lere, apressada para apreciar a proposta antes do recesso parlamentar, que come\u00e7a na 6\u00aa feira. E aprovou o infame projeto.<\/span><\/p>\n<p style=\"text-align: justify;\"><span style=\"font-size: 14pt; font-family: arial, helvetica, sans-serif;\">O relator do PL da Devasta\u00e7\u00e3o, deputado Z\u00e9 Vitor (PL-MG), acatou as emendas dos senadores, que pioraram um texto j\u00e1 muito ruim aprovado antes pelos deputados. Manteve, por exemplo, o absurdo criado pelo presidente do Senado, Davi Alcolumbre (Uni\u00e3o Brasil-AP), do \u201clicenciamento ambiental especial\u201d.<\/span><\/p>\n<p style=\"text-align: justify;\"><span style=\"font-size: 14pt; font-family: arial, helvetica, sans-serif;\">O LAE \u00e9 uma \u201cporteira\u201d escancarada para liberar a toque de caixa projetos de alto impacto ambiental, como os de minera\u00e7\u00e3o, informam\u00a0Folha\u00a0e\u00a0Exame. O relator retirou a atividade do texto, mas voltou atr\u00e1s. O que fez Raul Jungmann, ex-ministro da Seguran\u00e7a P\u00fablica (no governo Temer) e presidente do Instituto Brasileiro de Minera\u00e7\u00e3o (IBRAM), passar de cr\u00edtico a defensor do PL, mostra\u00a0O Globo. Em suma: mais trag\u00e9dias como Mariana e Brumadinho est\u00e3o a caminho.<\/span><\/p>\n<p style=\"text-align: justify;\"><span style=\"font-size: 14pt; font-family: arial, helvetica, sans-serif;\">Os deputados ignoraram a carta do Observat\u00f3rio do Clima (OC) ao ministro das Rela\u00e7\u00f5es Exteriores, Mauro Vieira, sobre o risco diplom\u00e1tico do PL da Devasta\u00e7\u00e3o para o Brasil. Ignoraram o\u00a0parecer t\u00e9cnico\u00a0dos professores Lu\u00eds S\u00e1nchez, da USP, e Alberto Fonseca, da Universidade Federal de Ouro Preto (UFOP), mostrando que o projeto n\u00e3o harmoniza e nem integra regras para chegar numa Lei Geral do Licenciamento Ambiental, e ainda produz mais inseguran\u00e7a jur\u00eddica para empreendedores. E ignoraram tamb\u00e9m o manifesto de quase 30 frentes parlamentares pedindo o adiamento da vota\u00e7\u00e3o e acusando o projeto de ser um golpe na democracia e um p\u00e9ssimo exemplo do pa\u00eds no ano da COP30, informam\u00a0Valor,\u00a0Ag\u00eancia C\u00e2mara,\u00a0O Globo\u00a0e\u00a0Correio Braziliense.<\/span><\/p>\n<p style=\"text-align: justify;\"><span style=\"font-size: 14pt; font-family: arial, helvetica, sans-serif;\">Havia pouca esperan\u00e7a que os deputados ouvissem os protestos da popula\u00e7\u00e3o, nas ruas e nas redes sociais, contra o PL da Devasta\u00e7\u00e3o. Afinal, j\u00e1 mostraram pouco apre\u00e7o ao apelo popular. Mas ignoraram at\u00e9 apelos de empres\u00e1rios de peso, como Candido Bracher, F\u00e1bio Barbosa, Pedro Wongtschowski, Hor\u00e1cio Lafer Piva e Roberto Klabin, relata o\u00a0Estad\u00e3o.<\/span><\/p>\n<p style=\"text-align: justify;\"><span style=\"font-size: 14pt; font-family: arial, helvetica, sans-serif;\">Tamb\u00e9m n\u00e3o seria um alerta sobre o aumento da corrup\u00e7\u00e3o que o PL pode provocar que faria os deputados voltarem atr\u00e1s em sua sanha destruidora. A sinaliza\u00e7\u00e3o foi dada pela Transpar\u00eancia Internacional, destaca\u00a0O Globo. A entidade chamou o projeto de \u201cgrave retrocesso institucional por fragilizar garantias fundamentais de transpar\u00eancia, participa\u00e7\u00e3o social e integridade\u201d.<\/span><\/p>\n<p style=\"text-align: justify;\"><span style=\"font-size: 14pt; font-family: arial, helvetica, sans-serif;\">Advogado ambientalista, deputado respons\u00e1vel pela elabora\u00e7\u00e3o do cap\u00edtulo da Constitui\u00e7\u00e3o de 1988 que trata do meio ambiente e autor ou relator de leis relacionadas \u00e0 tem\u00e1tica, Fabio Feldman, pontuou que o PL tem muitos dispositivos inconstitucionais. O que vai provocar questionamentos no Supremo Tribunal Federal (STF), informa a\u00a0Ag\u00eancia P\u00fablica. Tal certeza j\u00e1 havia sido apontada. Mas tamb\u00e9m n\u00e3o foi considerada pelos congressistas.<\/span><\/p>\n<p style=\"text-align: justify;\"><span style=\"font-size: 14pt; font-family: arial, helvetica, sans-serif;\">Dulce Maria Pereira e Marcos Woortmann, do Instituto Democracia e Sustentabilidade (IDS), chamaram aten\u00e7\u00e3o no\u00a0Estad\u00e3o\u00a0para o risco do Pacto de Transforma\u00e7\u00e3o Ecol\u00f3gica, assinado pelos presidentes dos Tr\u00eas Poderes [incluindo C\u00e2mara e Senado] em agosto de 2024, virar letra morta com a aprova\u00e7\u00e3o do projeto. Nem assim houve recuo dos parlamentares.<\/span><\/p>\n<p style=\"text-align: justify;\"><span style=\"font-size: 14pt; font-family: arial, helvetica, sans-serif;\">Alertas n\u00e3o faltaram, e mesmo assim os deputados seguiram com a destrui\u00e7\u00e3o, liderados por Hugo Motta. A esperan\u00e7a \u00e9 o presidente Lula vetar o texto. Mas seus vetos podem ser derrubados por deputados e senadores. Que provaram n\u00e3o ter o menor pudor em piorar a vida do povo que dizem representar.\u00a0<strong>Veja os deputados pernambucanos que votaram a seu favor:<\/strong><\/span><\/p>\n<p style=\"text-align: justify;\"><span style=\"font-size: 14pt; font-family: arial, helvetica, sans-serif;\"><strong>Andr\u00e9 Ferreira \u2013 PL<\/strong><\/span><\/p>\n<p style=\"text-align: justify;\"><span style=\"font-size: 14pt; font-family: arial, helvetica, sans-serif;\"><strong>Augusto Coutinho \u2013 Republicanos<\/strong><\/span><\/p>\n<p style=\"text-align: justify;\"><span style=\"font-size: 14pt; font-family: arial, helvetica, sans-serif;\"><strong>Clarissa T\u00e9rcio \u2013 PP<\/strong><\/span><\/p>\n<p style=\"text-align: justify;\"><span style=\"font-size: 14pt; font-family: arial, helvetica, sans-serif;\"><strong>Coronel Meira \u2013 PL<\/strong><\/span><\/p>\n<p style=\"text-align: justify;\"><span style=\"font-size: 14pt; font-family: arial, helvetica, sans-serif;\"><strong>Eduardo da Fonte \u2013 PP<\/strong><\/span><\/p>\n<p style=\"text-align: justify;\"><span style=\"font-size: 14pt; font-family: arial, helvetica, sans-serif;\"><strong>Fernando Rodolfo \u2013 PL<\/strong><\/span><\/p>\n<p style=\"text-align: justify;\"><span style=\"font-size: 14pt; font-family: arial, helvetica, sans-serif;\"><strong>Guilherme Uch\u00f4a \u2013 PSB<\/strong><\/span><\/p>\n<p style=\"text-align: justify;\"><span style=\"font-size: 14pt; font-family: arial, helvetica, sans-serif;\"><strong>Mendon\u00e7a Filho \u2013 Uni\u00e3o Brasil<\/strong><\/span><\/p>\n<p style=\"text-align: justify;\"><span style=\"font-size: 14pt; font-family: arial, helvetica, sans-serif;\"><strong>Ossessio Silva \u2013 Republicanos<\/strong><\/span><\/p>\n<p style=\"text-align: justify;\"><span style=\"font-size: 14pt; font-family: arial, helvetica, sans-serif;\"><strong>Pastour Eurico \u2013 PL<\/strong><\/span><\/p>\n<p style=\"text-align: justify;\"><span style=\"font-size: 14pt; font-family: arial, helvetica, sans-serif;\"><strong>Waldemar Oliveira \u2013 AVANTE<\/strong><\/span><\/p>\n","protected":false},"excerpt":{"rendered":"<p>&ldquo;Uma vergonha!&rdquo; Com um plen&aacute;rio vazio, muitos parlamentares votando &agrave; dist&acirc;ncia e sem os debates que um tema t&atilde;o caro exige, os deputados provaram mais uma vez por que o Congresso vem sendo cada vez mais visto como inimigo do povo. Enquanto brasileiras e brasileiros dormiam, os parlamentares implodiram o licenciamento ambiental no Brasil &agrave;s 1h53, por 267 votos a favor e 116 contra. E em 17 de julho, Dia Nacional das Florestas e do Curupira, s&iacute;mbolo da COP30. O que refor&ccedil;a o desprezo do parlamento pelo meio ambiente e pelo clima. Dias antes, M&iacute;riam Leit&atilde;o alertou n&rsquo;O Globo&nbsp;que o &#8230; <\/p>\n<p class=\"read-more-container\"><a title=\"Saiba quais pernambucanos votaram a favor da PL da Devasta\u00e7\u00e3o\" class=\"read-more button\" href=\"https:\/\/blogdojuniorcavalcanti.com.br\/index.php\/2025\/07\/17\/saiba-quais-pernambucanos-votaram-a-favor-da-pl-da-devastacao\/#more-44991\" aria-label=\"More on Saiba quais pernambucanos votaram a favor da PL da Devasta\u00e7\u00e3o\">Leia mais<\/a><\/p>\n","protected":false},"author":2,"featured_media":0,"comment_status":"open","ping_status":"open","sticky":false,"template":"","format":"standard","meta":{"footnotes":""},"categories":[26],"tags":[],"class_list":["post-44991","post","type-post","status-publish","format-standard","hentry","category-noticias"],"_links":{"self":[{"href":"https:\/\/blogdojuniorcavalcanti.com.br\/index.php\/wp-json\/wp\/v2\/posts\/44991","targetHints":{"allow":["GET"]}}],"collection":[{"href":"https:\/\/blogdojuniorcavalcanti.com.br\/index.php\/wp-json\/wp\/v2\/posts"}],"about":[{"href":"https:\/\/blogdojuniorcavalcanti.com.br\/index.php\/wp-json\/wp\/v2\/types\/post"}],"author":[{"embeddable":true,"href":"https:\/\/blogdojuniorcavalcanti.com.br\/index.php\/wp-json\/wp\/v2\/users\/2"}],"replies":[{"embeddable":true,"href":"https:\/\/blogdojuniorcavalcanti.com.br\/index.php\/wp-json\/wp\/v2\/comments?post=44991"}],"version-history":[{"count":1,"href":"https:\/\/blogdojuniorcavalcanti.com.br\/index.php\/wp-json\/wp\/v2\/posts\/44991\/revisions"}],"predecessor-version":[{"id":44992,"href":"https:\/\/blogdojuniorcavalcanti.com.br\/index.php\/wp-json\/wp\/v2\/posts\/44991\/revisions\/44992"}],"wp:attachment":[{"href":"https:\/\/blogdojuniorcavalcanti.com.br\/index.php\/wp-json\/wp\/v2\/media?parent=44991"}],"wp:term":[{"taxonomy":"category","embeddable":true,"href":"https:\/\/blogdojuniorcavalcanti.com.br\/index.php\/wp-json\/wp\/v2\/categories?post=44991"},{"taxonomy":"post_tag","embeddable":true,"href":"https:\/\/blogdojuniorcavalcanti.com.br\/index.php\/wp-json\/wp\/v2\/tags?post=44991"}],"curies":[{"name":"wp","href":"https:\/\/api.w.org\/{rel}","templated":true}]}}