{"id":4507,"date":"2019-05-30T16:00:04","date_gmt":"2019-05-30T19:00:04","guid":{"rendered":"http:\/\/blogdojuniorcavalcanti.com.br\/?p=4507"},"modified":"2019-05-30T16:00:04","modified_gmt":"2019-05-30T19:00:04","slug":"alepe-debate-a-extincao-das-normas-regulamentadoras","status":"publish","type":"post","link":"https:\/\/blogdojuniorcavalcanti.com.br\/index.php\/2019\/05\/30\/alepe-debate-a-extincao-das-normas-regulamentadoras\/","title":{"rendered":"Alepe debate a extin\u00e7\u00e3o das Normas Regulamentadoras"},"content":{"rendered":"<div id=\"attachment_125198\" class=\"wp-caption alignleft\"><span style=\"font-size: 14pt;\"><a href=\"https:\/\/i1.wp.com\/nilljunior.com.br\/wp-content\/uploads\/2018\/05\/22171393080009305220000.jpg\"><img fetchpriority=\"high\" decoding=\"async\" class=\"size-medium wp-image-125198\" src=\"https:\/\/i1.wp.com\/nilljunior.com.br\/wp-content\/uploads\/2018\/05\/22171393080009305220000.jpg?resize=300%2C168\" sizes=\"(max-width: 300px) 100vw, 300px\" srcset=\"https:\/\/i1.wp.com\/nilljunior.com.br\/wp-content\/uploads\/2018\/05\/22171393080009305220000.jpg?resize=300%2C168 300w, https:\/\/i1.wp.com\/nilljunior.com.br\/wp-content\/uploads\/2018\/05\/22171393080009305220000.jpg?resize=768%2C431 768w, https:\/\/i1.wp.com\/nilljunior.com.br\/wp-content\/uploads\/2018\/05\/22171393080009305220000.jpg?resize=600%2C337 600w, https:\/\/i1.wp.com\/nilljunior.com.br\/wp-content\/uploads\/2018\/05\/22171393080009305220000.jpg?w=930 930w\" alt=\"\" width=\"300\" height=\"168\" data-attachment-id=\"125198\" data-permalink=\"http:\/\/nilljunior.com.br\/situacao-do-ipa-sera-tema-de-audiencia-publica-na-alepe\/attachment\/22171393080009305220000\/\" data-orig-file=\"https:\/\/i1.wp.com\/nilljunior.com.br\/wp-content\/uploads\/2018\/05\/22171393080009305220000.jpg?fit=930%2C522\" data-orig-size=\"930,522\" data-comments-opened=\"1\" data-image-meta=\"{&quot;aperture&quot;:&quot;0&quot;,&quot;credit&quot;:&quot;&quot;,&quot;camera&quot;:&quot;&quot;,&quot;caption&quot;:&quot;&quot;,&quot;created_timestamp&quot;:&quot;0&quot;,&quot;copyright&quot;:&quot;&quot;,&quot;focal_length&quot;:&quot;0&quot;,&quot;iso&quot;:&quot;0&quot;,&quot;shutter_speed&quot;:&quot;0&quot;,&quot;title&quot;:&quot;&quot;,&quot;orientation&quot;:&quot;0&quot;}\" data-image-title=\"221713,930,80,0,0,930,522,0,0,0,0\" data-image-description=\"\" data-medium-file=\"https:\/\/i1.wp.com\/nilljunior.com.br\/wp-content\/uploads\/2018\/05\/22171393080009305220000.jpg?fit=300%2C168\" data-large-file=\"https:\/\/i1.wp.com\/nilljunior.com.br\/wp-content\/uploads\/2018\/05\/22171393080009305220000.jpg?fit=600%2C337\" \/><\/a><\/span><\/p>\n<p class=\"wp-caption-text\" style=\"text-align: justify;\"><span style=\"font-size: 14pt; font-family: arial, helvetica, sans-serif;\">Alepe. Foto: Henrique Genecy\/ Folha de Pernambuco<\/span><\/p>\n<\/div>\n<p style=\"text-align: justify;\"><span style=\"font-size: 14pt; font-family: arial, helvetica, sans-serif;\">A Assembleia Legislativa de Pernambuco discutir\u00e1 nesta sexta-feira (31) a extin\u00e7\u00e3o das Normas Regulamentadoras (NR\u2019s), respons\u00e1veis pela seguran\u00e7a e sa\u00fade do trabalhador. Ser\u00e1 \u00e0s 10h, no audit\u00f3rio S\u00e9rgio Guerra, por proposi\u00e7\u00e3o do deputado Estadual Isaltino Nascimento.<\/span><\/p>\n<p style=\"text-align: justify;\"><span style=\"font-size: 14pt; font-family: arial, helvetica, sans-serif;\">O debate foi levantado na casa a partir do an\u00fancio do Governo Federal, que quer extinguir as NR\u2019s, regulamentadas desde 1977 e que passar\u00e3o de 32 a apenas tr\u00eas normas, a partir da medida. \u201cAs NR\u2019s s\u00e3o respons\u00e1veis pela prote\u00e7\u00e3o dos trabalhadores e trabalhadoras e \u00e9 um respaldo da categoria para que as condi\u00e7\u00f5es de trabalho ofere\u00e7am o menor risco \u00e0queles que fazem o desenvolvimento de nosso Pa\u00eds, nas empresas, ind\u00fastrias e demais espa\u00e7os laborais\u201d, explica Isaltino.<\/span><\/p>\n<p style=\"text-align: justify;\"><span style=\"font-size: 14pt; font-family: arial, helvetica, sans-serif;\">Desde a cria\u00e7\u00e3o das normas, a popula\u00e7\u00e3o p\u00f4de contar com a regulamenta\u00e7\u00e3o no uso dos Equipamentos de Prote\u00e7\u00e3o Individuais (EPI\u2019s), a normatiza\u00e7\u00e3o das CIPAS, o controle m\u00e9dico de sa\u00fade ocupacional, entre outros avan\u00e7os. \u201cContamos com a presen\u00e7a da sociedade nessa discuss\u00e3o, das categorias profissionais, representantes do Minist\u00e9rio do Trabalho e de \u00f3rg\u00e3os e institui\u00e7\u00f5es relacionadas. O objetivo \u00e9 aprofundar este debate e conectarmos nossas for\u00e7as para impedir essa medida\u201d, finaliza o deputado autor da proposi\u00e7\u00e3o.<\/span><\/p>\n","protected":false},"excerpt":{"rendered":"<p>Alepe. Foto: Henrique Genecy\/ Folha de Pernambuco A Assembleia Legislativa de Pernambuco discutir&aacute; nesta sexta-feira (31) a extin&ccedil;&atilde;o das Normas Regulamentadoras (NR&rsquo;s), respons&aacute;veis pela seguran&ccedil;a e sa&uacute;de do trabalhador. Ser&aacute; &agrave;s 10h, no audit&oacute;rio S&eacute;rgio Guerra, por proposi&ccedil;&atilde;o do deputado Estadual Isaltino Nascimento. O debate foi levantado na casa a partir do an&uacute;ncio do Governo Federal, que quer extinguir as NR&rsquo;s, regulamentadas desde 1977 e que passar&atilde;o de 32 a apenas tr&ecirc;s normas, a partir da medida. &ldquo;As NR&rsquo;s s&atilde;o respons&aacute;veis pela prote&ccedil;&atilde;o dos trabalhadores e trabalhadoras e &eacute; um respaldo da categoria para que as condi&ccedil;&otilde;es de trabalho ofere&ccedil;am &#8230; <\/p>\n<p class=\"read-more-container\"><a title=\"Alepe debate a extin\u00e7\u00e3o das Normas Regulamentadoras\" class=\"read-more button\" href=\"https:\/\/blogdojuniorcavalcanti.com.br\/index.php\/2019\/05\/30\/alepe-debate-a-extincao-das-normas-regulamentadoras\/#more-4507\" aria-label=\"More on Alepe debate a extin\u00e7\u00e3o das Normas Regulamentadoras\">Leia mais<\/a><\/p>\n","protected":false},"author":2,"featured_media":0,"comment_status":"open","ping_status":"open","sticky":false,"template":"","format":"standard","meta":{"footnotes":""},"categories":[1],"tags":[],"class_list":["post-4507","post","type-post","status-publish","format-standard","hentry","category-sem-categoria"],"_links":{"self":[{"href":"https:\/\/blogdojuniorcavalcanti.com.br\/index.php\/wp-json\/wp\/v2\/posts\/4507","targetHints":{"allow":["GET"]}}],"collection":[{"href":"https:\/\/blogdojuniorcavalcanti.com.br\/index.php\/wp-json\/wp\/v2\/posts"}],"about":[{"href":"https:\/\/blogdojuniorcavalcanti.com.br\/index.php\/wp-json\/wp\/v2\/types\/post"}],"author":[{"embeddable":true,"href":"https:\/\/blogdojuniorcavalcanti.com.br\/index.php\/wp-json\/wp\/v2\/users\/2"}],"replies":[{"embeddable":true,"href":"https:\/\/blogdojuniorcavalcanti.com.br\/index.php\/wp-json\/wp\/v2\/comments?post=4507"}],"version-history":[{"count":1,"href":"https:\/\/blogdojuniorcavalcanti.com.br\/index.php\/wp-json\/wp\/v2\/posts\/4507\/revisions"}],"predecessor-version":[{"id":4508,"href":"https:\/\/blogdojuniorcavalcanti.com.br\/index.php\/wp-json\/wp\/v2\/posts\/4507\/revisions\/4508"}],"wp:attachment":[{"href":"https:\/\/blogdojuniorcavalcanti.com.br\/index.php\/wp-json\/wp\/v2\/media?parent=4507"}],"wp:term":[{"taxonomy":"category","embeddable":true,"href":"https:\/\/blogdojuniorcavalcanti.com.br\/index.php\/wp-json\/wp\/v2\/categories?post=4507"},{"taxonomy":"post_tag","embeddable":true,"href":"https:\/\/blogdojuniorcavalcanti.com.br\/index.php\/wp-json\/wp\/v2\/tags?post=4507"}],"curies":[{"name":"wp","href":"https:\/\/api.w.org\/{rel}","templated":true}]}}